{"id":26044,"date":"2024-03-30T12:05:00","date_gmt":"2024-03-30T11:05:00","guid":{"rendered":"https:\/\/www.radioribelle.it\/?p=26044"},"modified":"2024-03-29T13:57:17","modified_gmt":"2024-03-29T12:57:17","slug":"impossibilitati-a-presentare-interrogazioni","status":"publish","type":"post","link":"https:\/\/www.radioribelle.it\/index.php\/2024\/03\/30\/impossibilitati-a-presentare-interrogazioni\/","title":{"rendered":"Impossibilitati a presentare interrogazioni"},"content":{"rendered":"\n<div class=\"wp-block-image\"><figure class=\"alignleft size-full\"><img loading=\"lazy\" width=\"300\" height=\"168\" src=\"https:\/\/www.radioribelle.it\/wp-content\/uploads\/2022\/05\/marco-donati.jpg\" alt=\"\" class=\"wp-image-100\"\/><\/figure><\/div>\n\n\n\n<p>AREZZO &#8211;  Limitato il nostro potere di controllo sugli atti politico-amministrativi. E la maggioranza latita paurosamente\u201d \u201cPer l\u2019ennesima volta non ci \u00e8 stato consentito di presentare alcune interrogazioni durante il Consiglio Comunale. In particolare le nostre richieste di chiarimento sulle cause che hanno determinato l\u2019abbassamento del manto stradale in via Padre Caprara e le condizioni dell\u2019area di sosta in via Alessandro dal Borro.<\/p>\n\n\n\n<!--more-->\n\n\n\n<p>La presidenza del Consiglio Comunale, dopo aver concesso ai membri della Giunta un tempo maggiore rispetto a quello previsto dal regolamento, non ha permesso di esercitare le funzioni di cui parla l\u2019articolo 42 del testo unico dell\u2019ordinamento degli enti locali. Riteniamo particolarmente grave quanto accaduto in particolare per l\u2019interrogazione relativa a via Padre Caprara e alle dichiarazioni a mezzo stampa dell\u2019assessore Alessandro Casi, risalenti ormai a pi\u00f9 di due mesi fa e a oggi prive di riscontri reali. Abbiamo espresso il nostro disappunto alla presidenza durante una seduta caratterizzata per l\u2019ennesima volta dall\u2019assenza del sindaco Ghinelli. Un consiglio nel quale \u00e8 mancato nuovamente il numero legale sulla pratica relativa alla ex caserma Cadorna, con l\u2019assessore Francesca Lucherini lasciata in perfetta solitudine a presentare la pratica. Solo al secondo tentativo la maggioranza \u00e8 riuscita a raggiungere i numeri necessari per l\u2019approvazione. \u00c8 desolante constatare che la citt\u00e0, abbandonata a se stessa, \u00e8 amministrata da una maggioranza precaria ed \u00e8 priva di una guida\u201d.<\/p>\n","protected":false},"excerpt":{"rendered":"<p>AREZZO &#8211; Limitato il nostro potere di controllo sugli atti politico-amministrativi. E la maggioranza latita paurosamente\u201d \u201cPer l\u2019ennesima volta non ci \u00e8 stato consentito di presentare alcune interrogazioni durante il Consiglio Comunale. In particolare le nostre richieste di chiarimento sulle cause che hanno determinato l\u2019abbassamento del manto stradale in via Padre Caprara e le condizioni [&hellip;]<\/p>\n","protected":false},"author":1,"featured_media":0,"comment_status":"open","ping_status":"open","sticky":false,"template":"","format":"standard","meta":{"_joinchat":[]},"categories":[1],"tags":[],"_links":{"self":[{"href":"https:\/\/www.radioribelle.it\/index.php\/wp-json\/wp\/v2\/posts\/26044"}],"collection":[{"href":"https:\/\/www.radioribelle.it\/index.php\/wp-json\/wp\/v2\/posts"}],"about":[{"href":"https:\/\/www.radioribelle.it\/index.php\/wp-json\/wp\/v2\/types\/post"}],"author":[{"embeddable":true,"href":"https:\/\/www.radioribelle.it\/index.php\/wp-json\/wp\/v2\/users\/1"}],"replies":[{"embeddable":true,"href":"https:\/\/www.radioribelle.it\/index.php\/wp-json\/wp\/v2\/comments?post=26044"}],"version-history":[{"count":1,"href":"https:\/\/www.radioribelle.it\/index.php\/wp-json\/wp\/v2\/posts\/26044\/revisions"}],"predecessor-version":[{"id":26045,"href":"https:\/\/www.radioribelle.it\/index.php\/wp-json\/wp\/v2\/posts\/26044\/revisions\/26045"}],"wp:attachment":[{"href":"https:\/\/www.radioribelle.it\/index.php\/wp-json\/wp\/v2\/media?parent=26044"}],"wp:term":[{"taxonomy":"category","embeddable":true,"href":"https:\/\/www.radioribelle.it\/index.php\/wp-json\/wp\/v2\/categories?post=26044"},{"taxonomy":"post_tag","embeddable":true,"href":"https:\/\/www.radioribelle.it\/index.php\/wp-json\/wp\/v2\/tags?post=26044"}],"curies":[{"name":"wp","href":"https:\/\/api.w.org\/{rel}","templated":true}]}}