{"id":26625,"date":"2024-04-12T10:09:00","date_gmt":"2024-04-12T08:09:00","guid":{"rendered":"https:\/\/www.radioribelle.it\/?p=26625"},"modified":"2024-04-18T22:46:53","modified_gmt":"2024-04-18T20:46:53","slug":"moliere","status":"publish","type":"post","link":"https:\/\/www.radioribelle.it\/index.php\/2024\/04\/12\/moliere\/","title":{"rendered":"MOLI\u00c8RE"},"content":{"rendered":"\n<div class=\"wp-block-image\"><figure class=\"alignright size-large is-resized\"><img loading=\"lazy\" src=\"https:\/\/www.radioribelle.it\/wp-content\/uploads\/2024\/04\/093-VL-Moliere-2023-ph-Cristina-Andolcetti-4586-1_1280x854-1024x683.jpg\" alt=\"\" class=\"wp-image-26626\" width=\"288\" height=\"192\" srcset=\"https:\/\/www.radioribelle.it\/wp-content\/uploads\/2024\/04\/093-VL-Moliere-2023-ph-Cristina-Andolcetti-4586-1_1280x854-1024x683.jpg 1024w, https:\/\/www.radioribelle.it\/wp-content\/uploads\/2024\/04\/093-VL-Moliere-2023-ph-Cristina-Andolcetti-4586-1_1280x854-300x200.jpg 300w, https:\/\/www.radioribelle.it\/wp-content\/uploads\/2024\/04\/093-VL-Moliere-2023-ph-Cristina-Andolcetti-4586-1_1280x854-768x512.jpg 768w, https:\/\/www.radioribelle.it\/wp-content\/uploads\/2024\/04\/093-VL-Moliere-2023-ph-Cristina-Andolcetti-4586-1_1280x854-619x413.jpg 619w, https:\/\/www.radioribelle.it\/wp-content\/uploads\/2024\/04\/093-VL-Moliere-2023-ph-Cristina-Andolcetti-4586-1_1280x854.jpg 1280w\" sizes=\"(max-width: 288px) 100vw, 288px\" \/><\/figure><\/div>\n\n\n\n<p>FIRENZE  &#8211;  Progetto TEATRO URBANO 2024 \u2013 IV edizione Saloncino \u2018Paolo Poli\u2019 del Teatro della Pergola \u2013 Firenze 29 aprile 2024 ore 11* e ore 20  *riservato alle scuole Moli\u00e8re, il grande teatrante, l\u2019autore di commedie, l\u2019attore appassionato, sar\u00e0 il protagonista di un progetto e di uno spettacolo che guider\u00e0 il pubblico alla scoperta della vita e delle opere del grande drammaturgo francese.<\/p>\n\n\n\n<!--more-->\n\n\n\n<p>MOLI\u00c8RE \u00e8 parte di\u00a0TEATRO URBANO, un progetto di\u00a0Venti Lucenti, promosso da\u00a0 Fondazione CR Firenze\u00a0e\u00a0Fondazione Teatro della Toscana\u00a0e, anche nell\u2019edizione 2024, in collaborazione con la\u00a0Citt\u00e0 Metropolitana di Firenze. <em>Uno spettacolo\u00a0Venti Lucenti\u00a0in collaborazione con\u00a0Fondazione Teatro della Toscana<\/em> Regia, scrittura scenica e costumi\u00a0Manu Lalli<strong><br><\/strong>Scene\u00a0Daniele Leone Luci\u00a0Gianni Mirenda Attori\u00a0Luca Avagliano,\u00a0Chiara Casalbuoni,\u00a0Giorgia Tomasi,\u00a0Enrica Pecchioli,\u00a0 Enrico Rotoli,\u00a0Angelo Rea Attrezzeria e costumi realizzati da\u00a0Marco Burberi\u00a0e\u00a0Paola Pietri\u00a0 (Laboratorio Venti Lucenti \u00c8 Moli\u00e8re il protagonista dell\u2019edizione 2024 di TEATRO URBANO che, alla sua quarta edizione, si rinnova e arricchisce di iniziative <em>mosse dalla forte volont\u00e0 di aprire le porte del teatro e della cultura. <\/em><\/p>\n\n\n\n<p>TEATRO URBANO \u00e8 un progetto promosso da <a href=\"https:\/\/www.fondazionecrfirenze.it\/\">Fondazione CR Firenze<\/a> e <a href=\"https:\/\/www.teatrodellatoscana.it\/\">Fondazione Teatro della Toscana<\/a>, ideato e realizzato da <a href=\"http:\/\/www.ventilucenti.it\/\">Venti Lucenti<\/a>, e che anche in questa edizione \u00e8 realizzato in collaborazione con la <a href=\"https:\/\/www.cittametropolitana.fi.it\/\">Citt\u00e0 Metropolitana di Firenze<\/a>: un grande contenitore di attivit\u00e0 tutte rivolte alla creazione di un senso di appartenenza, un percorso di rinnovamento che si propone di diventare nel tempo un nuovo modo con il quale collaborare alla formazione permanente di tutti i cittadini, soprattutto dei giovani, utilizzando come centro propulsore il TEATRO. I laboratori e le attivit\u00e0 TEATRO URBANO sono sviluppati applicando il <u>Metodo di Teatro Inclusivo<\/u> di Venti Lucenti, sviluppato in oltre trent\u2019anni di attivit\u00e0, basato sulla messa in condivisione di temi che i bambini e i ragazzi possano sentire come propri e la realizzazione di spettacoli \u201cpartecipati\u201d nei quali, attraverso il lavoro a scuola, il teatro diventi un mezzo di divulgazione dei grandi temi della cultura. Nell\u2019edizione 2024 il progetto\u00a0<a href=\"https:\/\/www.ventilucenti.it\/teatro\/progetti-spettacolo-di-comunita-civile\/teatro-della-pergola\/teatro-urbano\/\">TEATRO URBANO<\/a>\u00a0si articola in due percorsi che si sviluppano attorno a Moli\u00e8re: il grande teatrante, l\u2019autore di commedie, l\u2019attore appassionato \u00e8, infatti, il soggetto del progetto e dello spettacolo di Venti Lucenti che guider\u00e0 il pubblico alla scoperta della sua vita e delle sue opere.<\/p>\n\n\n\n<p>PERGOLA PER TUTTI! \u2013 MOLI\u00c8RE<\/p>\n\n\n\n<p>Nato nel 2022, in occasione delle celebrazioni del 400\u00b0 anniversario della nascita del grande drammaturgo francese dal desiderio della Fondazione Teatro della Toscana e di Venti Lucenti di promuovere sempre pi\u00f9 capillarmente le attivit\u00e0 per la formazione culturale e del nuovo pubblico, si propone di contribuire all\u2019avvicinamento da parte dei ragazzi e delle famiglie al\u00a0Teatro di Prosa pi\u00f9 importante e antico della citt\u00e0\u00a0di Firenze e di\u00a0approfondire\u00a0la figura di Jean-Baptiste Poquelin, in arte Moli\u00e8re, restituendo, attraverso la partecipazione dei ragazzi coinvolti, prestigio e memoria ad uno dei principali simboli del teatro nel mondo. In questa edizione sono previste due recite, una riservata alle scuole e una aperta a tutti. La recita riservata alle scuole prevede una lezione di approfondimento a scuola, a cura dei formatori Venti Lucenti, e la visione \u201cpartecipata\u201d dello spettacolo <em>Moli\u00e8re<\/em> il 29 aprile ore 11 nel Saloncino \u2018Paolo Poli\u2019 del Teatro della Pergola: 130 studenti delle scuole di Firenze assisteranno allo spettacolo e parteciperanno attivamente dalla platea in alcuni momenti dello stesso.<\/p>\n\n\n\n<p>La recita serale del 29 aprile ore 20 \u00e8, invece, aperta a tutti, con ingresso gratuito su <a href=\"https:\/\/www.teatrodellatoscana.it\/it\/evento\/evento\/moliere-teatro-urbano-2024\">prenotazione<\/a> (fino ad esaurimento dei posti disponibili). PERGOLA PER TUTTI! \u2013 MOLI\u00c8RE \u201cMETROPOLITANO\u201d Il progetto \u201cMoli\u00e8re\u201d verr\u00e0 realizzato anche nell\u2019area metropolitana, in collaborazione con la Citt\u00e0 Metropolitana di Firenze, coinvolgendo un totale di 200 studenti delle scuole primarie del Comune di Marradi e del Comune di Reggello che riceveranno la formazione di Venti Lucenti e parteciperanno attivamente dalla platea durante lo spettacolo a loro riservato: 30 aprile ore 11 al Teatro degli Animosi di Marradi e il 2 maggio ore 11 al Teatro Excelsior di Reggello. Lo spettacolo MOLI\u00c8RE ha la scrittura scenica, la regia e i costumi di Manu Lalli, le scene di Daniele Leone e le luci di Gianni Mirenda. In scena, gli attori Luca Avagliano, Chiara Casalbuoni, Giorgia Tomasi, Enrico Rotoli, Enrica Pecchioli, Angelo Rea. Dichiara Manu Lalli, Direttore artistico e regista di Venti Lucenti:<em> \u201cIl senso di un progetto come Teatro Urbano, realizzato grazie alla lungimiranza dei nostri partner, il Teatro della Pergola e la Fondazione CR Firenze, e coadiuvato dalla partecipazione dei Comuni di Marradi e Reggello che hanno aderito a questa edizione, \u00e8 quello di riscoprire il teatro come luogo della citt\u00e0, un luogo che \u00e8 possibile vivere ed abitare in tanti modi. Le grandi figure della storia come quella di Moli\u00e8re diventano pretesto per la messinscena di una performance collettiva attraverso la quale il teatro diventa un luogo di appartenenza di tutti. Un luogo riscoperto e vissuto in prima persona dal pubblico e soprattutto dai bambini, veri protagonisti di questa iniziativa\u201d.<\/em><\/p>\n\n\n\n<p>Aggiunge Gabriele Gori, Direttore Generale di Fondazione CR Firenze<em>: \u201cSiamo convinti che per<\/em> <em>amare il teatro sia necessario conoscerlo e viverlo fin da piccoli. Non \u00e8 scontato che tutti i bambini<\/em> <em>e i ragazzi abbiano oggi questa grande opportunit\u00e0. Il progetto Moli\u00e8re va proprio in questa direzione avvicinando al teatro le giovani generazioni in maniera coinvolgente ed entusiasmante. Un linguaggio che siamo lieti possa essere anche aperto alla citt\u00e0 con una recita alla quale potranno partecipare tutti\u201d.<\/em><\/p>\n\n\n\n<p><em>\u201cIl progetto di Venti Lucenti ha il merito di rendere i giovani i veri protagonisti della produzione culturale. Il futuro del teatro &#8211; <\/em>afferma Tommaso Sacchi, Presidente della Fondazione Teatro della Toscana<em> &#8211; passa infatti necessariamente da un coinvolgimento delle nuove generazioni attraverso linguaggi contemporanei e modalit\u00e0 di fruizione innovative, nonch\u00e9 dalla tessitura di una rete capillare che includa le scuole e le comunit\u00e0 locali nel segno dell&#8217;arte e dell&#8217;approfondimento culturale\u201d.<\/em><\/p>\n\n\n\n<p>Adele Bartolini, Assessora alla Cultura e Istruzione del Comune di Reggello dichiara:&#8221;<em>Questo \u00e8 un bellissimo progetto che Venti Lucenti porta avanti da qualche anno ed \u00e8 per noi un vero onore essere tra i tre comuni scelti quest&#8217;anno per poter presentare lo spettacolo. Abbiamo fortemente voluto collaborare alla realizzazione di questo evento che d\u00e0 ai ragazzi ed alle ragazze della nostra scuola non solo l&#8217;opportunit\u00e0 di assistere ad un grande classico adattato e messo in scena da dei professionisti, ma anche di poter parlare in classe con gli attori e le attrici. Portare la cultura e la bellezza di ogni arte a scuola resta per la nostra amministrazione un punto fermo su cui impegnarsi costantemente<\/em>&#8220;.<\/p>\n\n\n\n<p>Conclude Maria Cristina Carrat\u00f9, Assessora alla Cultura del Comune di Marradi: \u201c<em>Il Comune di Marradi \u00e8 onorato di poter partecipare all&#8217;iniziativa di &#8221;coinvolgimento collettivo&#8221; promossa dal Teatro Urbano, che offre a bambini e ragazzi la straordinaria occasione di partecipare dal di dentro, e cio\u00e8 empaticamente e non solo da spettatori, all&#8217;esperienza teatrale, ed \u00e8 uno straordinario strumento educativo, un contributo decisivo alla formazione di adulti e cittadini pienamente attrezzati dal punto di vista culturale\u201d.<\/em><\/p>\n\n\n\n<p>Teatro degli Animosi \u2013 Marradi 30 aprile 2024 ore 11* Teatro Excelsior \u2013 Reggello<br>2 maggio 2024 ore 11*<\/p>\n","protected":false},"excerpt":{"rendered":"<p>FIRENZE &#8211; Progetto TEATRO URBANO 2024 \u2013 IV edizione Saloncino \u2018Paolo Poli\u2019 del Teatro della Pergola \u2013 Firenze 29 aprile 2024 ore 11* e ore 20 *riservato alle scuole Moli\u00e8re, il grande teatrante, l\u2019autore di commedie, l\u2019attore appassionato, sar\u00e0 il protagonista di un progetto e di uno spettacolo che guider\u00e0 il pubblico alla scoperta della [&hellip;]<\/p>\n","protected":false},"author":1,"featured_media":0,"comment_status":"open","ping_status":"open","sticky":false,"template":"","format":"standard","meta":{"_joinchat":[]},"categories":[1],"tags":[],"_links":{"self":[{"href":"https:\/\/www.radioribelle.it\/index.php\/wp-json\/wp\/v2\/posts\/26625"}],"collection":[{"href":"https:\/\/www.radioribelle.it\/index.php\/wp-json\/wp\/v2\/posts"}],"about":[{"href":"https:\/\/www.radioribelle.it\/index.php\/wp-json\/wp\/v2\/types\/post"}],"author":[{"embeddable":true,"href":"https:\/\/www.radioribelle.it\/index.php\/wp-json\/wp\/v2\/users\/1"}],"replies":[{"embeddable":true,"href":"https:\/\/www.radioribelle.it\/index.php\/wp-json\/wp\/v2\/comments?post=26625"}],"version-history":[{"count":1,"href":"https:\/\/www.radioribelle.it\/index.php\/wp-json\/wp\/v2\/posts\/26625\/revisions"}],"predecessor-version":[{"id":26627,"href":"https:\/\/www.radioribelle.it\/index.php\/wp-json\/wp\/v2\/posts\/26625\/revisions\/26627"}],"wp:attachment":[{"href":"https:\/\/www.radioribelle.it\/index.php\/wp-json\/wp\/v2\/media?parent=26625"}],"wp:term":[{"taxonomy":"category","embeddable":true,"href":"https:\/\/www.radioribelle.it\/index.php\/wp-json\/wp\/v2\/categories?post=26625"},{"taxonomy":"post_tag","embeddable":true,"href":"https:\/\/www.radioribelle.it\/index.php\/wp-json\/wp\/v2\/tags?post=26625"}],"curies":[{"name":"wp","href":"https:\/\/api.w.org\/{rel}","templated":true}]}}