{"id":26854,"date":"2024-04-26T08:32:00","date_gmt":"2024-04-26T06:32:00","guid":{"rendered":"https:\/\/www.radioribelle.it\/?p=26854"},"modified":"2024-04-24T13:34:02","modified_gmt":"2024-04-24T11:34:02","slug":"soggiorni-marini-per-anziani","status":"publish","type":"post","link":"https:\/\/www.radioribelle.it\/index.php\/2024\/04\/26\/soggiorni-marini-per-anziani\/","title":{"rendered":"SOGGIORNI MARINI PER ANZIANI"},"content":{"rendered":"\n<div class=\"wp-block-image\"><figure class=\"alignleft size-full\"><img loading=\"lazy\" width=\"301\" height=\"168\" src=\"https:\/\/www.radioribelle.it\/wp-content\/uploads\/2024\/04\/soggiorno.jpeg\" alt=\"\" class=\"wp-image-26855\"\/><\/figure><\/div>\n\n\n\n<p>\u00a0L\u2019Amministrazione Comunale organizza anche per l\u2019anno 2024 i soggiorni climatici marini rivolti agli anziani residenti nel Comune di Citt\u00e0 di Castello, con lo scopo di favorire l&#8217;organizzazione e la realizzazione di momenti di integrazione sociale dei soggetti appartenenti alla terza et\u00e0, in un ambiente protetto e a misura di persona<\/p>\n\n\n\n<!--more-->\n\n\n\n<p>\u00a0I soggiorni sono strutturati in 1 unico turno da due settimane, nel mese di giugno dall\u2019 8 al 22 giugno a Cattolica con possibilit\u00e0 di scelta tra 3 hotel, tutti comprendenti pensione \u00a0completa. \u00a0Il Comune ha previsto un servizio di assistenza\/accompagnamento fornito dalla Cooperativa \u201cLa Rondine\u201d che metter\u00e0 a disposizione 2 operatori per rispondere a tutte le esigenze che si presenteranno. Sar\u00e0 a disposizione anche un autobus per l\u2019andata e ritorno che partir\u00e0 dal parcheggio dell\u2019Ansa del Tevere sabato 8 giugno.\u00a0L\u2019invito a partecipare \u00e8 rivolto a tutti i cittadini anziani residenti nel Comune di Citt\u00e0 di Castello con possibilit\u00e0 di portare con s\u00e9 anche i nipoti. Chi ne voglia usufruire potr\u00e0 rivolgersi presso il Segretariato Sociale del comune in piazza Fanti, 075\/8529378 e 075\/8529438, \u00a0portando con s\u00e9 il documento di identit\u00e0 e compilando lo specifico modulo di domanda. Con questa ulteriore attivit\u00e0 l\u2019Amministrazione comunale intendono focalizzare l\u2019attenzione nei confronti di una fascia di et\u00e0 debole della popolazione perch\u00e9 \u201cvivere pi\u00f9 a lungo deve poter coincidere con la garanzia di vivere in modo sano e dignitoso\u201d evitando fenomeni di ritiro sociale, esclusione dalle relazioni familiari, amicali, e del vicinato. E\u2019 noto infatti che i contatti sociali hanno un ruolo fondamentale nel contribuire alla qualit\u00e0 della vita, non solo in termini di mantenimento in salute, ma anche nel mantenere il senso di appartenenza alla collettivit\u00e0.<\/p>\n","protected":false},"excerpt":{"rendered":"<p>\u00a0L\u2019Amministrazione Comunale organizza anche per l\u2019anno 2024 i soggiorni climatici marini rivolti agli anziani residenti nel Comune di Citt\u00e0 di Castello, con lo scopo di favorire l&#8217;organizzazione e la realizzazione di momenti di integrazione sociale dei soggetti appartenenti alla terza et\u00e0, in un ambiente protetto e a misura di persona<\/p>\n","protected":false},"author":1,"featured_media":0,"comment_status":"open","ping_status":"open","sticky":false,"template":"","format":"standard","meta":{"_joinchat":[]},"categories":[1],"tags":[],"_links":{"self":[{"href":"https:\/\/www.radioribelle.it\/index.php\/wp-json\/wp\/v2\/posts\/26854"}],"collection":[{"href":"https:\/\/www.radioribelle.it\/index.php\/wp-json\/wp\/v2\/posts"}],"about":[{"href":"https:\/\/www.radioribelle.it\/index.php\/wp-json\/wp\/v2\/types\/post"}],"author":[{"embeddable":true,"href":"https:\/\/www.radioribelle.it\/index.php\/wp-json\/wp\/v2\/users\/1"}],"replies":[{"embeddable":true,"href":"https:\/\/www.radioribelle.it\/index.php\/wp-json\/wp\/v2\/comments?post=26854"}],"version-history":[{"count":1,"href":"https:\/\/www.radioribelle.it\/index.php\/wp-json\/wp\/v2\/posts\/26854\/revisions"}],"predecessor-version":[{"id":26856,"href":"https:\/\/www.radioribelle.it\/index.php\/wp-json\/wp\/v2\/posts\/26854\/revisions\/26856"}],"wp:attachment":[{"href":"https:\/\/www.radioribelle.it\/index.php\/wp-json\/wp\/v2\/media?parent=26854"}],"wp:term":[{"taxonomy":"category","embeddable":true,"href":"https:\/\/www.radioribelle.it\/index.php\/wp-json\/wp\/v2\/categories?post=26854"},{"taxonomy":"post_tag","embeddable":true,"href":"https:\/\/www.radioribelle.it\/index.php\/wp-json\/wp\/v2\/tags?post=26854"}],"curies":[{"name":"wp","href":"https:\/\/api.w.org\/{rel}","templated":true}]}}