{"id":27067,"date":"2024-04-30T17:29:00","date_gmt":"2024-04-30T15:29:00","guid":{"rendered":"https:\/\/www.radioribelle.it\/?p=27067"},"modified":"2024-04-30T16:32:10","modified_gmt":"2024-04-30T14:32:10","slug":"rosso-abreazione-emotiva-dellanima","status":"publish","type":"post","link":"https:\/\/www.radioribelle.it\/index.php\/2024\/04\/30\/rosso-abreazione-emotiva-dellanima\/","title":{"rendered":"Rosso abreazione emotiva dell\u2019anima"},"content":{"rendered":"\n<div class=\"wp-block-image\"><figure class=\"alignleft size-full is-resized\"><img loading=\"lazy\" src=\"https:\/\/www.radioribelle.it\/wp-content\/uploads\/2024\/04\/opera-Gastone-Torini.jpg\" alt=\"\" class=\"wp-image-27068\" width=\"294\" height=\"213\" srcset=\"https:\/\/www.radioribelle.it\/wp-content\/uploads\/2024\/04\/opera-Gastone-Torini.jpg 1000w, https:\/\/www.radioribelle.it\/wp-content\/uploads\/2024\/04\/opera-Gastone-Torini-300x218.jpg 300w, https:\/\/www.radioribelle.it\/wp-content\/uploads\/2024\/04\/opera-Gastone-Torini-768x558.jpg 768w, https:\/\/www.radioribelle.it\/wp-content\/uploads\/2024\/04\/opera-Gastone-Torini-619x449.jpg 619w\" sizes=\"(max-width: 294px) 100vw, 294px\" \/><\/figure><\/div>\n\n\n\n<p>POPPI (AR) \u2013 Dal 4 al 31 maggio 2024 il\u00a0Castello dei Conti Guidi, in piazza della Repubblica 1 a Poppi (AR), celebra l\u2019arte di\u00a0Gastone Torini\u00a0(1928-2007) con la mostra di pittura\u00a0<em>\u201cRosso abreazione emotiva dell\u2019anima\u201d<\/em>.&#8221; Nel Castello di Poppi una mostra che celebra l\u2019arte di Gastone Torini. Sabato 4 maggio l\u2019inaugurazione ufficiale alla presenza di Vittorio Sgarbi<\/p>\n\n\n\n<!--more-->\n\n\n\n<p>Sabato 4 maggio, alle ore 18, l\u2019inaugurazione alla presenza delle autorit\u00e0 e di\u00a0Vittorio Sgarbi, autore della prefazione del catalogo pubblicato da\u00a0Edizioni Helicon\u00a0che accompagna l\u2019esposizione. L\u2019evento, patrocinato dal\u00a0Comune di Poppi, sar\u00e0 visitabile dal luned\u00ec al gioved\u00ec con orario 10-19 e dal venerd\u00ec alla domenica con orario 10-20.<\/p>\n\n\n\n<p>LA MOSTRA Poppi omaggia un suo figlio illustre,\u00a0Gastone Torini, e lo fa nel magnifico scenario del Castello dei Conti Guidi, uno dei simboli del Casentino. Tutta la carriera del pittore toscano fu scandita da grandi incontri che contribuirono ad arricchire il suo bagaglio artistico e umano. Fin da giovanissimo venne introdotto nella bottega fiorentina di\u00a0Ottone Rosai, dove conobbe figure come\u00a0Carlo Carr\u00e0,\u00a0Ardengo Soffici,\u00a0Giovanni Papini\u00a0e\u00a0Lorenzo Viani. Nel 1948 entr\u00f2 in contatto con\u00a0Antonio Ligabue. Quel primo periodo influenz\u00f2 la sua pittura degli anni Cinquanta, in cui l\u2019artista affront\u00f2 principalmente il tema del paesaggio. Nel 1960 arriv\u00f2 una prima svolta, grazie all\u2019amicizia con il colto senatore ferrarese\u00a0Mario Roffi, che convinse Torini a diventare artista a tempo pieno. Trasferitosi a Milano, il pittore studi\u00f2 all\u2019Accademia di Brera con\u00a0Aldo Carpi\u00a0e frequent\u00f2 l\u2019atelier di\u00a0Pino Ponti, dove ebbe l\u2019opportunit\u00e0 di conoscere\u00a0Max Ernst,\u00a0Salvatore Quasimodo\u00a0e\u00a0Lucio Fontana. Gli anni Sessanta furono connotati da forti crisi identitarie, indagini che virarono anche verso l\u2019astratto e l\u2019attenta osservazione delle avanguardie, alla costante ricerca di un linguaggio personale. A partire dagli anni Settanta il colore rosso si elev\u00f2 a elemento distintivo del linguaggio dell\u2019artista. Ancora oggi quella fase, come osserva\u00a0<strong>Vittorio Sgarbi<\/strong>\u00a0nella prefazione del catalogo che accompagna la mostra, \u201c<em>ci consente di riconoscere una personalit\u00e0 autentica e tormentata, tra Milano e il Casentino\u201d<\/em>.Gli anni Ottanta, epoca di profonde riflessioni e inquietudini, portarono a una nuova maturazione stilistica di Torini, nel segno di una pittura fortemente espressionista acclamata da pubblico e critica. <em>La forza degli animali in una natura insidiosa che prende la sua luce da loro. I cieli rossi dopo una tempesta che accende i sensi e agita le belve. Tira un\u2019aria infernale come potrebbe immaginarla un illustratore della Divina Commedia<\/em>\u00a0\u2013 scrive\u00a0<strong>Vittorio Sgarbi\u00a0<\/strong>a proposito di alcune opere esposte. \u2013\u00a0<em>Cariche di cavalli e tori in branco, come una forza bruta, avanzano verso di noi, metafora di violenza e di guerra cui non \u00e8 umanamente possibile resistere\u201d<\/em>. Nel corso della sua carriera, il pittore di Poppi tenne numerose mostre personali e collettive in Italia e all\u2019estero, ottenendo grandi consensi. Il suo curriculum vitae \u00e8 conservato nell\u2019Archivio Storico della Biennale di Venezia e i suoi lavori si trovano in collezioni private e pubbliche.Gastone Torini mor\u00ec ad Arezzo nel 2007 ed \u00e8 oggi ricordato come una delle figure artistiche pi\u00f9 interessanti del secondo Novecento toscano.<\/p>\n","protected":false},"excerpt":{"rendered":"<p>POPPI (AR) \u2013 Dal 4 al 31 maggio 2024 il\u00a0Castello dei Conti Guidi, in piazza della Repubblica 1 a Poppi (AR), celebra l\u2019arte di\u00a0Gastone Torini\u00a0(1928-2007) con la mostra di pittura\u00a0\u201cRosso abreazione emotiva dell\u2019anima\u201d.&#8221; Nel Castello di Poppi una mostra che celebra l\u2019arte di Gastone Torini. Sabato 4 maggio l\u2019inaugurazione ufficiale alla presenza di Vittorio Sgarbi<\/p>\n","protected":false},"author":1,"featured_media":0,"comment_status":"open","ping_status":"open","sticky":false,"template":"","format":"standard","meta":{"_joinchat":[]},"categories":[1],"tags":[],"_links":{"self":[{"href":"https:\/\/www.radioribelle.it\/index.php\/wp-json\/wp\/v2\/posts\/27067"}],"collection":[{"href":"https:\/\/www.radioribelle.it\/index.php\/wp-json\/wp\/v2\/posts"}],"about":[{"href":"https:\/\/www.radioribelle.it\/index.php\/wp-json\/wp\/v2\/types\/post"}],"author":[{"embeddable":true,"href":"https:\/\/www.radioribelle.it\/index.php\/wp-json\/wp\/v2\/users\/1"}],"replies":[{"embeddable":true,"href":"https:\/\/www.radioribelle.it\/index.php\/wp-json\/wp\/v2\/comments?post=27067"}],"version-history":[{"count":1,"href":"https:\/\/www.radioribelle.it\/index.php\/wp-json\/wp\/v2\/posts\/27067\/revisions"}],"predecessor-version":[{"id":27069,"href":"https:\/\/www.radioribelle.it\/index.php\/wp-json\/wp\/v2\/posts\/27067\/revisions\/27069"}],"wp:attachment":[{"href":"https:\/\/www.radioribelle.it\/index.php\/wp-json\/wp\/v2\/media?parent=27067"}],"wp:term":[{"taxonomy":"category","embeddable":true,"href":"https:\/\/www.radioribelle.it\/index.php\/wp-json\/wp\/v2\/categories?post=27067"},{"taxonomy":"post_tag","embeddable":true,"href":"https:\/\/www.radioribelle.it\/index.php\/wp-json\/wp\/v2\/tags?post=27067"}],"curies":[{"name":"wp","href":"https:\/\/api.w.org\/{rel}","templated":true}]}}