{"id":27299,"date":"2024-05-06T13:37:00","date_gmt":"2024-05-06T11:37:00","guid":{"rendered":"https:\/\/www.radioribelle.it\/?p=27299"},"modified":"2024-05-06T12:02:17","modified_gmt":"2024-05-06T10:02:17","slug":"green-city-accord-arezzo","status":"publish","type":"post","link":"https:\/\/www.radioribelle.it\/index.php\/2024\/05\/06\/green-city-accord-arezzo\/","title":{"rendered":"GREEN CITY ACCORD AREZZO"},"content":{"rendered":"\n<div class=\"wp-block-image\"><figure class=\"alignleft size-large is-resized\"><img loading=\"lazy\" src=\"https:\/\/www.radioribelle.it\/wp-content\/uploads\/2024\/05\/acqua_1280x554-1024x443.jpg\" alt=\"\" class=\"wp-image-27301\" width=\"377\" height=\"163\" srcset=\"https:\/\/www.radioribelle.it\/wp-content\/uploads\/2024\/05\/acqua_1280x554-1024x443.jpg 1024w, https:\/\/www.radioribelle.it\/wp-content\/uploads\/2024\/05\/acqua_1280x554-300x130.jpg 300w, https:\/\/www.radioribelle.it\/wp-content\/uploads\/2024\/05\/acqua_1280x554-768x332.jpg 768w, https:\/\/www.radioribelle.it\/wp-content\/uploads\/2024\/05\/acqua_1280x554-619x268.jpg 619w, https:\/\/www.radioribelle.it\/wp-content\/uploads\/2024\/05\/acqua_1280x554.jpg 1280w\" sizes=\"(max-width: 377px) 100vw, 377px\" \/><\/figure><\/div>\n\n\n\n<p><em>Arezzo<\/em> <em>ACQUA, NATURA E BIODIVERSIT\u00c0<\/em> APPUNTAMENTO GIOVED\u00cc 9 MAGGIO PRESSO IL CREA Nuovo appuntamento nell\u2019ambito del percorso partecipativo propedeutico alla stesura del piano di azione finalizzato a realizzare gli obiettivi del Green City Accord a cui il Comune di Arezzo ha aderito. Il documento impegna le citt\u00e0 europee firmatarie a rendere le aree urbane pi\u00f9 sane, pi\u00f9 verdi e pi\u00f9 pulite.<\/p>\n\n\n\n<!--more-->\n\n\n\n<p>Tra le tematiche individuate per progettare le citt\u00e0 del futuro, ovvero qualit\u00e0 dell\u2019aria, rumore, acqua, natura, biodiversit\u00e0, economia circolare e rifiuti, gioved\u00ec 9 maggio alle 15 presso il CREA, in viale Santa Margherita 80, sar\u00e0 la volta di: <em>Acqua, Natura e Biodiversit\u00e0<\/em>.\u00a0Un\u2019opportunit\u00e0 per esplorare le sfide legate alla gestione sostenibile nelle citt\u00e0 di queste risorse, promuovendo altres\u00ec il dialogo e lo scambio di buone pratiche tra esperti e stakeholder locali. L\u2019incontro sar\u00e0 moderato da\u00a0Francesco Chianucci\u00a0del CREA e\u00a0Rudy Becciolini, presidente dell\u2019Ordine dei Dottori Agronomi e Forestali di Arezzo e vicepresidente della\u00a0Federazione degli Ordini dei Dottori Agronomi e Dottori Forestali Toscana.\u00a0Parteciperanno\u00a0Alfredo Strazzullo\u00a0(Comune di Arezzo),\u00a0Giovanni Trentanovi\u00a0(CNR),\u00a0Alessia Portaccio\u00a0(Universit\u00e0 di Padova),\u00a0Alessandro Campanaro\u00a0(CREA).\u00a0 Gli interventi si concentreranno su vari aspetti, come lo stato del verde nel territorio comunale, la rigenerazione urbana e la natura spontanea, il monitoraggio della biodiversit\u00e0 dell\u2019avifauna nelle aree urbane e periurbane e il ruolo della<em> citizen science<\/em>. \u00abL\u2019Ordine dei Dottori Agronomi e Forestali di Arezzo condivide i valori che ispirano il Green City Accord e attraverso il lavoro quotidiano degli iscritti \u00e8 in prima linea nella promozione di pratiche ambientali responsabili, nella progettazione e gestione del verde urbano e nella tutela del patrimonio naturale\u00bb\u00a0ha commentato Becciolini, invitando a partecipare all&#8217;incontro.\u00a0<\/p>\n","protected":false},"excerpt":{"rendered":"<p>Arezzo ACQUA, NATURA E BIODIVERSIT\u00c0 APPUNTAMENTO GIOVED\u00cc 9 MAGGIO PRESSO IL CREA Nuovo appuntamento nell\u2019ambito del percorso partecipativo propedeutico alla stesura del piano di azione finalizzato a realizzare gli obiettivi del Green City Accord a cui il Comune di Arezzo ha aderito. Il documento impegna le citt\u00e0 europee firmatarie a rendere le aree urbane pi\u00f9 [&hellip;]<\/p>\n","protected":false},"author":1,"featured_media":0,"comment_status":"open","ping_status":"open","sticky":false,"template":"","format":"standard","meta":{"_joinchat":[]},"categories":[1],"tags":[],"_links":{"self":[{"href":"https:\/\/www.radioribelle.it\/index.php\/wp-json\/wp\/v2\/posts\/27299"}],"collection":[{"href":"https:\/\/www.radioribelle.it\/index.php\/wp-json\/wp\/v2\/posts"}],"about":[{"href":"https:\/\/www.radioribelle.it\/index.php\/wp-json\/wp\/v2\/types\/post"}],"author":[{"embeddable":true,"href":"https:\/\/www.radioribelle.it\/index.php\/wp-json\/wp\/v2\/users\/1"}],"replies":[{"embeddable":true,"href":"https:\/\/www.radioribelle.it\/index.php\/wp-json\/wp\/v2\/comments?post=27299"}],"version-history":[{"count":1,"href":"https:\/\/www.radioribelle.it\/index.php\/wp-json\/wp\/v2\/posts\/27299\/revisions"}],"predecessor-version":[{"id":27302,"href":"https:\/\/www.radioribelle.it\/index.php\/wp-json\/wp\/v2\/posts\/27299\/revisions\/27302"}],"wp:attachment":[{"href":"https:\/\/www.radioribelle.it\/index.php\/wp-json\/wp\/v2\/media?parent=27299"}],"wp:term":[{"taxonomy":"category","embeddable":true,"href":"https:\/\/www.radioribelle.it\/index.php\/wp-json\/wp\/v2\/categories?post=27299"},{"taxonomy":"post_tag","embeddable":true,"href":"https:\/\/www.radioribelle.it\/index.php\/wp-json\/wp\/v2\/tags?post=27299"}],"curies":[{"name":"wp","href":"https:\/\/api.w.org\/{rel}","templated":true}]}}