{"id":27309,"date":"2024-05-11T15:14:00","date_gmt":"2024-05-11T13:14:00","guid":{"rendered":"https:\/\/www.radioribelle.it\/?p=27309"},"modified":"2024-05-13T16:50:45","modified_gmt":"2024-05-13T14:50:45","slug":"aumento-tari-ad-arezzo-ma-i-servizi-restano-scadenti","status":"publish","type":"post","link":"https:\/\/www.radioribelle.it\/index.php\/2024\/05\/11\/aumento-tari-ad-arezzo-ma-i-servizi-restano-scadenti\/","title":{"rendered":"Aumento Tari ad Arezzo ma i servizi restano scadenti"},"content":{"rendered":"\n<div class=\"wp-block-image\"><figure class=\"alignright size-full\"><img loading=\"lazy\" width=\"302\" height=\"167\" src=\"https:\/\/www.radioribelle.it\/wp-content\/uploads\/2024\/05\/tari.jpg\" alt=\"\" class=\"wp-image-27310\" srcset=\"https:\/\/www.radioribelle.it\/wp-content\/uploads\/2024\/05\/tari.jpg 302w, https:\/\/www.radioribelle.it\/wp-content\/uploads\/2024\/05\/tari-300x166.jpg 300w\" sizes=\"(max-width: 302px) 100vw, 302px\" \/><\/figure><\/div>\n\n\n\n<p> la zona dell\u2019inceneritore continua a puzzare e la raccolta differenziata \u00e8 ferma al palo. <em>Il Sindaco candidato in Europa e la vicesindaca candidata in pectore per le prossime amministrative dicano qualcosa ai cittadini e alle cittadine<\/em>  <em>Dichiarazione Francesco Romizi, Capogruppo Arezzo 2020, Consiglio Comunale Arezzo<\/em><\/p>\n\n\n\n<!--more-->\n\n\n\n<p>\u201cLa Tari aumenta per i cittadini di Arezzo del 5% ma i servizi di raccolta e smaltimento dei rifiuti non migliorano. Perch\u00e9 si registra annualmente questo cortocircuito? La tradizionale raccolta stradale non permette ai rifiuti di diventare una potenziale risorsa, cosa che invece accadrebbe con un\u2019adeguata valorizzazione della raccolta differenziata porta a porta. Che l\u2019attuale amministrazione creda poco a questa modalit\u00e0 lo dimostra il fatto che laddove \u00e8 stata introdotta il servizio resta comunque insufficiente. Arezzo inoltre, come noto, \u00e8 sede d\u2019impianto: di questo, si ragiona oramai in termini di espansione, sia per la termovalorizzazione che per il compostaggio. Di conseguenza si attraggono sempre pi\u00f9 rifiuti sia indifferenziati che organici ben al di l\u00e0 dei confini provinciali. I cittadini di San Zeno, Poggiola e Chiani ne sanno qualcosa. A proposito di queste frazioni, un\u2019indagine epidemiologica e scientifica condotta alcuni anni fa aveva evidenziato la presenza di criticit\u00e0 ambientali e sanitarie e invitato le amministrazioni a un contenimento degli impatti. Adesso, si prefigura invece il contrario. E le conseguenze non sono solo legate ai cattivi odori ma all\u2019aumento del rumore, del traffico e di conseguenza dell\u2019inquinamento da anidride carbonica. Il Comune di Arezzo avrebbe una risorsa, in qualit\u00e0 di sede d\u2019 impianto, ovvero l\u2019indennit\u00e0 di disagio ambientale pari a circa 750.000 euro. Perch\u00e9 non la destina a interventi di mitigazione e miglioramento ambientale delle zone che subiscono la presenza del termovalorizzatore? Insomma, nonostante i propositi sbandierati e al di l\u00e0 della Tari, che comunque pesa di pi\u00f9 sulle tasche degli aretini grazie anche ai voti di un\u2019Ato a trazione centro-destra e a guida Ghinelli, sono le politiche ambientali di questa amministrazione nel loro complesso a dimostrare la loro inadeguatezza e a confermare che in questi anni da parte della giunta \u00e8 stata fatta solo propaganda\u201d.<\/p>\n","protected":false},"excerpt":{"rendered":"<p>la zona dell\u2019inceneritore continua a puzzare e la raccolta differenziata \u00e8 ferma al palo. Il Sindaco candidato in Europa e la vicesindaca candidata in pectore per le prossime amministrative dicano qualcosa ai cittadini e alle cittadine Dichiarazione Francesco Romizi, Capogruppo Arezzo 2020, Consiglio Comunale Arezzo<\/p>\n","protected":false},"author":1,"featured_media":0,"comment_status":"open","ping_status":"open","sticky":false,"template":"","format":"standard","meta":{"_joinchat":[]},"categories":[1],"tags":[],"_links":{"self":[{"href":"https:\/\/www.radioribelle.it\/index.php\/wp-json\/wp\/v2\/posts\/27309"}],"collection":[{"href":"https:\/\/www.radioribelle.it\/index.php\/wp-json\/wp\/v2\/posts"}],"about":[{"href":"https:\/\/www.radioribelle.it\/index.php\/wp-json\/wp\/v2\/types\/post"}],"author":[{"embeddable":true,"href":"https:\/\/www.radioribelle.it\/index.php\/wp-json\/wp\/v2\/users\/1"}],"replies":[{"embeddable":true,"href":"https:\/\/www.radioribelle.it\/index.php\/wp-json\/wp\/v2\/comments?post=27309"}],"version-history":[{"count":1,"href":"https:\/\/www.radioribelle.it\/index.php\/wp-json\/wp\/v2\/posts\/27309\/revisions"}],"predecessor-version":[{"id":27311,"href":"https:\/\/www.radioribelle.it\/index.php\/wp-json\/wp\/v2\/posts\/27309\/revisions\/27311"}],"wp:attachment":[{"href":"https:\/\/www.radioribelle.it\/index.php\/wp-json\/wp\/v2\/media?parent=27309"}],"wp:term":[{"taxonomy":"category","embeddable":true,"href":"https:\/\/www.radioribelle.it\/index.php\/wp-json\/wp\/v2\/categories?post=27309"},{"taxonomy":"post_tag","embeddable":true,"href":"https:\/\/www.radioribelle.it\/index.php\/wp-json\/wp\/v2\/tags?post=27309"}],"curies":[{"name":"wp","href":"https:\/\/api.w.org\/{rel}","templated":true}]}}