{"id":28070,"date":"2024-05-30T17:30:00","date_gmt":"2024-05-30T15:30:00","guid":{"rendered":"https:\/\/www.radioribelle.it\/?p=28070"},"modified":"2024-05-29T16:25:24","modified_gmt":"2024-05-29T14:25:24","slug":"attivate-le-centrali-operative-territoriali-cot-distrettuali-a-cesena-cesenatico-e-savignano-sul-rubicone","status":"publish","type":"post","link":"https:\/\/www.radioribelle.it\/index.php\/2024\/05\/30\/attivate-le-centrali-operative-territoriali-cot-distrettuali-a-cesena-cesenatico-e-savignano-sul-rubicone\/","title":{"rendered":"Attivate le Centrali Operative Territoriali (COT) distrettuali a Cesena, Cesenatico e Savignano sul Rubicone."},"content":{"rendered":"\n<div class=\"wp-block-image\"><figure class=\"alignleft size-large is-resized\"><img loading=\"lazy\" src=\"https:\/\/www.radioribelle.it\/wp-content\/uploads\/2024\/05\/equipe-cot-cesena-cesenatico-savignano2-1024x767.jpg\" alt=\"\" class=\"wp-image-28071\" width=\"282\" height=\"211\" srcset=\"https:\/\/www.radioribelle.it\/wp-content\/uploads\/2024\/05\/equipe-cot-cesena-cesenatico-savignano2-1024x767.jpg 1024w, https:\/\/www.radioribelle.it\/wp-content\/uploads\/2024\/05\/equipe-cot-cesena-cesenatico-savignano2-300x225.jpg 300w, https:\/\/www.radioribelle.it\/wp-content\/uploads\/2024\/05\/equipe-cot-cesena-cesenatico-savignano2-768x575.jpg 768w, https:\/\/www.radioribelle.it\/wp-content\/uploads\/2024\/05\/equipe-cot-cesena-cesenatico-savignano2-619x464.jpg 619w, https:\/\/www.radioribelle.it\/wp-content\/uploads\/2024\/05\/equipe-cot-cesena-cesenatico-savignano2.jpg 1065w\" sizes=\"(max-width: 282px) 100vw, 282px\" \/><\/figure><\/div>\n\n\n\n<p>Sintoni e Ceccarelli: \u201cUlteriore significativo passo nello sviluppo e potenziamento della rete di assistenza di prossimit\u00e0\u201d Un ulteriore rafforzamento dell\u2019integrazione tra professionisti e maggiore prossimit\u00e0 per garantire al cittadino una presa in carico coordinata, tempestiva e globale. E\u2019 ci\u00f2 a cui puntano\u00a0le 3 nuove Centrali Operative Territoriali (COT) distrettuali di Cesena, Cesenatico e Savignano sul Rubicone\u00a0in funzione da oggi luned\u00ec 27 maggio, garantendo una risposta per tutto il territorio dell\u2019Unione Cesena Valle Savio e dell\u2019Unione Rubicone Mare<\/p>\n\n\n\n<!--more-->\n\n\n\n<p>Il modello organizzativo (11 quelle pianificate dalla AUSL della Romagna,\u00a0di norma una per Distretto ad eccezione di alcuni distretti che in relazione al contesto oro-geografico ne avranno un numero superiore)\u00a0trova le sue radici all\u2019interno del DM 77 e conferma nella recente DRG 796 della nostra Regione &#8211; norme che illustrano il potenziamento dell\u2019assistenza territoriale &#8211; rappresentando la chiave per l\u2019integrazione interna tra la filiera dei servizi e i professionisti coinvolti nei diversi luoghi e livelli di cura, assicurando\u00a0continuit\u00e0, accessibilit\u00e0 e complementariet\u00e0 dell\u2019assistenza sanitaria e sociosanitaria. La COT garantisce una visione completa dello stato di salute del cittadino, cos\u00ec da permettere ai singoli professionisti coinvolti nei diversi gradi di cura di interagire e decidere gli interventi pi\u00f9 appropriati: questo consente decisioni tempestive nel rispetto dell\u2019appropriatezza delle risorse impiegate, oltre ad aumentare la condivisione e l\u2019integrazione con i medici di medicina generale, i pediatri di libera scelta e in generale con tutti i nodi della rete territoriale e ospedaliera. La COT del Distretto di Cesena \u00e8 situata presso la struttura territoriale di Corso Cavour 180, al primo piano della palazzina recentemente ristrutturata. Nel Distretto del Rubicone sono presenti due COT: la Centrale distrettuale\u00a0di Cesenatico \u00e8 collocata al piano terra della Casa della Comunit\u00e0 della Costa in via Abba 102, la Centrale distrettuale di Savignano si trova presso la Casa della Comunit\u00e0 Rubicone in Corso Perticari 119. Tutte le strutture hanno richiesto interventi di manutenzione straordinaria realizzati dall\u2019Ufficio Attivit\u00e0 Tecniche (Cesena costo 253.700 euro, Cesenatico costo 152.500 euro, Savignano costo 152.500 euro, finanziati da fondi PNRR Missione 6 Salute). Le COT sono operative dal luned\u00ec al venerd\u00ec, dalle ore 8 alle 15 (la COT di Cesena garantir\u00e0 l\u2019apertura anche il sabato mattina dalle 8 alle 14) e a svolgere il servizio sono professionisti adeguatamente formati alla risposta telefonica con funzione di triage, come pure alle valutazioni multidimensionali d\u2019equipe e alla progettazione degli interventi. \u201cL\u2019attivazione nei tempi previsti delle COT\u00a0distrettuali di Cesena, Cesenatico e Savignano sul Rubicone \u00e8 un\u2019ulteriore conferma del grande investimento dell\u2019AUSL Romagna sul potenziamento dei servizi territoriali \u2013 sottolineano\u00a0<em>Paola Ceccarelli,\u00a0Direttore del Distretto\u00a0di Cesena Valle Savio e Francesco Sintoni, Direttore del Distretto Rubicone<\/em>\u00a0\u2013 con nuove forme di coordinamento tra i professionisti nella presa in carico delle persone e nel raccordo tra servizi nei diversi setting assistenziali. Cos\u00ec come i CAU e le Case di Comunit\u00e0, le COT si inseriscono nell\u2019ambito dello sviluppo della rete dei servizi del territorio per far s\u00ec che la prima opzione di cura e di assistenza sia quella in prossimit\u00e0 del domicilio. In sostanza \u00e8 una \u201ccentrale intelligente\u201d, di motore delle risorse di un territorio, non solo dei diversi soggetti del settore pubblico, per muoversi nella maniera pi\u00f9 coordinata possibile\u201d. n altri termini, \u00e8 una vera e propria \u201cregia\u201d, che\u00a0si prende cura dei diversi bisogni del paziente, organizzando le risposte pi\u00f9 appropriate. Il sanitario o l\u2019assistente sociale che per primo viene a contatto col cittadino e identifica un nuovo bisogno di salute (anche temporaneo) attiva la COT che mette in rete le risorse per individuare la miglior soluzione. Inoltre, la COT diventer\u00e0 una delle principali interfacce con il Servizio 116117 attualmente in fase di progettazione operativa.<\/p>\n\n\n\n<p><u>L\u2019attivazione<\/u> Chi pu\u00f2 contattare la\u00a0Centrale Operativa Territoriale?\u00a0Non il privato cittadino,\u00a0ma uno dei soggetti che si stanno occupando della sua assistenza,\u00a0vale a dire il medico o pediatra, un ospedale o altri nodi della rete sociale e sanitaria. Pu\u00f2 essere attivata infatti da tutti i professionisti del territorio e dell\u2019ospedale, sia di ambito sanitario che sociale: medici di medicina generale, pediatri di libera scelta, assistenti sociali, ospedale, Pronto Soccorso, medici di continuit\u00e0 assistenziale, infermieri di Comunit\u00e0, specialisti, altri professionisti sanitari della rete. I\u00a0destinatari della sua attivit\u00e0\u00a0sono i cittadini cosiddetti \u201cfragili\u201d,\u00a0persone prevalentemente anziane, o con disabilit\u00e0 o malattie invalidanti, che nella maggior parte dei casi presentano un quadro composto da\u00a0pi\u00f9 patologie e dunque richiedono di prendersi cura di loro a 360 gradi. L\u2019obiettivo \u00e8 anche di\u00a0mantenere il pi\u00f9 possibile la persona dentro al proprio contesto di vita e alla rete relazionale. Ad esempio, il medico di medicina generale pu\u00f2 aver bisogno, per un suo paziente, di attivare un percorso in Ospedale di Comunit\u00e0 o l\u2019assistenza di infermiere e OSS domiciliare; oppure, per un cittadino che rientra dall\u2019ospedale dopo una fase acuta della sua patologia, \u00e8 necessario organizzare al meglio il ritorno a casa con un letto, una carrozzina e la visita dell\u2019assistenza domiciliare e dell\u2019OSS: in questo ultimo caso a contattare la COT pu\u00f2 anche essere lo stesso reparto ospedaliero. Pu\u00f2 esservi invece un paziente anziano che, dopo incontro col servizio sociale, va collocato in una struttura residenziale perch\u00e9 la rete famigliare non \u00e8 pi\u00f9 in grado di provvedere a tutti i suoi bisogni e quindi in questo caso si attiva un percorso di valutazione. Ancora, un paziente purtroppo allo stadio terminale della malattia, che necessita di un percorso di sollievo dalla sofferenza, tramite l\u2019attivazione dell\u2019\u00e9quipe di Cure palliative domiciliare e il sostegno del volontariato dedicato per lui e i suoi caregiver.<\/p>\n","protected":false},"excerpt":{"rendered":"<p>Sintoni e Ceccarelli: \u201cUlteriore significativo passo nello sviluppo e potenziamento della rete di assistenza di prossimit\u00e0\u201d Un ulteriore rafforzamento dell\u2019integrazione tra professionisti e maggiore prossimit\u00e0 per garantire al cittadino una presa in carico coordinata, tempestiva e globale. E\u2019 ci\u00f2 a cui puntano\u00a0le 3 nuove Centrali Operative Territoriali (COT) distrettuali di Cesena, Cesenatico e Savignano sul [&hellip;]<\/p>\n","protected":false},"author":1,"featured_media":0,"comment_status":"open","ping_status":"open","sticky":false,"template":"","format":"standard","meta":{"_joinchat":[]},"categories":[1],"tags":[],"_links":{"self":[{"href":"https:\/\/www.radioribelle.it\/index.php\/wp-json\/wp\/v2\/posts\/28070"}],"collection":[{"href":"https:\/\/www.radioribelle.it\/index.php\/wp-json\/wp\/v2\/posts"}],"about":[{"href":"https:\/\/www.radioribelle.it\/index.php\/wp-json\/wp\/v2\/types\/post"}],"author":[{"embeddable":true,"href":"https:\/\/www.radioribelle.it\/index.php\/wp-json\/wp\/v2\/users\/1"}],"replies":[{"embeddable":true,"href":"https:\/\/www.radioribelle.it\/index.php\/wp-json\/wp\/v2\/comments?post=28070"}],"version-history":[{"count":1,"href":"https:\/\/www.radioribelle.it\/index.php\/wp-json\/wp\/v2\/posts\/28070\/revisions"}],"predecessor-version":[{"id":28072,"href":"https:\/\/www.radioribelle.it\/index.php\/wp-json\/wp\/v2\/posts\/28070\/revisions\/28072"}],"wp:attachment":[{"href":"https:\/\/www.radioribelle.it\/index.php\/wp-json\/wp\/v2\/media?parent=28070"}],"wp:term":[{"taxonomy":"category","embeddable":true,"href":"https:\/\/www.radioribelle.it\/index.php\/wp-json\/wp\/v2\/categories?post=28070"},{"taxonomy":"post_tag","embeddable":true,"href":"https:\/\/www.radioribelle.it\/index.php\/wp-json\/wp\/v2\/tags?post=28070"}],"curies":[{"name":"wp","href":"https:\/\/api.w.org\/{rel}","templated":true}]}}