{"id":28123,"date":"2024-05-28T19:57:14","date_gmt":"2024-05-28T17:57:14","guid":{"rendered":"https:\/\/www.radioribelle.it\/?p=28123"},"modified":"2024-05-28T19:57:15","modified_gmt":"2024-05-28T17:57:15","slug":"festival-dei-cammini-di-francesco-al-via-gli-eventi-del-primo-weekend-30-maggio-2-giugno","status":"publish","type":"post","link":"https:\/\/www.radioribelle.it\/index.php\/2024\/05\/28\/festival-dei-cammini-di-francesco-al-via-gli-eventi-del-primo-weekend-30-maggio-2-giugno\/","title":{"rendered":"Festival dei Cammini di Francesco al via: gli eventi del primo weekend (30 maggio\/2 giugno)"},"content":{"rendered":"\n<div class=\"wp-block-image\"><figure class=\"aligncenter size-large is-resized\"><img loading=\"lazy\" src=\"https:\/\/www.radioribelle.it\/wp-content\/uploads\/2024\/05\/festival-cammini-di-francesco-1-1024x576.jpg\" alt=\"\" class=\"wp-image-28124\" width=\"344\" height=\"193\" srcset=\"https:\/\/www.radioribelle.it\/wp-content\/uploads\/2024\/05\/festival-cammini-di-francesco-1-1024x576.jpg 1024w, https:\/\/www.radioribelle.it\/wp-content\/uploads\/2024\/05\/festival-cammini-di-francesco-1-300x169.jpg 300w, https:\/\/www.radioribelle.it\/wp-content\/uploads\/2024\/05\/festival-cammini-di-francesco-1-768x432.jpg 768w, https:\/\/www.radioribelle.it\/wp-content\/uploads\/2024\/05\/festival-cammini-di-francesco-1-1536x864.jpg 1536w, https:\/\/www.radioribelle.it\/wp-content\/uploads\/2024\/05\/festival-cammini-di-francesco-1-619x348.jpg 619w, https:\/\/www.radioribelle.it\/wp-content\/uploads\/2024\/05\/festival-cammini-di-francesco-1.jpg 1920w\" sizes=\"(max-width: 344px) 100vw, 344px\" \/><\/figure><\/div>\n\n\n\n<p>Entra nel vivo il\u00a0<em>Festival dei Cammini di Francesco 2024<\/em>. Dopo il successo dell\u2019incontro di apertura \u201c<em>Il dono del creato<\/em>\u201d, organizzato in collaborazione con l\u2019Opera di Santa Croce lo scorso sabato 18 maggio presso la suggestiva location del Cenacolo di Santa Croce a Firenze, gioved\u00ec 30 maggio prende ufficialmente il via la manifestazione itinerante promossa dalla\u00a0Fondazione Progetto Valtiberina\u00a0nei comuni della vallata altotiberina<\/p>\n\n\n\n<!--more-->\n\n\n\n<p>Il\u00a0<em>primo week end<\/em>\u00a0di\u00a0<em>Festival<\/em>\u00a0interesser\u00e0 i comuni di\u00a0Monterchi,\u00a0Pieve Santo Stefano,\u00a0Citerna\u00a0e\u00a0San Giustino: inoltre, nell\u2019ambito degli appuntamenti del\u00a0<em>Festival<\/em>\u00a0mercoled\u00ec 29 giugno, alle ore 18.30, al Museo Civico Piero della Francesca di Sansepolcro si svolger\u00e0 l\u2019inaugurazione della mostra di incisioni antiche\u00a0\u201c<em>Il segno del dono. Francesco nelle incisioni tra \u2018500 e \u2018600<\/em>\u201d, visitabile fino al 30 giugno 2024.<\/p>\n\n\n\n<p><u>Il programma\u00a0<\/u><\/p>\n\n\n\n<p>Mercoled\u00ec 29 maggio:\u00a0alle\u00a0ore 18.00, presso il\u00a0Museo Civico Piero della Francesca\u00a0di Sansepolcro, si svolger\u00e0 l\u2019inaugurazione della mostra di incisioni antiche \u201c<em>Il segno del dono. Francesco nelle incisioni tra \u2018500 e \u2018600<\/em>\u201d,\u00a0Una rara selezione di incisioni, ospitata nelle sale sotterranee del Museo Civico di Sansepolcro, offre agli amanti dell\u2019arte e della storia l\u2019opportunit\u00e0 unica di esplorare come l\u2019immagine e i valori di San Francesco siano stati interpretati e trasmessi dai maestri incisori tra \u2018500 e \u2018600 attivi lungo l\u2019appennino tosco-marchigiano.\u00a0La mostra sar\u00e0 visitabile fino al 30 giugno 2024. (Costo biglietto solo mostra: 4\u20ac)<\/p>\n\n\n\n<p>Gioved\u00ec 30 maggio (Monterchi)<\/p>\n\n\n\n<p>Alle\u00a0ore 17.00, presso il\u00a0Museo della Madonna del Parto, \u00e8 in programma l\u2019i<em>naugurazione<\/em>\u00a0del Festival dei Cammini alla presenza di Monsignor Luciano Paolucci Bedini, vescovo della diocesi di Gubbio e Citt\u00e0 di Castello e Monsignor Andrea Migliavacca, vescovo della diocesi di Arezzo, Cortona e Sansepolcro. (L\u2019ingresso \u00e8 gratuito con prenotazione da effettuare sul sito del Festival dei Cammini di Francesco al seguente link:\u00a0<a rel=\"noreferrer noopener\" href=\"https:\/\/festivaldeicamminidifrancesco.it\/eventi\/inaugurazione-festival\/\" target=\"_blank\">https:\/\/festivaldeicamminidifrancesco.it\/eventi\/inaugurazione-festival\/<\/a>)\u00a0 Alle\u00a0ore 18.00, presso il\u00a0Museo della Madonna del Parto, si svolger\u00e0 l\u2019incontro \u201c<em>Il dono e lo scambio: uno sguardo antropologico<\/em>\u201d con il professor Marino Niola. Tema dell\u2019incontro: il dono come fenomeno sociale totale che regola gli scambi e le relazioni interpersonali generando cos\u00ec equilibrio all\u2019interno di ogni comunit\u00e0. (L\u2019ingresso \u00e8 gratuito con prenotazione da effettuare sul sito del Festival dei Cammini di Francesco al seguente link:\u00a0<a rel=\"noreferrer noopener\" href=\"https:\/\/festivaldeicamminidifrancesco.it\/eventi\/il-dono-e-lo-scambio-uno-sguardo-antropologico\/\" target=\"_blank\">https:\/\/festivaldeicamminidifrancesco.it\/eventi\/il-dono-e-lo-scambio-uno-sguardo-antropologico\/<\/a>).<\/p>\n\n\n\n<p>&#8211; Spettacolo teatrale\u00a0\u201c<em>3 e 14- Le stagioni dell\u2019amore<\/em>\u201d:\u00a0rinvio data. Lo spettacolo teatrale &#8220;<em>3 e 14 &#8211; La stagione dell&#8217;amore<\/em>&#8220;, inizialmente previsto per gioved\u00ec 30 maggio a Monterchi, \u00e8 stato ufficialmente\u00a0rinviato a mercoled\u00ec 5 giugno. Si conferma inoltre che tutte le prenotazioni gi\u00e0 effettuate in questi giorni rimarranno valide anche per la nuova data. Nessuna variazione sugli orari di svolgimento delle due repliche (20:30 e 21:30 con ritrovo navetta al parcheggio di Piazzale San Rocco).<\/p>\n\n\n\n<p>Venerd\u00ec 31 marzo (Pieve Santo Stefano e Anghiari)<\/p>\n\n\n\n<p>Alle\u00a0ore 18.00, presso le\u00a0Logge del Grano, si svolger\u00e0 l\u2019incontro \u201c<em>Il dono di s\u00e9: la prospettiva della psicoanalisi<\/em>\u201d con il professor Vittorio Lingiardi in dialogo con Giovanna Zucconi. Tema dell\u2019incontro: le caratteristiche delle personalit\u00e0 di ciascuno possono influire sulla capacit\u00e0 del singolo di \u201cdonarsi\u201d agli altri. (L\u2019ingresso \u00e8 gratuito con prenotazione da effettuare sul sito del Festival dei Cammini di Francesco al seguente link:\u00a0<a rel=\"noreferrer noopener\" href=\"https:\/\/festivaldeicamminidifrancesco.it\/eventi\/il-dono-di-se-la-prospettiva-della-psicoanalisi\/\" target=\"_blank\">https:\/\/festivaldeicamminidifrancesco.it\/eventi\/il-dono-di-se-la-prospettiva-della-psicoanalisi\/<\/a>)<\/p>\n\n\n\n<p>Alle\u00a0ore 21.30\u00a0ad\u00a0Anghiari, in Piazza Baldaccio, si svolger\u00e0 lo spettacolo teatrale \u201c<em>Fra<\/em>\u201d di e con Giovanni Scifoni. Tema:\u00a0Tutti conoscono san Francesco. Perch\u00e9 \u00e8 cos\u00ec irresistibile?\u00a0Era un artista, forse il pi\u00f9 grande della storia: nessuno ha mai raccontato Dio con tanta creativit\u00e0. In un monologo orchestrato con laudi medioevali e gli strumenti antichi di\u00a0<em>Luciano di Giandomenico, Maurizio Picchi\u00f2<\/em>\u00a0e\u00a0<em>Stefano Carloncelli<\/em>,\u00a0Giovanni Scifoni\u00a0si interroga sulla figura del santo pi\u00f9 pop che ci sia e percorre la vita del poverello di Assisi e il suo sforzo ossessivo di raccontare il mistero di Dio in ogni forma, fino al logoramento fisico che lo porter\u00e0 alla morte. (Spettacolo a pagamento. Costo biglietti: 15\u20ac intero, 12\u20ac ridotto soci Coop. Biglietti acquistabili sul sito del Festival dei Cammini di Francesco al seguente link.\u00a0<a rel=\"noreferrer noopener\" href=\"https:\/\/festivaldeicamminidifrancesco.it\/eventi\/fra\/\" target=\"_blank\">https:\/\/festivaldeicamminidifrancesco.it\/eventi\/fra\/<\/a>).\u00a0In caso di maltempo lo spettacolo sar\u00e0 spostato presso il Teatro di Anghiari a capienza ridotta. I primi 200 biglietti acquistati avranno garanzia di accesso anche alla location alternativa. Per tutti gli altri \u00e8 previsto rimborso totale del biglietto che avverr\u00e0 in automatico)<\/p>\n\n\n\n<p>Sabato 1 giugno (Citerna) Alle\u00a0ore 17.00, presso la\u00a0Sala degli Ammassi, si svolger\u00e0 l\u2019incontro \u201c<em>Il dono della fiducia: moneta dell\u2019economia civile<\/em>\u201d con il professor Stefano Zamagni. Tema dell\u2019incontro: la fiducia rappresenta un bene economico fondamentale al fine di superare la supremazia del profitto e sviluppare un mercato generativo basato sulle relazioni umane. (L\u2019ingresso \u00e8 gratuito con prenotazione da effettuare sul sito del Festival dei Cammini di Francesco al seguente link:\u00a0<a rel=\"noreferrer noopener\" href=\"https:\/\/festivaldeicamminidifrancesco.it\/eventi\/il-dono-della-fiducia-moneta-delleconomia-civile\/\" target=\"_blank\">https:\/\/festivaldeicamminidifrancesco.it\/eventi\/il-dono-della-fiducia-moneta-delleconomia-civile\/<\/a>\u00a0)<\/p>\n\n\n\n<p>Alle\u00a0ore 18.00\u00a0la\u00a0Sala degli Ammassi\u00a0ospiter\u00e0 l\u2019incontro \u201c<em>Donare tempo agli altri: il valore del volontariato<\/em>\u201d con Riccardo Bonacina e Andrea Iacomini. Tema dell\u2019incontro:\u00a0Una riflessione sul tema del volontariato e del lavoro di importanti organizzazioni non governative a servizio degli ultimi.\u00a0(L\u2019ingresso \u00e8 gratuito con prenotazione da effettuare sul sito del Festival dei Cammini di Francesco al seguente link:\u00a0<a rel=\"noreferrer noopener\" href=\"https:\/\/festivaldeicamminidifrancesco.it\/eventi\/donare-tempo-agli-altri-il-valore-del-volontariato\/\" target=\"_blank\">https:\/\/festivaldeicamminidifrancesco.it\/eventi\/donare-tempo-agli-altri-il-valore-del-volontariato\/<\/a>) Alle\u00a0ore 21.30, in\u00a0via Largo dei Capitani del Popolo, andr\u00e0 in scena \u201c<em>Rumba<\/em>\u201d, spettacolo di e con Ascanio Celestini. Tema:\u00a0Ascanio Celestini\u00a0immagina la vita di Francesco oggi, come il santo vivrebbe la povert\u00e0 nell\u2019Italia contemporanea e chi sceglierebbe quale compagno di strada, per non essere semplicemente povero, ma servo dei poveri. Ma se Francesco nascesse nel 1982 invece che nel 1182? Se tornasse povero in un parcheggio di un supermercato? Quale presepio farebbe tra i cassonetti dell\u2019immondizia?\u00a0(Ingresso a pagamento. Costo biglietti: 15\u20ac intero, 12\u20ac ridotto soci Coop. Biglietti acquistabili sul sito del Festival dei Cammini di Francesco al seguente link:\u00a0<a rel=\"noreferrer noopener\" href=\"https:\/\/festivaldeicamminidifrancesco.it\/eventi\/rumba\/\" target=\"_blank\">https:\/\/festivaldeicamminidifrancesco.it\/eventi\/rumba\/<\/a>).\u00a0In caso di maltempo lo spettacolo si svolger\u00e0 presso il Nuovo cinema Smeraldo di Pistrino a capienza ridotta (i primi 150 biglietti acquistati avranno garanzia di accesso anche alla location alternativa, mentre per gli altri \u00e8 previsto rimborso totale del biglietto che avverr\u00e0 in automatico.\u00a0<\/p>\n\n\n\n<p>Domenica 2 giugno (San Giustino) Alle\u00a0ore 17.30, presso\u00a0Villa Magherini Graziani, si svolger\u00e0 l\u2019incontro \u201c<em>Il dono del racconto: storie di migrazioni<\/em>\u201d con lo skipper Tommaso Stella ResQ, Progetto DIMMI, Natalia Cangi e Franco Vaccari. Tema dell\u2019incontro:\u00a0Raccogliere, custodire e donare storie di migrazione per meglio comprendere l\u2019umanit\u00e0 in bilico tra conflitto e rinascita.\u00a0(L\u2019ingresso \u00e8 gratuito con prenotazione da effettuare sul sito del Festival dei Cammini di Francesco al seguente link:\u00a0<a rel=\"noreferrer noopener\" href=\"https:\/\/festivaldeicamminidifrancesco.it\/eventi\/il-dono-del-racconto-storie-di-migrazioni\/\" target=\"_blank\">https:\/\/festivaldeicamminidifrancesco.it\/eventi\/il-dono-del-racconto-storie-di-migrazioni\/<\/a>). Alle\u00a0ore 21.30\u00a0Villa Magherini Graziani\u00a0ospiter\u00e0 l\u2019incontro \u201c<em>Il dono della sofferenza<\/em>\u201d con il professor Nicola Gardini e padre Pietro Maranesi. Tema dell\u2019incontro: un dialogo sul tema delle \u201cferite\u201d, della malattia e della sofferenza per una nuova comprensione della vita e della stessa salute. (L\u2019ingresso \u00e8 gratuito con prenotazione da effettuare sul sito del Festival dei Cammini di Francesco al seguente link:\u00a0<a rel=\"noreferrer noopener\" href=\"https:\/\/festivaldeicamminidifrancesco.it\/eventi\/il-dono-della-sofferenza\/\" target=\"_blank\">https:\/\/festivaldeicamminidifrancesco.it\/eventi\/il-dono-della-sofferenza\/<\/a>)\u00a0<\/p>\n\n\n\n<p>Ricordiamo che, nell\u2019ambito del&nbsp;<em>Festival dei Cammini di Francesco<\/em>, il&nbsp;<strong><em>Circolo degli Esploratori&nbsp;<\/em><\/strong>di Sansepolcro organizza escursioni e camminate alla scoperta del territorio della vallata umbro-toscana. Questi gli appuntamenti del primo week end di&nbsp;<em>Festival<\/em>:&nbsp;<\/p>\n\n\n\n<p>MONTERCHI\u00a0(<em>GIOVEDI\u2019 30 MAGGIO<\/em>): \u201c<em>Escursione alla tina dell\u2019omo salvatico ed alla torre dell\u2019elci<\/em>\u201d. Escursione nelle campagne e nei boschi di Monterchi. (Partenza: ore 9.00 da Ripoli di Monterchi; Distanza: 11.5 km; Dislivello: +386m; Difficolt\u00e0: Escursionistico). La partecipazione \u00e8 gratuita con prenotazione da effettuare sul sito del Festival dei Cammini di Francesco al seguente link:\u00a0<a rel=\"noreferrer noopener\" href=\"https:\/\/festivaldeicamminidifrancesco.it\/eventi\/escursione-alla-tina-dellomo-salvatico-ed-alla-torre-dellelci\/\" target=\"_blank\">https:\/\/festivaldeicamminidifrancesco.it\/eventi\/escursione-alla-tina-dellomo-salvatico-ed-alla-torre-dellelci\/<\/a><\/p>\n\n\n\n<p>PIEVE SANTO STEFANO\u00a0(<em>VENERDI\u2019 31 MAGGIO<\/em>): \u201c<em>Anello di Migano. Escursione tra La Verna e Pieve Santo Stefano<\/em>\u201d. (Partenza: ore 9.00 dal Piccolo Museo del Diario di Pieve Santo Stefano; Distanza: 14.2 km; Dislivello: +554m; Difficolt\u00e0: Escursionistico). La partecipazione \u00e8 gratuita con prenotazione da effettuare sul sito del Festival dei Cammini di Francesco al seguente link:\u00a0<a rel=\"noreferrer noopener\" href=\"https:\/\/festivaldeicamminidifrancesco.it\/eventi\/anello-di-mignano\/\" target=\"_blank\">https:\/\/festivaldeicamminidifrancesco.it\/eventi\/anello-di-mignano\/<\/a><\/p>\n\n\n\n<p>CITERNA\u00a0(<em>SABATO 1 GIUGNO<\/em>): \u201c<em>Citerna ed il Castello di Sorci. Escursione nella Valle del Sovara<\/em>\u201d. (Partenza: ore 9.00 dalla Terrazza Belvedere, Corso Garibaldi, Citerna; Distanza: 13.2 km; Dislivello: +229m; Difficolt\u00e0: Escursionistico). La partecipazione \u00e8 gratuita con prenotazione da effettuare sul sito del Festival dei Cammini di Francesco al seguente link:\u00a0<a rel=\"noreferrer noopener\" href=\"https:\/\/festivaldeicamminidifrancesco.it\/eventi\/citerna-ed-il-castello-di-sorci\/\" target=\"_blank\">https:\/\/festivaldeicamminidifrancesco.it\/eventi\/citerna-ed-il-castello-di-sorci\/<\/a><\/p>\n\n\n\n<p>SAN GIUSTINO (<em>DOMENICA 2 GIUGNO<\/em>):\u00a0\u201c<em>Anello di Celalba. Escursione nel Rio Valdimonte<\/em>\u201d. (Partenza: ore 9.00 dal Birrificio Altotevere; Distanza: 12.4 km; Dislivello: +361m; Difficolta\u2019: Escursionistico). La partecipazione \u00e8 gratuita con prenotazione da effettuare sul sito del Festival dei Cammini di Francesco al seguente link:\u00a0<a rel=\"noreferrer noopener\" href=\"https:\/\/festivaldeicamminidifrancesco.it\/eventi\/anello-di-celalba\/\" target=\"_blank\">https:\/\/festivaldeicamminidifrancesco.it\/eventi\/anello-di-celalba\/<\/a><\/p>\n\n\n\n<p><em>Anche quest\u2019anno, a tutti gli incontri del Festival dei Cammini di Francesco sar\u00e0 presente una\u00a0postazione bookshop\u00a0\u00a0a\u00a0cura di\u00a0Libreria del frattempo,\u00a0Libreria Paci\u00a0e\u00a0Fondazione Archivio Diaristico\u00a0nazionale dove sar\u00e0 possibile consultare e acquistare i libri degli ospiti presenti ai vari eventi in programma.<\/em><\/p>\n\n\n\n<p>Ricordiamo inoltre che\u00a0<em>Festival dei Cammini di Francesco,\u00a0<\/em>in occasione dell\u2019ottava edizione dedicata al \u201cdono\u201d, lancia una\u00a0campagna di sensibilizzazione\u00a0a favore della\u00a0donazione di sangue\u00a0in collaborazione con\u00a0<em>Avis Citt\u00e0 di Castello, San Giustino e Sansepolcro<\/em>\u00a0e\u00a0<em>Fratres Anghiari, Caprese Michelangelo, Monterchi e Pieve Santo Stefano<\/em>. In concomitanza dele tappe del Festival Avis e Fratres saranno presenti con i loro stand per promuovere e raccogliere le adesioni. Ogni nuovo donatore avr\u00e0 diritto ad un posto riservato in occasione della serata finale del Festival dei Cammini di Francesco il 9 giugno 2024.\u00a0<\/p>\n","protected":false},"excerpt":{"rendered":"<p>Entra nel vivo il\u00a0Festival dei Cammini di Francesco 2024. Dopo il successo dell\u2019incontro di apertura \u201cIl dono del creato\u201d, organizzato in collaborazione con l\u2019Opera di Santa Croce lo scorso sabato 18 maggio presso la suggestiva location del Cenacolo di Santa Croce a Firenze, gioved\u00ec 30 maggio prende ufficialmente il via la manifestazione itinerante promossa dalla\u00a0Fondazione [&hellip;]<\/p>\n","protected":false},"author":1,"featured_media":0,"comment_status":"open","ping_status":"open","sticky":false,"template":"","format":"standard","meta":{"_joinchat":[]},"categories":[1],"tags":[],"_links":{"self":[{"href":"https:\/\/www.radioribelle.it\/index.php\/wp-json\/wp\/v2\/posts\/28123"}],"collection":[{"href":"https:\/\/www.radioribelle.it\/index.php\/wp-json\/wp\/v2\/posts"}],"about":[{"href":"https:\/\/www.radioribelle.it\/index.php\/wp-json\/wp\/v2\/types\/post"}],"author":[{"embeddable":true,"href":"https:\/\/www.radioribelle.it\/index.php\/wp-json\/wp\/v2\/users\/1"}],"replies":[{"embeddable":true,"href":"https:\/\/www.radioribelle.it\/index.php\/wp-json\/wp\/v2\/comments?post=28123"}],"version-history":[{"count":1,"href":"https:\/\/www.radioribelle.it\/index.php\/wp-json\/wp\/v2\/posts\/28123\/revisions"}],"predecessor-version":[{"id":28125,"href":"https:\/\/www.radioribelle.it\/index.php\/wp-json\/wp\/v2\/posts\/28123\/revisions\/28125"}],"wp:attachment":[{"href":"https:\/\/www.radioribelle.it\/index.php\/wp-json\/wp\/v2\/media?parent=28123"}],"wp:term":[{"taxonomy":"category","embeddable":true,"href":"https:\/\/www.radioribelle.it\/index.php\/wp-json\/wp\/v2\/categories?post=28123"},{"taxonomy":"post_tag","embeddable":true,"href":"https:\/\/www.radioribelle.it\/index.php\/wp-json\/wp\/v2\/tags?post=28123"}],"curies":[{"name":"wp","href":"https:\/\/api.w.org\/{rel}","templated":true}]}}