{"id":28418,"date":"2024-06-09T06:22:00","date_gmt":"2024-06-09T04:22:00","guid":{"rendered":"https:\/\/www.radioribelle.it\/?p=28418"},"modified":"2024-06-05T19:24:42","modified_gmt":"2024-06-05T17:24:42","slug":"antitrust-sanziona-meta-linutilita-del-provvedimento","status":"publish","type":"post","link":"https:\/\/www.radioribelle.it\/index.php\/2024\/06\/09\/antitrust-sanziona-meta-linutilita-del-provvedimento\/","title":{"rendered":"Antitrust sanziona Meta. L\u2019inutilit\u00e0 del provvedimento"},"content":{"rendered":"\n<div class=\"wp-block-image\"><figure class=\"alignleft size-full\"><img loading=\"lazy\" width=\"48\" height=\"31\" src=\"https:\/\/www.radioribelle.it\/wp-content\/uploads\/2024\/06\/IT.gif\" alt=\"\" class=\"wp-image-28419\"\/><\/figure><\/div>\n\n\n\n<p>ITALIA &#8211; Facebook-Instagram sanzionati da AntitrustAntitrust ha sanzionato Meta (Facebook e Instagram) per pratica commerciale scorretta (1). 3.5 milioni che, al momento avrebbero indotto il colosso dei social a smettere di usare commercialmente i dati dei suoi iscritti e di non informare adeguatamente sulle sospensioni in caso di blocco dell\u2019account<\/p>\n\n\n\n<!--more-->\n\n\n\n<p>\u201cAntitrust \u00e8 vivo e lotta insieme a noi\u201d? Che, in cambio di un po\u2019 di socializzazione e scambio di informazioni, abbiamo venduto i nostri dati a questo social\u2026 un po\u2019 come &#8211; versione di alcuni secoli fa, ma non pi\u00f9 di tanto &#8211; \u201cvendere l\u2019anima al diavolo\u201d. Con l\u2019aggravante che non \u00e8 stato un patto tra consenzienti ma una sottrazione indebita e un abuso della fiducia degli utenti.<br>Sottrazione per la quale Zuckerberg dovr\u00e0 sborsare 3,5 milioni, come se noi comuni mortali, per aver violato i limiti di velocit\u00e0 ed essere stati cuccati da un autovelox, dovessimo pagare 1 centesimo di euro. E, infatti, \u00e8 proprio qui il problema. Le sanzioni dovrebbero svolgere una funzione deterrente. Cosa che nel nostro caso non avviene, visto che manca la proporzionalit\u00e0 della sanzione rispetto a chi ha commesso l\u2019illecito. Quando e se questa inutilit\u00e0 del provvedimento non verr\u00e0 assimilata dal nostro legislatore (responsabile degli importi delle sanzioni), sanzioni come quella odierna continueranno ad essere l\u2019alibi di un giustiziere senza armi, Antitrust.<\/p>\n\n\n\n<p>1 &#8211;&nbsp;<a href=\"https:\/\/www.aduc.it\/notizia\/facebook+instagram+sanzionati+antitrust_140272.php\" target=\"_blank\" rel=\"noreferrer noopener\">https:\/\/www.aduc.it\/notizia\/facebook+instagram+sanzionati+antitrust_140272.php<\/a><\/p>\n\n\n\n<p>Vincenzo Donvito Maxia &#8211; presidente Aduc<\/p>\n","protected":false},"excerpt":{"rendered":"<p>ITALIA &#8211; Facebook-Instagram sanzionati da AntitrustAntitrust ha sanzionato Meta (Facebook e Instagram) per pratica commerciale scorretta (1). 3.5 milioni che, al momento avrebbero indotto il colosso dei social a smettere di usare commercialmente i dati dei suoi iscritti e di non informare adeguatamente sulle sospensioni in caso di blocco dell\u2019account<\/p>\n","protected":false},"author":1,"featured_media":0,"comment_status":"open","ping_status":"open","sticky":false,"template":"","format":"standard","meta":{"_joinchat":[]},"categories":[1],"tags":[],"_links":{"self":[{"href":"https:\/\/www.radioribelle.it\/index.php\/wp-json\/wp\/v2\/posts\/28418"}],"collection":[{"href":"https:\/\/www.radioribelle.it\/index.php\/wp-json\/wp\/v2\/posts"}],"about":[{"href":"https:\/\/www.radioribelle.it\/index.php\/wp-json\/wp\/v2\/types\/post"}],"author":[{"embeddable":true,"href":"https:\/\/www.radioribelle.it\/index.php\/wp-json\/wp\/v2\/users\/1"}],"replies":[{"embeddable":true,"href":"https:\/\/www.radioribelle.it\/index.php\/wp-json\/wp\/v2\/comments?post=28418"}],"version-history":[{"count":1,"href":"https:\/\/www.radioribelle.it\/index.php\/wp-json\/wp\/v2\/posts\/28418\/revisions"}],"predecessor-version":[{"id":28420,"href":"https:\/\/www.radioribelle.it\/index.php\/wp-json\/wp\/v2\/posts\/28418\/revisions\/28420"}],"wp:attachment":[{"href":"https:\/\/www.radioribelle.it\/index.php\/wp-json\/wp\/v2\/media?parent=28418"}],"wp:term":[{"taxonomy":"category","embeddable":true,"href":"https:\/\/www.radioribelle.it\/index.php\/wp-json\/wp\/v2\/categories?post=28418"},{"taxonomy":"post_tag","embeddable":true,"href":"https:\/\/www.radioribelle.it\/index.php\/wp-json\/wp\/v2\/tags?post=28418"}],"curies":[{"name":"wp","href":"https:\/\/api.w.org\/{rel}","templated":true}]}}