{"id":285,"date":"2022-06-08T17:37:00","date_gmt":"2022-06-08T15:37:00","guid":{"rendered":"https:\/\/www.radioribelle.it\/?p=285"},"modified":"2022-06-09T13:51:35","modified_gmt":"2022-06-09T11:51:35","slug":"il-sale-della-vita","status":"publish","type":"post","link":"https:\/\/www.radioribelle.it\/index.php\/2022\/06\/08\/il-sale-della-vita\/","title":{"rendered":"Il sale della vita"},"content":{"rendered":"\n<div class=\"wp-block-image\"><figure class=\"alignright size-large is-resized\"><img loading=\"lazy\" src=\"https:\/\/www.radioribelle.it\/wp-content\/uploads\/2022\/05\/sale-1024x683.jpg\" alt=\"\" class=\"wp-image-286\" width=\"189\" height=\"126\" srcset=\"https:\/\/www.radioribelle.it\/wp-content\/uploads\/2022\/05\/sale-1024x683.jpg 1024w, https:\/\/www.radioribelle.it\/wp-content\/uploads\/2022\/05\/sale-300x200.jpg 300w, https:\/\/www.radioribelle.it\/wp-content\/uploads\/2022\/05\/sale-768x512.jpg 768w, https:\/\/www.radioribelle.it\/wp-content\/uploads\/2022\/05\/sale-1536x1025.jpg 1536w, https:\/\/www.radioribelle.it\/wp-content\/uploads\/2022\/05\/sale-619x413.jpg 619w, https:\/\/www.radioribelle.it\/wp-content\/uploads\/2022\/05\/sale.jpg 1920w\" sizes=\"(max-width: 189px) 100vw, 189px\" \/><\/figure><\/div>\n\n\n\n<p><em>\u00c8 strano cambiare vita alle soglie di 60 anni, cambiare vita? Quale vita? Quella vissuta giorno dopo giorno, senza programmare un futuro, perch\u00e9 troppo presa a vivere un presente, un presente difficile, incerto, insicuro&#8230;\u00a0<\/em><\/p>\n\n\n\n<!--more-->\n\n\n\n<p>L\u2019esistenza di\u00a0Anna De Simone\u00a0\u00e8 segnata sin dai primi anni di vita dalla povert\u00e0, dalla violenza e dal disagio. Fugge dalla brutalit\u00e0 del patrigno e dal disamore della madre, da padroni lascivi che approfittano della sua condizione di serva bambina, dalle forze dell\u2019ordine che vogliono riportarla a casa. Creatura selvatica e spaventata, orfana di una madre viva, come la definisce Donatella Di Pietrantonio, Anna riuscir\u00e0 ad arrangiarsi e a sopravvivere in qualsiasi circostanza, ma porter\u00e0 sempre sulle spalle il peso del vuoto affettivo che l\u2019ha circondata sin dall\u2019infanzia. Sulla soglia dei 65 anni decide di scrivere la sua\u00a0autobiografia\u00a0che si intitola\u00a0<em>Il\u00a0sale della vita<\/em>. Un sale molto amaro, lo stesso sale che per molto tempo fu il pasto che le veniva dato quando era piccola. La scrittura cos\u00ec diventa un mezzo terapeutico per ripercorrere la sua vita e alleggerirsi di un macigno ormai troppo ingombrante.\u00a0 Queste pagine sono state tra gli otto diari finalisti presentati al\u00a0Premio Pieve 2020, le sue parole vere e incandescenti, figlie della strada e di un vissuto selvatico, catturano la platea e i lettori che continuamente si domandano: come si pu\u00f2 sopravvivere a tutto questo? <em>Il sale della vita<\/em>\u00a0esce edito da\u00a0il Mulino\u00a0per la collana<em>\u00a0Storie italiane<\/em>, con la bella e intensa introduzione di Donatella Di Pietrantonio.<\/p>\n","protected":false},"excerpt":{"rendered":"<p>\u00c8 strano cambiare vita alle soglie di 60 anni, cambiare vita? Quale vita? Quella vissuta giorno dopo giorno, senza programmare un futuro, perch\u00e9 troppo presa a vivere un presente, un presente difficile, incerto, insicuro&#8230;\u00a0<\/p>\n","protected":false},"author":1,"featured_media":0,"comment_status":"open","ping_status":"open","sticky":false,"template":"","format":"standard","meta":{"_joinchat":[]},"categories":[1],"tags":[],"_links":{"self":[{"href":"https:\/\/www.radioribelle.it\/index.php\/wp-json\/wp\/v2\/posts\/285"}],"collection":[{"href":"https:\/\/www.radioribelle.it\/index.php\/wp-json\/wp\/v2\/posts"}],"about":[{"href":"https:\/\/www.radioribelle.it\/index.php\/wp-json\/wp\/v2\/types\/post"}],"author":[{"embeddable":true,"href":"https:\/\/www.radioribelle.it\/index.php\/wp-json\/wp\/v2\/users\/1"}],"replies":[{"embeddable":true,"href":"https:\/\/www.radioribelle.it\/index.php\/wp-json\/wp\/v2\/comments?post=285"}],"version-history":[{"count":1,"href":"https:\/\/www.radioribelle.it\/index.php\/wp-json\/wp\/v2\/posts\/285\/revisions"}],"predecessor-version":[{"id":287,"href":"https:\/\/www.radioribelle.it\/index.php\/wp-json\/wp\/v2\/posts\/285\/revisions\/287"}],"wp:attachment":[{"href":"https:\/\/www.radioribelle.it\/index.php\/wp-json\/wp\/v2\/media?parent=285"}],"wp:term":[{"taxonomy":"category","embeddable":true,"href":"https:\/\/www.radioribelle.it\/index.php\/wp-json\/wp\/v2\/categories?post=285"},{"taxonomy":"post_tag","embeddable":true,"href":"https:\/\/www.radioribelle.it\/index.php\/wp-json\/wp\/v2\/tags?post=285"}],"curies":[{"name":"wp","href":"https:\/\/api.w.org\/{rel}","templated":true}]}}