{"id":28522,"date":"2024-06-08T06:50:14","date_gmt":"2024-06-08T04:50:14","guid":{"rendered":"https:\/\/www.radioribelle.it\/?p=28522"},"modified":"2024-06-09T08:16:19","modified_gmt":"2024-06-09T06:16:19","slug":"elezioni-del-parlamento-europeo","status":"publish","type":"post","link":"https:\/\/www.radioribelle.it\/index.php\/2024\/06\/08\/elezioni-del-parlamento-europeo\/","title":{"rendered":"Elezioni del Parlamento Europeo"},"content":{"rendered":"\n<div class=\"wp-block-image\"><figure class=\"alignright size-large is-resized\"><img loading=\"lazy\" src=\"https:\/\/www.radioribelle.it\/wp-content\/uploads\/2024\/06\/Servizio-Elettorale-2024-1024x683.jpg\" alt=\"\" class=\"wp-image-28523\" width=\"341\" height=\"227\" srcset=\"https:\/\/www.radioribelle.it\/wp-content\/uploads\/2024\/06\/Servizio-Elettorale-2024-1024x683.jpg 1024w, https:\/\/www.radioribelle.it\/wp-content\/uploads\/2024\/06\/Servizio-Elettorale-2024-300x200.jpg 300w, https:\/\/www.radioribelle.it\/wp-content\/uploads\/2024\/06\/Servizio-Elettorale-2024-768x512.jpg 768w, https:\/\/www.radioribelle.it\/wp-content\/uploads\/2024\/06\/Servizio-Elettorale-2024-1536x1024.jpg 1536w, https:\/\/www.radioribelle.it\/wp-content\/uploads\/2024\/06\/Servizio-Elettorale-2024-2048x1365.jpg 2048w, https:\/\/www.radioribelle.it\/wp-content\/uploads\/2024\/06\/Servizio-Elettorale-2024-619x413.jpg 619w\" sizes=\"(max-width: 341px) 100vw, 341px\" \/><\/figure><\/div>\n\n\n\n<p>Tutti regolarmente costituiti i seggi a Citt\u00e0 di Castello.Si voter\u00e0 oggi, sabato 8 giugno, dalle ore 15.00 alle ore 23.00, e domenica 9 giugno, dalle ore 7.00 alle ore 23.00. Gli elettori tifernati chiamati alle urne saranno 30.941, di cui 16.020 femmine e 14.921 maschi <\/p>\n\n\n\n<!--more-->\n\n\n\n<p>Le informazioni utili per il voto Tutti regolarmente costituiti nei termini previsti i 54 seggi elettorali ordinari e i 2 seggi speciali (ospedale e Asp Muzi Betti) del territorio comunale di Citt\u00e0 di Castello per le elezion i del Parlamento Europeo. Stamattina, le operazioni coordinate dal Servizio Elettorale guidato dalla responsabile&nbsp;<em>Daniela Salacchi&nbsp;<\/em>si sono svolte nel pieno rispetto delle procedure.&nbsp;<em>Tra questi, i 3.417 aventi diritto di tutte e sei le sezioni elettorali della scuola secondaria di primo grado Dante Alighieri (4 \u2013 7 \u2013 8 \u2013 25 \u2013 34 \u2013 41) voteranno presso la scuola secondaria di primo grado Giovanni Pascoli.&nbsp;<\/em>Il trasferimento si \u00e8 reso necessario per la concomitanza con i lavori di demolizione e ricostruzione previsti nell\u2019istituto, che \u00e8 stato completamente svuotato e chiuso all\u2019accesso pubblico in attesa dell\u2019apertura del cantiere.&nbsp;<em>Insieme agli elettori della Dante Alighieri, a trasferirsi per partecipare alla consultazione&nbsp;<\/em>saranno anche gli iscritti alle sezioni 9 \u2013 10 &#8211;&nbsp; 14 della&nbsp;<em>scuola dell\u2019infanzia Montedoro<\/em>, che potranno votare nella vicina scuola primaria Montedoro; quelli delle sezioni 36 \u2013 50 \u2013 52 \u2013 53 della&nbsp;<em>scuola primaria di Trestina<\/em>, che voteranno presso la scuola secondaria di primo grado di Trestina, dove potranno fare altrettanto anche &nbsp;gli aventi diritto della sezione 39 della&nbsp;<em>scuola primaria di Badia Petroia<\/em>&nbsp;e della sezione 44 dell\u2019<em>ex scuola materna, sede della pro loco di Lugnano<\/em>. Gli elettori delle sezioni 20 \u2013 21 della&nbsp;<em>scuola primaria di Riosecco<\/em>&nbsp;potranno esercitare il proprio diritto di voto nella scuola primaria di Userna.<\/p>\n\n\n\n<p><em>Duplicati delle tessere.&nbsp;<\/em>Per partecipare al voto \u00e8 necessaria la tessera elettorale. A questo proposito, il Servizio Elettorale del Comune ricorda ai cittadini di verificare di esserne in possesso e di richiedere il duplicato in caso di smarrimento, deterioramento o esaurimento degli spazi per il timbro. In caso di furto, la domanda di duplicato dovr\u00e0 essere corredata da denuncia presentata ai competenti uffici di pubblica sicurezza. Il Servizio Elettorale sar\u00e0 a disposizione dei cittadini anche per i duplicati delle tessere in caso di nuova residenza a Citt\u00e0 di Castello: in questo caso, sar\u00e0 necessario presentarsi muniti del documento rilasciato dal Comune di precedente residenza.<\/p>\n\n\n\n<p><em>Orari Servizio Elettorale.<\/em>&nbsp;Nelle due giornate della consultazione l\u2019Ufficio Elettorale nella sede di via XI Settembre 41, nel quartiere San Giacomo, sar\u00e0 a disposizione degli elettori sabato 8 giugno dalle ore 9.00 alle ore 23.00 e domenica 9 giugno dalle ore 7.00 alle ore 23.00. La delegazione comunale di Trestina in via Unione Sovietica, 13 sar\u00e0 aperta al pubblico dalle ore 9.00 alle ore 13.00 e dalle ore 15.00 alle ore 21.00 di sabato 8 giugno; dalle ore 9.00 alle ore 13.00 e dalle ore 15.00 alle ore 23.00 di domenica 9 giugno.<\/p>\n\n\n\n<p><em>Trasporto al seggio.<\/em>&nbsp;Il Comune metter\u00e0 a disposizione un servizio di trasporto pubblico ai seggi, con un veicolo idoneo per persone con disabilit\u00e0 e per anziani, che sar\u00e0 utilizzabile sabato 8 giugno dalle ore 16.00 alle ore 18.30 e domenica 9 giugno dalle ore 9.00 alle ore 13.00 e dalle ore 16.00 alle ore 18.30. Il trasferimento potr\u00e0 essere prenotato al numero di telefono 339.7383277.<\/p>\n","protected":false},"excerpt":{"rendered":"<p>Tutti regolarmente costituiti i seggi a Citt\u00e0 di Castello.Si voter\u00e0 oggi, sabato 8 giugno, dalle ore 15.00 alle ore 23.00, e domenica 9 giugno, dalle ore 7.00 alle ore 23.00. Gli elettori tifernati chiamati alle urne saranno 30.941, di cui 16.020 femmine e 14.921 maschi<\/p>\n","protected":false},"author":1,"featured_media":0,"comment_status":"open","ping_status":"open","sticky":false,"template":"","format":"standard","meta":{"_joinchat":[]},"categories":[1],"tags":[],"_links":{"self":[{"href":"https:\/\/www.radioribelle.it\/index.php\/wp-json\/wp\/v2\/posts\/28522"}],"collection":[{"href":"https:\/\/www.radioribelle.it\/index.php\/wp-json\/wp\/v2\/posts"}],"about":[{"href":"https:\/\/www.radioribelle.it\/index.php\/wp-json\/wp\/v2\/types\/post"}],"author":[{"embeddable":true,"href":"https:\/\/www.radioribelle.it\/index.php\/wp-json\/wp\/v2\/users\/1"}],"replies":[{"embeddable":true,"href":"https:\/\/www.radioribelle.it\/index.php\/wp-json\/wp\/v2\/comments?post=28522"}],"version-history":[{"count":2,"href":"https:\/\/www.radioribelle.it\/index.php\/wp-json\/wp\/v2\/posts\/28522\/revisions"}],"predecessor-version":[{"id":28540,"href":"https:\/\/www.radioribelle.it\/index.php\/wp-json\/wp\/v2\/posts\/28522\/revisions\/28540"}],"wp:attachment":[{"href":"https:\/\/www.radioribelle.it\/index.php\/wp-json\/wp\/v2\/media?parent=28522"}],"wp:term":[{"taxonomy":"category","embeddable":true,"href":"https:\/\/www.radioribelle.it\/index.php\/wp-json\/wp\/v2\/categories?post=28522"},{"taxonomy":"post_tag","embeddable":true,"href":"https:\/\/www.radioribelle.it\/index.php\/wp-json\/wp\/v2\/tags?post=28522"}],"curies":[{"name":"wp","href":"https:\/\/api.w.org\/{rel}","templated":true}]}}