{"id":28613,"date":"2024-06-14T08:33:00","date_gmt":"2024-06-14T06:33:00","guid":{"rendered":"https:\/\/www.radioribelle.it\/?p=28613"},"modified":"2024-06-11T15:00:05","modified_gmt":"2024-06-11T13:00:05","slug":"citta-di-castello-estate-in-citta","status":"publish","type":"post","link":"https:\/\/www.radioribelle.it\/index.php\/2024\/06\/14\/citta-di-castello-estate-in-citta\/","title":{"rendered":"Citt\u00e0 di Castello &#8211; Estate in citt\u00e0"},"content":{"rendered":"\n<div class=\"wp-block-image\"><figure class=\"alignright size-large is-resized\"><img loading=\"lazy\" src=\"https:\/\/www.radioribelle.it\/wp-content\/uploads\/2024\/06\/Concerto-Dj-Ralf-2-1024x683.jpg\" alt=\"\" class=\"wp-image-28614\" width=\"387\" height=\"258\" srcset=\"https:\/\/www.radioribelle.it\/wp-content\/uploads\/2024\/06\/Concerto-Dj-Ralf-2-1024x683.jpg 1024w, https:\/\/www.radioribelle.it\/wp-content\/uploads\/2024\/06\/Concerto-Dj-Ralf-2-300x200.jpg 300w, https:\/\/www.radioribelle.it\/wp-content\/uploads\/2024\/06\/Concerto-Dj-Ralf-2-768x512.jpg 768w, https:\/\/www.radioribelle.it\/wp-content\/uploads\/2024\/06\/Concerto-Dj-Ralf-2-1536x1024.jpg 1536w, https:\/\/www.radioribelle.it\/wp-content\/uploads\/2024\/06\/Concerto-Dj-Ralf-2-2048x1365.jpg 2048w, https:\/\/www.radioribelle.it\/wp-content\/uploads\/2024\/06\/Concerto-Dj-Ralf-2-619x413.jpg 619w\" sizes=\"(max-width: 387px) 100vw, 387px\" \/><\/figure><\/div>\n\n\n\n<p>Con \u201cEstate in citt\u00e0\u201d da giugno a settembre circa 90 serate tra musica, spettacoli, intrattenimento ed eventi culturali e sportivi. Gioved\u00ec 13 giugno si parte con la \u201cNotte dello Sport Tifernate\u201d nel centro storico<\/p>\n\n\n\n<!--more-->\n\n\n\n<p>Il cartellone di \u201cEstate in Citt\u00e0\u201d 2024 regaler\u00e0&nbsp;<em>da giugno a settembre circa 90 serate da vivere insieme<\/em>, per divertirsi e godersi la bellezza di Citt\u00e0 di Castello, scegliendo ogni volta tra musica, spettacolo, intrattenimento, eventi culturali e sportivi, con personaggi noti al grande pubblico e appuntamenti che guardano a tutte le et\u00e0 della vita, dai bambini, ai giovani fino agli anziani, con un occhio particolare rivolto alle famiglie. Iniziative pensate per accendere tante luci sui luoghi del centro storico e del territorio cari ai tifernati, sulle dimore dell\u2019arte e della cultura, ma anche sul talento e la voglia di fare del mondo dell\u2019associazionismo, un\u2019energia inesauribile che parla della citt\u00e0 e della sua identit\u00e0, che racconta delle sue tradizioni, delle sue passioni, della sua storia e della sua vivacit\u00e0.&nbsp;<em>Il programma delle iniziative promosse dal Comune con il consorzio Pro Centro e le associazioni del territorio \u00e8 stato illustrato stamattina in conferenza stampa nella residenza municipale tifernate.<\/em>&nbsp;\u201cCi sar\u00e0 praticamente un evento ogni sera, per dare ai tifernati a casa e ai turisti che soggiorneranno nel territorio tante occasioni e tanti motivi per vivere la nostra citt\u00e0, fare dei suoi luoghi pi\u00f9 belli e dei suoi contenitori pi\u00f9 importanti un ritrovo per stare in famiglia e con gli amici, un\u2019occasione per divertirsi, ma anche per conoscere e apprezzare quanto la nostra comunit\u00e0 sa fare e offrire con la sua vivacit\u00e0\u201d, hanno spigato&nbsp;<em>gli assessorati al Commercio, al Turismo e alla Cultura, insieme al vice sindaco<\/em>, parlando di \u201cun cartellone pensato e organizzato insieme alla citt\u00e0, con le sue risorse professionali e culturali, con il protagonismo degli operatori commerciali, del mondo dell\u2019associazionismo, dei rioni e delle pro loco, con spirito di condivisione e sinergia\u201d. Sottolineando la soddisfazione per la qualit\u00e0 e la variet\u00e0 degli eventi racchiusi nel cartellone di \u201cEstate in Citt\u00e0\u201d, ma anche per la numerosit\u00e0 delle proposte culturali arrivate, gli amministratori comunali hanno invitato la cittadinanza a partecipare alle molte opportunit\u00e0 di vivere la citt\u00e0 che ci saranno in questi quattro mesi. Il&nbsp;<em>presidente del consorzio Pro Centro<\/em>&nbsp;ha evidenziato l\u2019impegno dei commercianti della citt\u00e0 per contribuire a rendere appetibile e vivace il centro storico. \u201cC\u2019\u00e8 un grande lavoro di proposta da parte degli operatori commerciali e dell\u2019amministrazione comunale, che ci aspettiamo venga colto e apprezzato: il cuore della nostra citt\u00e0 sar\u00e0 vivo e accogliente, aperto a tutti i gusti e a tutte le et\u00e0\u201d, ha sottolineato il rappresentante di Pro Centro, auspicando che \u201cvenga superata l\u2019idea che la citt\u00e0 non offre abbastanza, perch\u00e9 i fatti, alla luce di un simile cartellone di eventi, dimostrano l\u2019esatto contrario\u201d.&nbsp;<em>Nella prima settimana di programmazione, gioved\u00ec 13 giugno \u201cEstate in citt\u00e0\u201d partir\u00e0 con uno degli eventi clou del cartellone: la seconda edizione della \u201cNotte dello Sport\u201d, che il Comune torna a organizzare con il patrocinio dell\u2019Assemblea Legislativa dell\u2019Umbria.<\/em>&nbsp;I negozi della citt\u00e0 aperti per lo shopping sotto le stelle faranno da cornice a un festival che porter\u00e0 alla ribalta i protagonisti dello sport cittadino per uno sguardo sulla realt\u00e0 e sulla cultura di tante esperienze ed eccellenze che fanno di Citt\u00e0 di Castello un punto di riferimento umbro e nazionale. Nel corso della serata sar\u00e0 presentato il nuovo logo della manifestazione, insieme alle t-shirt sportive dedicate.&nbsp;<em>Saranno 21 le associazioni in campo<\/em>&nbsp;(ASD Beata Margherita, Motoclub Baglioni, Citt\u00e0 di Castello Rugby, Atletica Libertas, Madonna del Latte, Caldese Horse Academy, Pallavolo Citt\u00e0 di Castello, Tennis Academy Polisport, Tiferno Pallacanestro, Compagnia Arcieri Tifernum, Tifernum Pallavolo, Sporting Club Trestina, Clinique, Canoa Club Citt\u00e0 di Castello, Centro Judo Ginnastica Tifernate, Atletica Pakman, Real Tiferno, Cnat 99, Pallavolo Trestina, Junior Tiferno, Compagnia Balestrieri Citt\u00e0 di Castello), che daranno un assaggio della professionalit\u00e0, della cultura, della passione e dell\u2019entusiasmo con cui fanno sport ogni giorno, trasformando le piazze principali del centro storico in terreni da gioco e palestre per i bambini, nelle quali assistere e dimostrazioni e cimentarsi direttamente con palloni e attrezzi. Nel fine settimana partir\u00e0 anche la rassegna di spettacoli della&nbsp;<em>stagione di teatro nel cortile di Santa Cecilia<\/em>, uno degli appuntamenti pi\u00f9 seguiti del cartellone di \u201cEstate in citt\u00e0\u201d. Il debutto sabato 15 giugno (ore 21.00) sar\u00e0 affidato all\u2019esibizione della compagnia dei Freghi della Badia. Domenica 16, Retr\u00f2 aprir\u00e0 una giornata nella quale andranno in scena anche la 10^ edizione della Mostra Mercato Solstizio d&#8217;Estate a Trestina, la visita all\u2019ala nuova della Pinacoteca comunale (ore 16.00) e lo spettacolo del Teatro dei panni stesi in piazza Delle Oche (ore 21.00). La settimana proseguir\u00e0 nel segno degli eventi teatrali e culturali fino a un altro evento clou della programmazione: la&nbsp;<em>\u201cGoal Night\u201d di gioved\u00ec 20 giugno, che segner\u00e0 il ritorno di DJ Shopping,<\/em>&nbsp;con la musica nel centro storico e i negozi aperti. Una notte di calcio, con la partita Italia-Spagna del Campionato Europeo che sar\u00e0 proiettata alle ore 21.00 su un maxi-schermo in piazza Matteotti, ma anche intrattenimento, con l\u2019esibizione post-match di&nbsp;<em>Wender<\/em>&nbsp;e&nbsp;<em>Johnny Mele<\/em>, gli scatenati e divertenti personaggi dello&nbsp;<em>\u201cZoo di 105\u201d<\/em>, la trasmissione divenuta un cult per gli appassionati di radio di tutte le et\u00e0. La serata sar\u00e0 aperta all\u2019ora dell\u2019aperitivo dai dj set nei luoghi principali del centro storico, che faranno ballare e cantare dalle ore 19.30 alle ore 21.00. Tra gli eventi pi\u00f9 importanti del programma di \u201cEstate in Citt\u00e0\u201d presentati stamattina ci saranno, poi, la&nbsp;<em>\u201cNotte Fucsia\u201d&nbsp;<\/em>(sabato 6 luglio), con il centro tappezzato a tema e tanti eventi per divertirsi, la&nbsp;<em>\u201cFesta del Raccolto\u201d<\/em>&nbsp;con i Molini Fagioli (luned\u00ec 8 luglio), la&nbsp;<em>Parata Walt Disney<\/em>&nbsp;(gioved\u00ec 8 agosto), che torner\u00e0 a grande richiesta dopo il successo dell\u2019anno scorso insieme alla musica funk, disco, soul, pop. Confermati anche gli appuntamenti con la tradizione di Citt\u00e0 di Castello, dalla&nbsp;<em>Fiera di San Bartolomeo con la Mostra Zootecnica<\/em>&nbsp;(23-26 agosto), il&nbsp;<em>Finger Food Festival&nbsp;<\/em>e la&nbsp;<em>Tombola<\/em>&nbsp;in piazza. Un grande ritorno sar\u00e0 poi quello della&nbsp;<em>Transitalia Marathon<\/em>, il 23 settembre.<\/p>\n\n\n\n<p><em>Saranno pi\u00f9 di 50 le iniziative culturali in cartellone.<\/em>&nbsp;Tra queste, il&nbsp;<em>teatro nel cortile di Santa Cecilia<\/em>, con sette spettacoli a chiusura di una stagione molto vivace. Dopo l\u2019appuntamento del 15 giugno con i Freghi della Badia, il 19 giugno andr\u00e0 in scena Astra APS, il 24 giugno Politheater, l\u20191 luglio Novamusica, il 2 luglio Jacopo Falchi e il 3 luglio si chiuder\u00e0 con Medem.&nbsp;<em>Un ciclo musicale speciale sar\u00e0 quello dei concerti di piazza Gabriotti, con 14 appuntamenti&nbsp;<\/em>che prenderanno il via il 14 giugno con Jazz &amp; blues Bridge Band e si concluderanno il 30 agosto con i Darklore White Rose. In mezzo ci saranno i Ladrones (29 giugno) e Groovy (5 luglio), poi molti attesi ritorni: Half Star Project (7 luglio); Demag\u00f2 (12 luglio); i Paguro Bernardo (13 luglio) per la prima volta; Tiferno Jazz band (14 luglio); Lapi Way Fest con YS LaVey (20 luglio); Animakom (25 luglio); DIVA Jazz Talent (26 luglio); Tea Set Acustic Duo (1 agosto); Rock\u2019n\u2019piazza (2 agosto).&nbsp;<em>Come ogni anno alla fine di giugno sar\u00e0 festeggiato il compleanno della Pinacoteca: quest\u2019anno saranno 112 anni.&nbsp;<\/em>\u201cBuon compleanno, Pinacoteca\u201d si svolger\u00e0 dal 26 al 29 giugno con una serie di eventi tra cui un\u2019iniziativa dedicata al restauro della Pala di Santa Cecilia, progetto che compie un anno e che sta rivelandosi molto interessante e suggestivo, grazie anche al supporto tramite Art Bonus di Universit\u00e0 telematica E Campus. Ci saranno anche un concerto dedicato alla Collezione Bartoccini, con Giulio Castrica e Cesare Tiroli, visite ed eventi all\u2019insegna della contemporaneit\u00e0 a poche settimane dall\u2019inaugurazione del nuovo allestimento dell\u2019ala nuova. Nel cartellone di \u201cEstate in citt\u00e0\u201d troveranno spazio anche la&nbsp;<em>danza sotto le stelle<\/em>&nbsp;a cura del Consorzio Castello Danza; il&nbsp;<em>trekking urbano<\/em>&nbsp;di Artea; le&nbsp;<em>letture nei parchi<\/em>&nbsp;di LAav;&nbsp;<em>\u201cAspettando Tiferno Comics\u201d<\/em>, con incontri dedicati alla protagonista della Mostra 2024,&nbsp;<em>Vanna Vinci<\/em>, in vari spazi della citt\u00e0. La&nbsp;<em>Biblioteca Carducci<\/em>&nbsp;sar\u00e0 protagonista con \u201cLa biblioteca va al mercato\u201d ogni ultimo sabato del mese e la visita \u201cI libri e la citt\u00e0\u201d a cura di Silvia Palazzi, il 7 settembre. Anche quest\u2019anno nell\u2019ambito di \u201cEstate in Citt\u00e0\u201d \u00e8 stato lanciato un bando per valorizzare i talenti e gli artisti locali, offrendo l\u2019occasione di esibirsi per la loro citt\u00e0 nella piazza di rappresentanza e nella cornice suggestiva del Cortile di Santa Cecilia, dove torner\u00e0 l\u2019attesa rassegna&nbsp;<em>CDCinema<\/em>&nbsp;dal 15 al 31 luglio.&nbsp;<em>Le iniziative di Poliedro Cultura caratterizzeranno tutta l\u2019estate<\/em>: dalle visite Contemporary all\u2019ala nuova e gli atelier laboratori, alla citt\u00e0 fortificata alla scoperta di torri campanili e castelli. Da un classico con Pinacoteca al Chiaro di Luna al percorso Qua e l\u00e0 per l\u2019Umbria a Garavelle con il regista Gino Goti. Dai Luoghi della Liberazione alla merenda in campagna, il percorso templari e la visita al Cimitero monumentale.&nbsp;<em>L\u2019intero cartellone di \u201cEstate in Citt\u00e0\u201d potr\u00e0 essere consultato in tempo reale online<\/em>, grazie a un QR code stampato sui totem e sul materiale promozionale, sull\u2019homepage del portale Citt\u00e0 di Castello Turismo, che dedicher\u00e0 anche quest\u2019anno un focus sulle sagre paesane nel territorio comunale, sui canali social istituzionali del Comune, nelle strutture ricettive altotiberine, alle quali saranno inviate tutte le informazioni su iniziative e orari. Ci sar\u00e0, quindi, una comunicazione puntuale quotidiana sugli eventi in programma.<\/p>\n","protected":false},"excerpt":{"rendered":"<p>Con \u201cEstate in citt\u00e0\u201d da giugno a settembre circa 90 serate tra musica, spettacoli, intrattenimento ed eventi culturali e sportivi. Gioved\u00ec 13 giugno si parte con la \u201cNotte dello Sport Tifernate\u201d nel centro storico<\/p>\n","protected":false},"author":1,"featured_media":0,"comment_status":"open","ping_status":"open","sticky":false,"template":"","format":"standard","meta":{"_joinchat":[]},"categories":[1],"tags":[],"_links":{"self":[{"href":"https:\/\/www.radioribelle.it\/index.php\/wp-json\/wp\/v2\/posts\/28613"}],"collection":[{"href":"https:\/\/www.radioribelle.it\/index.php\/wp-json\/wp\/v2\/posts"}],"about":[{"href":"https:\/\/www.radioribelle.it\/index.php\/wp-json\/wp\/v2\/types\/post"}],"author":[{"embeddable":true,"href":"https:\/\/www.radioribelle.it\/index.php\/wp-json\/wp\/v2\/users\/1"}],"replies":[{"embeddable":true,"href":"https:\/\/www.radioribelle.it\/index.php\/wp-json\/wp\/v2\/comments?post=28613"}],"version-history":[{"count":2,"href":"https:\/\/www.radioribelle.it\/index.php\/wp-json\/wp\/v2\/posts\/28613\/revisions"}],"predecessor-version":[{"id":28621,"href":"https:\/\/www.radioribelle.it\/index.php\/wp-json\/wp\/v2\/posts\/28613\/revisions\/28621"}],"wp:attachment":[{"href":"https:\/\/www.radioribelle.it\/index.php\/wp-json\/wp\/v2\/media?parent=28613"}],"wp:term":[{"taxonomy":"category","embeddable":true,"href":"https:\/\/www.radioribelle.it\/index.php\/wp-json\/wp\/v2\/categories?post=28613"},{"taxonomy":"post_tag","embeddable":true,"href":"https:\/\/www.radioribelle.it\/index.php\/wp-json\/wp\/v2\/tags?post=28613"}],"curies":[{"name":"wp","href":"https:\/\/api.w.org\/{rel}","templated":true}]}}