{"id":29106,"date":"2024-06-26T19:06:00","date_gmt":"2024-06-26T17:06:00","guid":{"rendered":"https:\/\/www.radioribelle.it\/?p=29106"},"modified":"2024-06-27T16:51:49","modified_gmt":"2024-06-27T14:51:49","slug":"fabio-bardelli-il-giorno-perfetto","status":"publish","type":"post","link":"https:\/\/www.radioribelle.it\/index.php\/2024\/06\/26\/fabio-bardelli-il-giorno-perfetto\/","title":{"rendered":"FABIO BARDELLI Il giorno perfetto"},"content":{"rendered":"\n<div class=\"wp-block-image\"><figure class=\"alignleft size-full is-resized\"><img loading=\"lazy\" src=\"https:\/\/www.radioribelle.it\/wp-content\/uploads\/2024\/06\/mostra.png\" alt=\"\" class=\"wp-image-29107\" width=\"345\" height=\"183\" srcset=\"https:\/\/www.radioribelle.it\/wp-content\/uploads\/2024\/06\/mostra.png 794w, https:\/\/www.radioribelle.it\/wp-content\/uploads\/2024\/06\/mostra-300x159.png 300w, https:\/\/www.radioribelle.it\/wp-content\/uploads\/2024\/06\/mostra-768x407.png 768w, https:\/\/www.radioribelle.it\/wp-content\/uploads\/2024\/06\/mostra-619x328.png 619w\" sizes=\"(max-width: 345px) 100vw, 345px\" \/><\/figure><\/div>\n\n\n\n<p>Arezzo: Palazzo della Provincia 29 giugno > 21 luglio opening: sabato 29 giugno 2024, ore 17.30 La Provincia \u00a0di Arezzo \u00e8 lieta di ospitare il lavoro dell\u2019artista Fabio Bardelli, a cui sar\u00e0 dedicata un\u2019esposizione personale nel coreografico Atrio d\u2019Onore di Palazzo della Provincia. Trenta opere (tutti quadri) saranno anche un esempio d\u2019impegno museografico, perch\u00e9 l\u2019allestimento non prevede pannellatura di supporto n\u00e9 uso delle pareti (affrescate in stile geometrico d\u2019ambiente, nei primi del Novecento). <\/p>\n\n\n\n<!--more-->\n\n\n\n<p>Bardelli \u00e8 una delle figure pittoriche di riferimento nel territorio aretino; arte e autore non vengono da lontano (Torrita di Siena, 1968), ma \u00e8 come se, guardando quella pittura, ne siamo sospinti a restarvi e forse convinti a entrarvi e rientrarvi per non uscirvi, quasi presi e persi insieme. L\u2019Accademia di Belle Arti di Urbino, gli studi con Elio Marchegiani e Omar Galliani e Gian Ruggero Manzoni, poi il mondo: il suo, quello che si riflette nella storia di oggi, per una sensibilit\u00e0 quasi canonica, ordinaria, ma che si fa significativa, espressivamente intensa quando si disordina, quando insomma diventa pi\u00f9 vera, autentica fino a dirsi capace di sprecarsi in disquisizioni tecniche. La qualit\u00e0 del lavoro di Bardelli \u00e8 un riferimento all\u2019aspetto funambolico del vivere: \u00e8 quieto, dentro la propria distanza dalle cose, per\u00f2 poi le riveste con una specie di pellicola chimica che ne accende in lui e in noi il dato di verit\u00e0. Come scrive Fabio Migliorati nel catalogo Effigi Edizioni, <em>Il sentire di Bardelli \u00e8 tutto in una strana pittura quasi di radici balcaniche, al limite di un mito slavo contemporaneo a cui per\u00f2 nessuno crede. <\/em>E\u2019 cos\u00ec che il Critico aretino scopre e riscopre il pensiero dell\u2019artista nel suo dipingere: un viaggio zingaresco in cui si avvertono strutture lassamente ma audacemente amministrate. Fabio Bardelli non scompare mai dal testo della propria pittura; pare che il senso di quel descrivere non possa che essere quello del proprio descriversi. Il testo pittorico di Fabio Bardelli non \u00e8 capace di essere ambiguo; non gioca mai troppo a lungo; non corre pi\u00f9 tanto lontano come avrebbe fatto un racconto segnico dell\u2019ultimo scorcio del Novecento. Eppure si rivela un gusto per la lettura che desidera, desiderandosi: la pittura che cede su se stessa, si accantona sulle proprie spoglie, in qualche maniera avanza poich\u00e9 non basta mai. La mostra sar\u00e0 approfondita in un catalogo Effigi Edizioni, con la presentazione di Alessandro Polcri, Presidente della Provincia di Arezzo; l\u2019introduzione critica di Fabio Migliorati, curatore; il testo di Gian Ruggero Manzoni, storico dell\u2019arte. Promossa da ForKunst, con il patrocinio della Regione Toscana, della Provincia e del Comune di Arezzo, il contributo di Ulric Studio, di Cosmos servizi, Arezzo rende omaggio a uno dei suoi artisti finora non abbastanza sostenuti: e lo fa dalle ore 17.30 di sabato 29 giugno 2024. La cittadinanza \u00e8 invitata a prender parte alla presentazione dell\u2019opera nella Sala Consiliare (dei Grandi), alla presenza del presidente della Provincia Alessandro Polcri, del Consigliere Simone Palazzo, del Curatore della mostra Fabio Migliorati, dell\u2019artista Fabio Bardelli, per poi scendere nell\u2019Atrio d\u2019Onore dove la mostra rimarr\u00e0 visitabile fino al 21 luglio2024, da gioved\u00ec a domenica e dalle 11.00 alle 20.00.<\/p>\n\n\n\n<p>a cura di FABIO MIGLIORATI<\/p>\n","protected":false},"excerpt":{"rendered":"<p>Arezzo: Palazzo della Provincia 29 giugno > 21 luglio opening: sabato 29 giugno 2024, ore 17.30 La Provincia \u00a0di Arezzo \u00e8 lieta di ospitare il lavoro dell\u2019artista Fabio Bardelli, a cui sar\u00e0 dedicata un\u2019esposizione personale nel coreografico Atrio d\u2019Onore di Palazzo della Provincia. Trenta opere (tutti quadri) saranno anche un esempio d\u2019impegno museografico, perch\u00e9 l\u2019allestimento [&hellip;]<\/p>\n","protected":false},"author":1,"featured_media":0,"comment_status":"open","ping_status":"open","sticky":false,"template":"","format":"standard","meta":{"_joinchat":[]},"categories":[1],"tags":[],"_links":{"self":[{"href":"https:\/\/www.radioribelle.it\/index.php\/wp-json\/wp\/v2\/posts\/29106"}],"collection":[{"href":"https:\/\/www.radioribelle.it\/index.php\/wp-json\/wp\/v2\/posts"}],"about":[{"href":"https:\/\/www.radioribelle.it\/index.php\/wp-json\/wp\/v2\/types\/post"}],"author":[{"embeddable":true,"href":"https:\/\/www.radioribelle.it\/index.php\/wp-json\/wp\/v2\/users\/1"}],"replies":[{"embeddable":true,"href":"https:\/\/www.radioribelle.it\/index.php\/wp-json\/wp\/v2\/comments?post=29106"}],"version-history":[{"count":1,"href":"https:\/\/www.radioribelle.it\/index.php\/wp-json\/wp\/v2\/posts\/29106\/revisions"}],"predecessor-version":[{"id":29108,"href":"https:\/\/www.radioribelle.it\/index.php\/wp-json\/wp\/v2\/posts\/29106\/revisions\/29108"}],"wp:attachment":[{"href":"https:\/\/www.radioribelle.it\/index.php\/wp-json\/wp\/v2\/media?parent=29106"}],"wp:term":[{"taxonomy":"category","embeddable":true,"href":"https:\/\/www.radioribelle.it\/index.php\/wp-json\/wp\/v2\/categories?post=29106"},{"taxonomy":"post_tag","embeddable":true,"href":"https:\/\/www.radioribelle.it\/index.php\/wp-json\/wp\/v2\/tags?post=29106"}],"curies":[{"name":"wp","href":"https:\/\/api.w.org\/{rel}","templated":true}]}}