{"id":30091,"date":"2024-07-22T16:22:06","date_gmt":"2024-07-22T14:22:06","guid":{"rendered":"https:\/\/www.radioribelle.it\/?p=30091"},"modified":"2024-07-22T16:22:08","modified_gmt":"2024-07-22T14:22:08","slug":"grandi-restauri-a-san-domenico","status":"publish","type":"post","link":"https:\/\/www.radioribelle.it\/index.php\/2024\/07\/22\/grandi-restauri-a-san-domenico\/","title":{"rendered":"Grandi restauri a San Domenico"},"content":{"rendered":"\n<div class=\"wp-block-image\"><figure class=\"alignright size-large is-resized\"><img loading=\"lazy\" src=\"https:\/\/www.radioribelle.it\/wp-content\/uploads\/2024\/07\/IMG-20240509-WA0020-1024x768.jpg\" alt=\"\" class=\"wp-image-30093\" width=\"215\" height=\"161\" srcset=\"https:\/\/www.radioribelle.it\/wp-content\/uploads\/2024\/07\/IMG-20240509-WA0020-1024x768.jpg 1024w, https:\/\/www.radioribelle.it\/wp-content\/uploads\/2024\/07\/IMG-20240509-WA0020-300x225.jpg 300w, https:\/\/www.radioribelle.it\/wp-content\/uploads\/2024\/07\/IMG-20240509-WA0020-768x576.jpg 768w, https:\/\/www.radioribelle.it\/wp-content\/uploads\/2024\/07\/IMG-20240509-WA0020-1536x1152.jpg 1536w, https:\/\/www.radioribelle.it\/wp-content\/uploads\/2024\/07\/IMG-20240509-WA0020-619x464.jpg 619w, https:\/\/www.radioribelle.it\/wp-content\/uploads\/2024\/07\/IMG-20240509-WA0020.jpg 2048w\" sizes=\"(max-width: 215px) 100vw, 215px\" \/><\/figure><\/div>\n\n\n\n<p>Prosegue la campagna di restauri promossa da TifernArte che, con l\u2019importante contributo economico dell\u2019Associazione palazzo Vitelli a S. Egidio, e sotto la guida della Soprintendenza Archeologia, Belle Arti e Paesaggio dell&#8217;Umbria, ha iniziato a lavorare al grande affresco del S. Antonio abate, posto sulla parete nord della chiesa di San Domenico a Citt\u00e0 di Castello, per poi passare all\u2019adiacente Nativit\u00e0 confinante con la porta d\u2019ingresso prospiciente piazza S. Giovanni in Campo. <\/p>\n\n\n\n<!--more-->\n\n\n\n<p>Tale serie di interventi si innesta su quelli gi\u00e0 avviati dall\u2019associazione Chiese Storiche, determinando cos\u00ec una bella sinergia tra le due associazioni, tesa alla salvaguardia delle numerose opere d\u2019arte qui conservate. Tale intervento sta riportando alla luce un\u2019opera di notevole qualit\u00e0, divenuta col tempo poco leggibile per gli strati di polvere e altro sedimentatisi; gi\u00e0 attribuita ad Antonio Alberti da Ferrara (<em>Ferrara<\/em>, 1390\/1400 \u2013 Urbino, 1442\/1449), del quale si conserva in pinacoteca un trittico a fondo oro proveniente dalla ex chiesa di San Bartolomeo. Il suo periodo formativo si svolse, con molta probabilit\u00e0, nelle Marche e in Umbria a contatto con l&#8217;arte di Ottaviano Nelli e di Gentile da Fabriano, tutti e due questi ultimi hanno lavorato in citt\u00e0. Del Nelli si conserva un affresco con la \u2018<em>dormitio virginis\u2019<\/em> a S. Maria delle Grazie, mentre Il Vasari, nelle \u2018Vite\u2019, parla esplicitamente di Gentile intento a dipingere a Citt\u00e0 di Castello. Questo affresco appartiene in pieno a quel periodo della Storia dell\u2019Arte chiamato \u2018Gotico Internazionale\u2019, che vede in questa chiesa alcuni importanti esempi. E chiss\u00e0 se da qualche parte, qui o altrove in citt\u00e0, emerger\u00e0 anche la \u2018mano\u2019 di Gentile\u2026 Recenti studi datano questo affresco al 1424, data di consacrazione della nuova chiesa dei domenicani. Grazie ai restauri si sta procedendo allo svelamento di un\u2019opera che riteniamo debba essere pi\u00f9 attentamente studiata dagli storici dell\u2019arte. L\u2019iconografia si rif\u00e0 alla \u2018<em>Leggenda di Patras<\/em>\u2019, manoscritto dell\u2019anno mille, di notevole diffusione nei successivi secoli, ma anche ad altre fonti. Queste opere, come altre, necessitano di interventi conservativi e di valorizzazione di cui TifernArte si fa promotrice. Citt\u00e0 di Castello ha molto ancora da rivelare e questo dipinto lo dimostra appieno. La fine dei lavori \u00e8 prevista per ottobre p.v. quando verr\u00e0 organizzato un convegno di presentazione delle opere e dei restauri, di cui daremo notizia. TifernArte ha in serbo altri interventi per il prossimo futuro, sempre all\u2019insegna della valorizzazione del nostro patrimonio storico artistico.<\/p>\n\n\n\n<p>Marco Baldicchi presidente p.t. TifernArte<\/p>\n","protected":false},"excerpt":{"rendered":"<p>Prosegue la campagna di restauri promossa da TifernArte che, con l\u2019importante contributo economico dell\u2019Associazione palazzo Vitelli a S. Egidio, e sotto la guida della Soprintendenza Archeologia, Belle Arti e Paesaggio dell&#8217;Umbria, ha iniziato a lavorare al grande affresco del S. Antonio abate, posto sulla parete nord della chiesa di San Domenico a Citt\u00e0 di Castello, [&hellip;]<\/p>\n","protected":false},"author":1,"featured_media":0,"comment_status":"open","ping_status":"open","sticky":false,"template":"","format":"standard","meta":{"_joinchat":[]},"categories":[1],"tags":[],"_links":{"self":[{"href":"https:\/\/www.radioribelle.it\/index.php\/wp-json\/wp\/v2\/posts\/30091"}],"collection":[{"href":"https:\/\/www.radioribelle.it\/index.php\/wp-json\/wp\/v2\/posts"}],"about":[{"href":"https:\/\/www.radioribelle.it\/index.php\/wp-json\/wp\/v2\/types\/post"}],"author":[{"embeddable":true,"href":"https:\/\/www.radioribelle.it\/index.php\/wp-json\/wp\/v2\/users\/1"}],"replies":[{"embeddable":true,"href":"https:\/\/www.radioribelle.it\/index.php\/wp-json\/wp\/v2\/comments?post=30091"}],"version-history":[{"count":1,"href":"https:\/\/www.radioribelle.it\/index.php\/wp-json\/wp\/v2\/posts\/30091\/revisions"}],"predecessor-version":[{"id":30094,"href":"https:\/\/www.radioribelle.it\/index.php\/wp-json\/wp\/v2\/posts\/30091\/revisions\/30094"}],"wp:attachment":[{"href":"https:\/\/www.radioribelle.it\/index.php\/wp-json\/wp\/v2\/media?parent=30091"}],"wp:term":[{"taxonomy":"category","embeddable":true,"href":"https:\/\/www.radioribelle.it\/index.php\/wp-json\/wp\/v2\/categories?post=30091"},{"taxonomy":"post_tag","embeddable":true,"href":"https:\/\/www.radioribelle.it\/index.php\/wp-json\/wp\/v2\/tags?post=30091"}],"curies":[{"name":"wp","href":"https:\/\/api.w.org\/{rel}","templated":true}]}}