{"id":30161,"date":"2024-07-25T14:10:00","date_gmt":"2024-07-25T12:10:00","guid":{"rendered":"https:\/\/www.radioribelle.it\/?p=30161"},"modified":"2024-07-24T22:02:13","modified_gmt":"2024-07-24T20:02:13","slug":"variante-del-cassero","status":"publish","type":"post","link":"https:\/\/www.radioribelle.it\/index.php\/2024\/07\/25\/variante-del-cassero\/","title":{"rendered":"Variante del Cassero"},"content":{"rendered":"\n<div class=\"wp-block-image\"><figure class=\"alignright size-large is-resized\"><img loading=\"lazy\" src=\"https:\/\/www.radioribelle.it\/wp-content\/uploads\/2024\/07\/Asfaltatura-Cassero-2-1024x683.jpg\" alt=\"\" class=\"wp-image-30162\" width=\"209\" height=\"139\" srcset=\"https:\/\/www.radioribelle.it\/wp-content\/uploads\/2024\/07\/Asfaltatura-Cassero-2-1024x683.jpg 1024w, https:\/\/www.radioribelle.it\/wp-content\/uploads\/2024\/07\/Asfaltatura-Cassero-2-300x200.jpg 300w, https:\/\/www.radioribelle.it\/wp-content\/uploads\/2024\/07\/Asfaltatura-Cassero-2-768x512.jpg 768w, https:\/\/www.radioribelle.it\/wp-content\/uploads\/2024\/07\/Asfaltatura-Cassero-2-1536x1024.jpg 1536w, https:\/\/www.radioribelle.it\/wp-content\/uploads\/2024\/07\/Asfaltatura-Cassero-2-2048x1365.jpg 2048w, https:\/\/www.radioribelle.it\/wp-content\/uploads\/2024\/07\/Asfaltatura-Cassero-2-619x413.jpg 619w\" sizes=\"(max-width: 209px) 100vw, 209px\" \/><\/figure><\/div>\n\n\n\n<p>Da venerd\u00ec 26 luglio sar\u00e0 chiusa per 10 giorni la strettoia di viale Nazario Sauro per completare l\u2019asfaltatura della rotatoria e della nuova viabilit\u00e0 alternativa Per completare i lavori di asfaltatura della Variante del Cassero cambier\u00e0 la viabilit\u00e0 sotto le mura urbiche.\u00a0<em>Da venerd\u00ec 26 luglio sar\u00e0 infatti chiuso al traffico per dieci giorni il tratto stradale di viale Nazario Sauro compreso tra la discesa di Antimo Marchesani e l\u2019accesso al parcheggio Raniero Collesi, che rester\u00e0 comunque sempre accessibile per la sosta al pari del posteggio di piazzale Ferri.<\/em><\/p>\n\n\n\n<!--more-->\n\n\n\n<p>La modifica della circolazione veicolare, disposta con un\u2019ordinanza del comando della Polizia Locale, consentir\u00e0 la posa del manto bituminoso che rivestir\u00e0 la nuova rotatoria gi\u00e0 allestita all\u2019ingresso dell\u2019area di parcheggio dell\u2019ansa del Tevere e permetter\u00e0 di completare con l\u2019ultimo strato l\u2019asfaltatura dell\u2019itinerario stradale che bypasser\u00e0 la strettoia sotto il bastione dei giardini del Cassero.\u00a0<em>La segnaletica di preavviso delle modifiche alla circolazione veicolare<\/em>\u00a0sar\u00e0 collocata all\u2019altezza della rotatoria di Porta San Florido per chi marcia in direzione nord e all\u2019altezza della rotatoria situata tra viale Europa e viale Nazario Sauro per chi marcia in direzione sud. Il comando della Polizia Locale ha individuato la viabilit\u00e0 alternativa nella direttrice nord su via Aretina, mentre nella direttrice sud su viale Sauro, via Buozzi e via Veneto. I residenti ai quali sar\u00e0 precluso l\u2019accesso con i veicoli alle abitazioni potranno sostare nell\u2019area di piazzale Ferri. Non ci sar\u00e0 alcun cambiamento per i percorsi pedonali che collegano l\u2019area al centro storico, che resteranno pienamente accessibili come ora. Ai residenti nelle abitazioni che si trovano nell\u2019area sar\u00e0 garantito il passaggio a piedi. Il completamento dell\u2019asfaltatura della variante del Cassero, iniziata il 10 luglio scorso con i lavori per la posa dei primi due strati bituminosi nel tratto alternativo alla strettoia di viale Nazario Sauro tracciato tra piazzale Ferri e l\u2019ingresso al parcheggio Raniero Collesi, segna un punto di avanzamento importante per il cantiere.\u00a0<em>Una volta che il manto stradale sar\u00e0 stato ultimato e saranno state predisposte tutte le opere accessorie, compresa la segnaletica orizzontale e verticale, verr\u00e0, infatti, aperto al transito veicolare tutto il nuovo itinerario stradale che dalla rotatoria all\u2019incrocio tra viale Nazario Sauro e via Antimo Marchesani raggiunge la viabilit\u00e0 esistente all\u2019altezza del parcheggio Collesi.\u00a0<\/em>A quel punto sar\u00e0 possibile proseguire con i lavori a ridosso delle mura urbiche previsti dal progetto della Variante del Cassero.\u00a0<em>Il tratto stradale di viale Nazario Sauro che verr\u00e0 dismesso dopo l\u2019apertura della variante stradale alternativa sar\u00e0 parzialmente smantellato e trasformato in pista ciclopedonale\u00a0<\/em>per andare a completare l\u2019anello della passeggiata, a piedi e sulle due ruote, attorno alle mura urbiche della citt\u00e0.In corrispondenza dell\u2019accesso alle scale mobili, davanti alle mura urbiche, sar\u00e0 realizzata una piazza urbana, con verde attrezzato, e sar\u00e0 tracciato un nuovo percorso di collegamento a piazzale Ferri.\u00a0<em>Al termine,<\/em>\u00a0<em>il progetto della Variante del Cassero raggiunger\u00e0 cos\u00ec i quattro obiettivi fondamentali:<\/em>\u00a0superare le criticit\u00e0 legate alla sicurezza stradale dovute alla presenza della chicane sulla strettoia; conseguire una\u00a0 maggiore fluidit\u00e0 del traffico veicolare; incentivare l\u2019utilizzo della modalit\u00e0 ciclopedonale per gli spostamenti all\u2019interno della citt\u00e0, attraverso il nuovo percorso che permetter\u00e0 di completare il ring perimetrale delle mura urbiche; valorizzare il patrimonio culturale rappresentato dalla cinta muraria monumentale.\u00a0<em>Nell\u2019ambito dei lavori saranno completamente riqualificati i bagni pubblici di piazzale Ferri<\/em>, attraverso la demolizione e la ricostruzione dell\u2019attuale fabbricato dismesso e l\u2019allestimento di servizi automatici utilizzabili anche dai portatori di handicap.\u00a0<em>Alla realizzazione della Variante del Cassero sar\u00e0 collegato anche l\u2019investimento da 600 mila euro con fondi della Regione Umbria, cofinanziato per 250 mila euro dal Comune, con il quale sar\u00e0 ampliato il parcheggio Raniero Collesi.\u00a0<\/em>Agli attuali 118 stalli per auto del posteggio saranno aggiunti 75 posti e sar\u00e0 montato\u00a0<em>un ascensore che collegher\u00e0 la nuova area di parcheggio e la viabilit\u00e0 ciclopedonale con il bastione del Cassero<\/em>. Sar\u00e0 cos\u00ec abbattuta definitivamente ogni barriera architettonica per l\u2019accesso a piazza Gabriotti delle persone con disabilit\u00e0 motoria, ma anche delle famiglie con passeggini e carrozzine.\u00a0<\/p>\n","protected":false},"excerpt":{"rendered":"<p>Da venerd\u00ec 26 luglio sar\u00e0 chiusa per 10 giorni la strettoia di viale Nazario Sauro per completare l\u2019asfaltatura della rotatoria e della nuova viabilit\u00e0 alternativa Per completare i lavori di asfaltatura della Variante del Cassero cambier\u00e0 la viabilit\u00e0 sotto le mura urbiche.\u00a0Da venerd\u00ec 26 luglio sar\u00e0 infatti chiuso al traffico per dieci giorni il tratto [&hellip;]<\/p>\n","protected":false},"author":1,"featured_media":0,"comment_status":"open","ping_status":"open","sticky":false,"template":"","format":"standard","meta":{"_joinchat":[]},"categories":[1],"tags":[],"_links":{"self":[{"href":"https:\/\/www.radioribelle.it\/index.php\/wp-json\/wp\/v2\/posts\/30161"}],"collection":[{"href":"https:\/\/www.radioribelle.it\/index.php\/wp-json\/wp\/v2\/posts"}],"about":[{"href":"https:\/\/www.radioribelle.it\/index.php\/wp-json\/wp\/v2\/types\/post"}],"author":[{"embeddable":true,"href":"https:\/\/www.radioribelle.it\/index.php\/wp-json\/wp\/v2\/users\/1"}],"replies":[{"embeddable":true,"href":"https:\/\/www.radioribelle.it\/index.php\/wp-json\/wp\/v2\/comments?post=30161"}],"version-history":[{"count":1,"href":"https:\/\/www.radioribelle.it\/index.php\/wp-json\/wp\/v2\/posts\/30161\/revisions"}],"predecessor-version":[{"id":30163,"href":"https:\/\/www.radioribelle.it\/index.php\/wp-json\/wp\/v2\/posts\/30161\/revisions\/30163"}],"wp:attachment":[{"href":"https:\/\/www.radioribelle.it\/index.php\/wp-json\/wp\/v2\/media?parent=30161"}],"wp:term":[{"taxonomy":"category","embeddable":true,"href":"https:\/\/www.radioribelle.it\/index.php\/wp-json\/wp\/v2\/categories?post=30161"},{"taxonomy":"post_tag","embeddable":true,"href":"https:\/\/www.radioribelle.it\/index.php\/wp-json\/wp\/v2\/tags?post=30161"}],"curies":[{"name":"wp","href":"https:\/\/api.w.org\/{rel}","templated":true}]}}