{"id":30392,"date":"2024-08-04T13:04:00","date_gmt":"2024-08-04T11:04:00","guid":{"rendered":"https:\/\/www.radioribelle.it\/?p=30392"},"modified":"2024-08-01T16:09:20","modified_gmt":"2024-08-01T14:09:20","slug":"nota-del-consigliere-comunale-michele-menchetti","status":"publish","type":"post","link":"https:\/\/www.radioribelle.it\/index.php\/2024\/08\/04\/nota-del-consigliere-comunale-michele-menchetti\/","title":{"rendered":"Nota del consigliere comunale Michele Menchetti"},"content":{"rendered":"\n<div class=\"wp-block-image\"><figure class=\"alignleft size-full\"><img loading=\"lazy\" width=\"301\" height=\"168\" src=\"https:\/\/www.radioribelle.it\/wp-content\/uploads\/2023\/08\/MENCHETTI.jpg\" alt=\"\" class=\"wp-image-17878\"\/><\/figure><\/div>\n\n\n\n<p>AREZZO &#8211; \u201cLa reticenza di questa amministrazione \u00e8 molto grave: ho ricevuto risposta, nello specifico tramite l\u2019assessore agli interventi strategici, a una mia interrogazione con oggetto i cantieri di cui si discute maggiormente. E di cui, per alcuni, non si vede la fine. In pratica, nessuna indicazione sui costi di realizzazione. Ma a cosa mi riferivo? <\/p>\n\n\n\n<!--more-->\n\n\n\n<p>Al raddoppio del tunnel in zona&nbsp;Baldaccio, alla limitrofa Casa della salute, alla nuova caserma della polizia municipale in via Fabio Filzi, alla rotatoria di via Fiorentina. Le mie domande erano, credo, chiare: in cosa consistono le opere, la data del loro completamento, la spesa finale per ciascuna. Bene: l\u2019ultimo quesito \u00e8 rimasto inevaso. Credo invece che sia importante conoscere, per la cittadinanza, a quanto ammontano le risorse pubbliche. Qualcosa abbiamo capito su via Fiorentina grazie all\u2019ultimo Consiglio Comunale ma temo che l\u2019incremento dei costi non riguardi solo quel progetto. Infine, a proposito della Casa della salute devo registrare un silenzio totale, se non la precisazione che tale opera non \u00e8 stata assegnata al suddetto assessore. Ora, siccome la stessa \u00e8 sbandierata frequentemente soprattutto dal vicesindaco, credo siano necessari dei chiarimenti: se della struttura se ne occupa un ente diverso perch\u00e9 il Comune se ne assume il merito? E se anche la competenza \u00e8 di altri, il Comune pu\u00f2 e deve poter avere tutte le informazioni necessarie, costi compresi. Invece, oltre alla comunicazione \u2018di comodo\u2019, scopriamo che uno scambio di dati o parlarsi tra assessorati diventa una chimera e che neanche un ufficio tra i tanti \u00e8 in grado di fornirmi quanto richiesto\u201d.<\/p>\n","protected":false},"excerpt":{"rendered":"<p>AREZZO &#8211; \u201cLa reticenza di questa amministrazione \u00e8 molto grave: ho ricevuto risposta, nello specifico tramite l\u2019assessore agli interventi strategici, a una mia interrogazione con oggetto i cantieri di cui si discute maggiormente. E di cui, per alcuni, non si vede la fine. In pratica, nessuna indicazione sui costi di realizzazione. Ma a cosa mi [&hellip;]<\/p>\n","protected":false},"author":1,"featured_media":0,"comment_status":"open","ping_status":"open","sticky":false,"template":"","format":"standard","meta":{"_joinchat":[]},"categories":[1],"tags":[],"_links":{"self":[{"href":"https:\/\/www.radioribelle.it\/index.php\/wp-json\/wp\/v2\/posts\/30392"}],"collection":[{"href":"https:\/\/www.radioribelle.it\/index.php\/wp-json\/wp\/v2\/posts"}],"about":[{"href":"https:\/\/www.radioribelle.it\/index.php\/wp-json\/wp\/v2\/types\/post"}],"author":[{"embeddable":true,"href":"https:\/\/www.radioribelle.it\/index.php\/wp-json\/wp\/v2\/users\/1"}],"replies":[{"embeddable":true,"href":"https:\/\/www.radioribelle.it\/index.php\/wp-json\/wp\/v2\/comments?post=30392"}],"version-history":[{"count":2,"href":"https:\/\/www.radioribelle.it\/index.php\/wp-json\/wp\/v2\/posts\/30392\/revisions"}],"predecessor-version":[{"id":30394,"href":"https:\/\/www.radioribelle.it\/index.php\/wp-json\/wp\/v2\/posts\/30392\/revisions\/30394"}],"wp:attachment":[{"href":"https:\/\/www.radioribelle.it\/index.php\/wp-json\/wp\/v2\/media?parent=30392"}],"wp:term":[{"taxonomy":"category","embeddable":true,"href":"https:\/\/www.radioribelle.it\/index.php\/wp-json\/wp\/v2\/categories?post=30392"},{"taxonomy":"post_tag","embeddable":true,"href":"https:\/\/www.radioribelle.it\/index.php\/wp-json\/wp\/v2\/tags?post=30392"}],"curies":[{"name":"wp","href":"https:\/\/api.w.org\/{rel}","templated":true}]}}