{"id":3048,"date":"2022-07-18T06:11:00","date_gmt":"2022-07-18T04:11:00","guid":{"rendered":"https:\/\/www.radioribelle.it\/?p=3048"},"modified":"2022-07-07T15:13:02","modified_gmt":"2022-07-07T13:13:02","slug":"quando-le-multe-cds-sono-furbette-dichiarare-chi-era-alla-guida","status":"publish","type":"post","link":"https:\/\/www.radioribelle.it\/index.php\/2022\/07\/18\/quando-le-multe-cds-sono-furbette-dichiarare-chi-era-alla-guida\/","title":{"rendered":"Quando le multe Cds sono \u2018furbette\u2019. Dichiarare chi era alla guida"},"content":{"rendered":"\n<div class=\"wp-block-image\"><figure class=\"alignleft size-full\"><img loading=\"lazy\" width=\"259\" height=\"194\" src=\"https:\/\/www.radioribelle.it\/wp-content\/uploads\/2022\/07\/multa.jpg\" alt=\"\" class=\"wp-image-3049\"\/><\/figure><\/div>\n\n\n\n<p>L\u2019art. 126-bis co. 2 del Codice della Strada indica che, avendo commesso un\u2019infrazione che prevede anche decurtazione di punti alla patente, si debba indicare chi era alla guida per provvedervi. Adempimento che deve essere fatto entro 60 giorni da quando si riceve il verbale. La sanzione \u00e8 di un minimo di circa 300 euro, spesso importo superiore a quanto si paga per la violazione che ha dato origine al tutto<\/p>\n\n\n\n<!--more-->\n\n\n\n<p>Sono molti (troppi) i multati che non vi ottemperano. I motivi sono vari, ma il principale \u00e8 che, nell\u2019articolato testo del verbale, la visibilit\u00e0 di questo adempimento non \u00e8 in evidenza e si confonde in un testo (corpo 8 quando va bene) che quasi nessuno legge tranne che, aguzzando la vista, gli importi per pagare e i tempi per farlo in maniera ridotta (quando ci\u00f2 \u00e8 previsto) entro 5 giorni dalla notifica. Ci vuole poco a evitare che ci\u00f2 accada. Basterebbe che il ministero desse indicazioni per una maggiore evidenza di questo adempimento e, in attesa\/mancanza, i singoli Comuni provvedessero alla bisogna. Auspichiamo e invitiamo che ci\u00f2 accada, sperando che ministero e Comuni siano pi\u00f9 interessati al rispetto della legge con meno danni possibili per i multati e non il contrario\u2026. l\u2019attuale situazione \u201cgrafica\u201d, purtroppo, ci fa essere maligni. Segnaliamo in proposito una specifica campagna dell\u2019Associazione Nazionale Coordinamento Camperisti (<a rel=\"noreferrer noopener\" href=\"http:\/\/www.coordinamentocamperisti.it\/\" target=\"_blank\">www.coordinamentocamperisti.it<\/a>), che sta prendendo il via rivolgendosi a tutti i Comuni. L\u2019art.126 bis, comma 2 esiste e, al momento, non pu\u00f2 essere impugnato di per s\u00e9. Sarebbe meglio che la decurtazione dei punti avvenisse in modo automatico all\u2019intestatario del verbale, segnalando la possibilit\u00e0 di indicare altre destinatari (realmente altro o, per esempio, mezzi intestati ad aziende).. ma evidentemente il legislatore non \u00e8 interessato. Ci sono infine altri motivi che andrebbero a vantaggio della modifica legislativa:<br>&#8211; talvolta chi riceve il verbale indica persone (quasi sempre anziane) che non guidavano al momento dell\u2019infrazione, ma la cui decurtazione punti reca loro meno danni\u2026. e chi commette l\u2019infrazione non \u00e8 assoggettato ai rigori della legge. &#8211; quando l\u2019infrazione commessa prevede la decurtazione di molti punti, financo la sospensione della patente, chi riceve il verbale preferisce pagare la multa per omessa dichiarazione piuttosto che sottomettersi ai rigori della legge\u2026. risultato: il rigore della legge non ha efficacia (se non monetariamente) sul ravvedimento del multato e sulla sicurezza in generale.<\/p>\n","protected":false},"excerpt":{"rendered":"<p>L\u2019art. 126-bis co. 2 del Codice della Strada indica che, avendo commesso un\u2019infrazione che prevede anche decurtazione di punti alla patente, si debba indicare chi era alla guida per provvedervi. Adempimento che deve essere fatto entro 60 giorni da quando si riceve il verbale. La sanzione \u00e8 di un minimo di circa 300 euro, spesso [&hellip;]<\/p>\n","protected":false},"author":1,"featured_media":0,"comment_status":"open","ping_status":"open","sticky":false,"template":"","format":"standard","meta":{"_joinchat":[]},"categories":[1],"tags":[],"_links":{"self":[{"href":"https:\/\/www.radioribelle.it\/index.php\/wp-json\/wp\/v2\/posts\/3048"}],"collection":[{"href":"https:\/\/www.radioribelle.it\/index.php\/wp-json\/wp\/v2\/posts"}],"about":[{"href":"https:\/\/www.radioribelle.it\/index.php\/wp-json\/wp\/v2\/types\/post"}],"author":[{"embeddable":true,"href":"https:\/\/www.radioribelle.it\/index.php\/wp-json\/wp\/v2\/users\/1"}],"replies":[{"embeddable":true,"href":"https:\/\/www.radioribelle.it\/index.php\/wp-json\/wp\/v2\/comments?post=3048"}],"version-history":[{"count":1,"href":"https:\/\/www.radioribelle.it\/index.php\/wp-json\/wp\/v2\/posts\/3048\/revisions"}],"predecessor-version":[{"id":3050,"href":"https:\/\/www.radioribelle.it\/index.php\/wp-json\/wp\/v2\/posts\/3048\/revisions\/3050"}],"wp:attachment":[{"href":"https:\/\/www.radioribelle.it\/index.php\/wp-json\/wp\/v2\/media?parent=3048"}],"wp:term":[{"taxonomy":"category","embeddable":true,"href":"https:\/\/www.radioribelle.it\/index.php\/wp-json\/wp\/v2\/categories?post=3048"},{"taxonomy":"post_tag","embeddable":true,"href":"https:\/\/www.radioribelle.it\/index.php\/wp-json\/wp\/v2\/tags?post=3048"}],"curies":[{"name":"wp","href":"https:\/\/api.w.org\/{rel}","templated":true}]}}