{"id":30497,"date":"2024-08-03T11:42:06","date_gmt":"2024-08-03T09:42:06","guid":{"rendered":"https:\/\/www.radioribelle.it\/?p=30497"},"modified":"2024-08-03T11:42:07","modified_gmt":"2024-08-03T09:42:07","slug":"citta-di-castello-variante-del-cassero","status":"publish","type":"post","link":"https:\/\/www.radioribelle.it\/index.php\/2024\/08\/03\/citta-di-castello-variante-del-cassero\/","title":{"rendered":"Citt\u00e0 di Castello: Variante del Cassero"},"content":{"rendered":"\n<div class=\"wp-block-image\"><figure class=\"aligncenter size-large is-resized\"><img loading=\"lazy\" src=\"https:\/\/www.radioribelle.it\/wp-content\/uploads\/2024\/08\/CASSERO3-1024x768.jpeg\" alt=\"\" class=\"wp-image-30498\" width=\"528\" height=\"396\" srcset=\"https:\/\/www.radioribelle.it\/wp-content\/uploads\/2024\/08\/CASSERO3-1024x768.jpeg 1024w, https:\/\/www.radioribelle.it\/wp-content\/uploads\/2024\/08\/CASSERO3-300x225.jpeg 300w, https:\/\/www.radioribelle.it\/wp-content\/uploads\/2024\/08\/CASSERO3-768x576.jpeg 768w, https:\/\/www.radioribelle.it\/wp-content\/uploads\/2024\/08\/CASSERO3-1536x1152.jpeg 1536w, https:\/\/www.radioribelle.it\/wp-content\/uploads\/2024\/08\/CASSERO3-2048x1536.jpeg 2048w, https:\/\/www.radioribelle.it\/wp-content\/uploads\/2024\/08\/CASSERO3-619x464.jpeg 619w\" sizes=\"(max-width: 528px) 100vw, 528px\" \/><\/figure><\/div>\n\n\n\n<p> luned\u00ec 5 agosto avr\u00e0 inizio la graduale apertura al traffico della nuova viabilit\u00e0 di variante a viale Nazario Sauro. mVariante del Cassero:\u00a0luned\u00ec 5 agosto\u00a0avr\u00e0 inizio la graduale apertura al traffico della nuova viabilit\u00e0 di variante a viale Nazario Sauro. Le operazioni di asfaltatura della nuova rotatoria e dei rinnovati parcheggi di piazzale Ferri sono in ultimazione, e con l&#8217;apposizione della segnaletica tali aree saranno aperto al traffico nella serata di luned\u00ec, o la mattina seguente, nel caso, a seconda delle temperature che si riscontreranno, si dovesse decidere di dare ai nuovi asfalti una ulteriore notte di &#8220;raffreddamento&#8221;. <\/p>\n\n\n\n<!--more-->\n\n\n\n<p>Mercoled\u00ec 7 agosto sar\u00e0 aperto al traffico anche il ramo sud della strada, all&#8217;altezza del parcheggio Raniero Collesi, che \u00e8 sempre rimasto fruibile durante la recente e ultima fase di chiusura di viale Sauro . Il completamento dell\u2019asfaltatura della variante del Cassero, iniziata il 10 luglio scorso con i lavori per la posa dei primi due strati bituminosi nel tratto alternativo alla strettoia di viale Nazario Sauro tracciato tra piazzale Ferri e l\u2019ingresso al parcheggio Raniero Collesi, segna un punto di avanzamento importante per il cantiere.\u00a0<em>Una volta che il manto stradale sar\u00e0 stato ultimato e saranno state predisposte tutte le opere accessorie, compresa la segnaletica orizzontale e verticale, verr\u00e0, infatti, aperto al transito veicolare tutto il nuovo itinerario stradale che dalla rotatoria all\u2019incrocio tra viale Nazario Sauro e via Antimo Marchesani raggiunge la viabilit\u00e0 esistente all\u2019altezza del parcheggio Collesi.\u00a0<\/em>A quel punto sar\u00e0 possibile proseguire con i lavori a ridosso delle mura urbiche previsti dal progetto della Variante del Cassero.\u00a0<em>Il tratto stradale di viale Nazario Sauro che verr\u00e0 dismesso dopo l\u2019apertura della variante stradale alternativa sar\u00e0 parzialmente smantellato e trasformato in pista ciclopedonale\u00a0<\/em>per andare a completare l\u2019anello della passeggiata, a piedi e sulle due ruote, attorno alle mura urbiche della citt\u00e0.In corrispondenza dell\u2019accesso alle scale mobili, davanti alle mura urbiche, sar\u00e0 realizzata una piazza urbana, con verde attrezzato, e sar\u00e0 tracciato un nuovo percorso di collegamento a piazzale Ferri.\u00a0<em>Al termine,<\/em>\u00a0<em>il progetto della Variante del Cassero raggiunger\u00e0 cos\u00ec i quattro obiettivi fondamentali:<\/em>\u00a0superare le criticit\u00e0 legate alla sicurezza stradale dovute alla presenza della chicane sulla strettoia; conseguire una\u00a0 maggiore fluidit\u00e0 del traffico veicolare; incentivare l\u2019utilizzo della modalit\u00e0 ciclopedonale per gli spostamenti all\u2019interno della citt\u00e0, attraverso il nuovo percorso che permetter\u00e0 di completare il ring perimetrale delle mura urbiche; valorizzare il patrimonio culturale rappresentato dalla cinta muraria monumentale.\u00a0<em>Nell\u2019ambito dei lavori saranno completamente riqualificati i bagni pubblici di piazzale Ferri<\/em>, attraverso la demolizione e la ricostruzione dell\u2019attuale fabbricato dismesso e l\u2019allestimento di servizi automatici utilizzabili anche dai portatori di handicap.\u00a0<em>Alla realizzazione della Variante del Cassero sar\u00e0 collegato anche l\u2019investimento da 600 mila euro con fondi della Regione Umbria, cofinanziato per 250 mila euro dal Comune, con il quale sar\u00e0 ampliato il parcheggio Raniero Collesi.\u00a0<\/em>Agli attuali 118 stalli per auto del posteggio saranno aggiunti 75 posti e sar\u00e0 montato\u00a0<em>un ascensore che collegher\u00e0 la nuova area di parcheggio e la viabilit\u00e0 ciclopedonale con il bastione del Cassero<\/em>. Sar\u00e0 cos\u00ec abbattuta definitivamente ogni barriera architettonica per l\u2019accesso a piazza Gabriotti delle persone con disabilit\u00e0 motoria, ma anche delle famiglie con passeggini e carrozzine.\u00a0<\/p>\n","protected":false},"excerpt":{"rendered":"<p>luned\u00ec 5 agosto avr\u00e0 inizio la graduale apertura al traffico della nuova viabilit\u00e0 di variante a viale Nazario Sauro. mVariante del Cassero:\u00a0luned\u00ec 5 agosto\u00a0avr\u00e0 inizio la graduale apertura al traffico della nuova viabilit\u00e0 di variante a viale Nazario Sauro. Le operazioni di asfaltatura della nuova rotatoria e dei rinnovati parcheggi di piazzale Ferri sono in [&hellip;]<\/p>\n","protected":false},"author":1,"featured_media":0,"comment_status":"open","ping_status":"open","sticky":false,"template":"","format":"standard","meta":{"_joinchat":[]},"categories":[1],"tags":[],"_links":{"self":[{"href":"https:\/\/www.radioribelle.it\/index.php\/wp-json\/wp\/v2\/posts\/30497"}],"collection":[{"href":"https:\/\/www.radioribelle.it\/index.php\/wp-json\/wp\/v2\/posts"}],"about":[{"href":"https:\/\/www.radioribelle.it\/index.php\/wp-json\/wp\/v2\/types\/post"}],"author":[{"embeddable":true,"href":"https:\/\/www.radioribelle.it\/index.php\/wp-json\/wp\/v2\/users\/1"}],"replies":[{"embeddable":true,"href":"https:\/\/www.radioribelle.it\/index.php\/wp-json\/wp\/v2\/comments?post=30497"}],"version-history":[{"count":1,"href":"https:\/\/www.radioribelle.it\/index.php\/wp-json\/wp\/v2\/posts\/30497\/revisions"}],"predecessor-version":[{"id":30499,"href":"https:\/\/www.radioribelle.it\/index.php\/wp-json\/wp\/v2\/posts\/30497\/revisions\/30499"}],"wp:attachment":[{"href":"https:\/\/www.radioribelle.it\/index.php\/wp-json\/wp\/v2\/media?parent=30497"}],"wp:term":[{"taxonomy":"category","embeddable":true,"href":"https:\/\/www.radioribelle.it\/index.php\/wp-json\/wp\/v2\/categories?post=30497"},{"taxonomy":"post_tag","embeddable":true,"href":"https:\/\/www.radioribelle.it\/index.php\/wp-json\/wp\/v2\/tags?post=30497"}],"curies":[{"name":"wp","href":"https:\/\/api.w.org\/{rel}","templated":true}]}}