{"id":30506,"date":"2024-08-05T12:01:00","date_gmt":"2024-08-05T10:01:00","guid":{"rendered":"https:\/\/www.radioribelle.it\/?p=30506"},"modified":"2024-08-05T11:06:16","modified_gmt":"2024-08-05T09:06:16","slug":"area-lebole-situazione-degradata","status":"publish","type":"post","link":"https:\/\/www.radioribelle.it\/index.php\/2024\/08\/05\/area-lebole-situazione-degradata\/","title":{"rendered":"Area Lebole: situazione degradata"},"content":{"rendered":"\n<div class=\"wp-block-image\"><figure class=\"alignright size-full\"><img loading=\"lazy\" width=\"300\" height=\"168\" src=\"https:\/\/www.radioribelle.it\/wp-content\/uploads\/2024\/08\/lebole.jpeg\" alt=\"\" class=\"wp-image-30507\"\/><\/figure><\/div>\n\n\n\n<p>AREZZO &#8211; \u201c Occorre una soluzione organica condivisa adesso, senza scaricare una pesante eredit\u00e0 sulle future generazioni\u201d Ho letto con interesse l\u2019intervista rilasciata a un quotidiano locale dall\u2019imprenditore proprietario dell\u2019area Lebole. Tanti i temi e le considerazioni, filtrati attraverso un excursus storico che coinvolge, tra gli altri, anche le ultime amministrazioni comunali.<\/p>\n\n\n\n<!--more-->\n\n\n\n<p> Sono infatti coinvolti e chiamati in causa alcuni degli attori pi\u00f9 rilevanti che la citt\u00e0 pu\u00f2 vantare, sia da un punto di vista economico e di rappresentanza categoriale sia da un punto di vista istituzionale. Di fronte alle parole di Carrara, tuttavia, due cose non possono essere pi\u00f9 accettate: il silenzio e la mancanza di azione. Chiedo pertanto un chiarimento per sapere come sono andate e come stanno andando le cose e che i protagonisti coinvolti trovino i modi e i tempi per addivenire a una soluzione organica condivisa che restituisca un senso e una prospettiva al futuro sviluppo dell\u2019area e della citt\u00e0. Quel che \u00e8 certo, a oggi, \u00e8 che ci stiamo caricando di una grave responsabilit\u00e0: rischiamo di lasciare in eredit\u00e0 ai nostri figli una situazione degradata\u201d.<\/p>\n","protected":false},"excerpt":{"rendered":"<p>AREZZO &#8211; \u201c Occorre una soluzione organica condivisa adesso, senza scaricare una pesante eredit\u00e0 sulle future generazioni\u201d Ho letto con interesse l\u2019intervista rilasciata a un quotidiano locale dall\u2019imprenditore proprietario dell\u2019area Lebole. Tanti i temi e le considerazioni, filtrati attraverso un excursus storico che coinvolge, tra gli altri, anche le ultime amministrazioni comunali.<\/p>\n","protected":false},"author":1,"featured_media":0,"comment_status":"open","ping_status":"open","sticky":false,"template":"","format":"standard","meta":{"_joinchat":[]},"categories":[1],"tags":[],"_links":{"self":[{"href":"https:\/\/www.radioribelle.it\/index.php\/wp-json\/wp\/v2\/posts\/30506"}],"collection":[{"href":"https:\/\/www.radioribelle.it\/index.php\/wp-json\/wp\/v2\/posts"}],"about":[{"href":"https:\/\/www.radioribelle.it\/index.php\/wp-json\/wp\/v2\/types\/post"}],"author":[{"embeddable":true,"href":"https:\/\/www.radioribelle.it\/index.php\/wp-json\/wp\/v2\/users\/1"}],"replies":[{"embeddable":true,"href":"https:\/\/www.radioribelle.it\/index.php\/wp-json\/wp\/v2\/comments?post=30506"}],"version-history":[{"count":1,"href":"https:\/\/www.radioribelle.it\/index.php\/wp-json\/wp\/v2\/posts\/30506\/revisions"}],"predecessor-version":[{"id":30508,"href":"https:\/\/www.radioribelle.it\/index.php\/wp-json\/wp\/v2\/posts\/30506\/revisions\/30508"}],"wp:attachment":[{"href":"https:\/\/www.radioribelle.it\/index.php\/wp-json\/wp\/v2\/media?parent=30506"}],"wp:term":[{"taxonomy":"category","embeddable":true,"href":"https:\/\/www.radioribelle.it\/index.php\/wp-json\/wp\/v2\/categories?post=30506"},{"taxonomy":"post_tag","embeddable":true,"href":"https:\/\/www.radioribelle.it\/index.php\/wp-json\/wp\/v2\/tags?post=30506"}],"curies":[{"name":"wp","href":"https:\/\/api.w.org\/{rel}","templated":true}]}}