{"id":30540,"date":"2024-08-05T15:55:07","date_gmt":"2024-08-05T13:55:07","guid":{"rendered":"https:\/\/www.radioribelle.it\/?p=30540"},"modified":"2024-08-07T08:01:09","modified_gmt":"2024-08-07T06:01:09","slug":"incidente-bus-in-a1-dimessi-i-pazienti-ricoverati-negli-ospedali-di-arezzo-e-valdarno","status":"publish","type":"post","link":"https:\/\/www.radioribelle.it\/index.php\/2024\/08\/05\/incidente-bus-in-a1-dimessi-i-pazienti-ricoverati-negli-ospedali-di-arezzo-e-valdarno\/","title":{"rendered":"Incidente bus in A1, dimessi i pazienti ricoverati negli ospedali di Arezzo e Valdarno"},"content":{"rendered":"\n<div class=\"wp-block-image\"><figure class=\"aligncenter size-full is-resized\"><img loading=\"lazy\" src=\"https:\/\/www.radioribelle.it\/wp-content\/uploads\/2024\/08\/bus.jpeg\" alt=\"\" class=\"wp-image-30541\" width=\"394\" height=\"260\" srcset=\"https:\/\/www.radioribelle.it\/wp-content\/uploads\/2024\/08\/bus.jpeg 781w, https:\/\/www.radioribelle.it\/wp-content\/uploads\/2024\/08\/bus-300x198.jpeg 300w, https:\/\/www.radioribelle.it\/wp-content\/uploads\/2024\/08\/bus-768x506.jpeg 768w, https:\/\/www.radioribelle.it\/wp-content\/uploads\/2024\/08\/bus-619x408.jpeg 619w\" sizes=\"(max-width: 394px) 100vw, 394px\" \/><\/figure><\/div>\n\n\n\n<p><em>Nelle prossime ore sar\u00e0 dimessa anche l\u2019ultima paziente ricoverata in Valdarno. Il Dg D\u2019Urso: \u201cLavoro di squadra che ha permesso una gestione puntuale dell\u2019evento, grazie a tutte le professionalit\u00e0 coinvolte\u201d<\/em><br>Sono stati dimessi i pazienti che nella giornata di ieri sono stati trasportati negli ospedali San Donato di Arezzo e Santa Maria alla Gruccia in Valdarno a seguito dell&#8217;incidente in A1 in cui \u00e8 rimasto coinvolto un bus con turisti a bordo. \u00a0 <\/p>\n\n\n\n<!--more-->\n\n\n\n<p>Una paziente, ancora ricoverata nell&#8217;ospedale del Valdarno, sar\u00e0 dimessa gi\u00e0 nelle prossime ore.\u00a0L&#8217;emergenza \u00e8 stata gestita dalla Centrale operativa del 118 dell&#8217;Asl Tse di Arezzo in sinergia con gli ospedali e i pronto soccorso di Arezzo e Valdarno e delle Scotte di Siena \u00a0vigili del fuoco, forze dell&#8217;ordine e associazioni di volontariato. &#8220;La prima chiamata che arriva alla Centrale \u00e8 la pi\u00f9 importante perch\u00e9 si parte da quella per iniziare a delineare lo scenario e l&#8217;entit\u00e0 dell&#8217;incidente &#8211; spiega Luca Pancioni, coordinatore infermieristico del gruppo maxiemergenze 118 &#8211; si predispone nell&#8217;immediato l&#8217;invio dei primi medici e infermieri soccorritori, mentre gli altri mezzi in supporto iniziano l&#8217;avvicinamento fino ad arrivare al luogo dell\u2019incidente in caso di necessit\u00e0. Fondamentale, in queste situazioni, \u00e8 la sinergia con tutti gli attori coinvolti, dai primi soccorritori sul posto al trasporto dei pazienti fino ai pronto soccorso degli ospedali\u201d.Le Direzioni dei presidi ospedalieri di Arezzo e del Valdarno si sono attivate immediatamente, insieme ai rispettivi pronto soccorso e ai vari reparti, per la gestione dei pazienti in arrivo. \u00c8 stato attivato il Peimaf \u2013 Piano emergenza interno massiccio afflusso di feriti \u2013 per la predisposizione di posti letto e personale medico specialistico quali radiologi, chirurghi, anestesisti, ortopedici e pediatri per una presa in carico tempestiva. Nel pronto soccorso del San Donato di Arezzo \u00e8 stata utilizzata l&#8217;intera area open space per l&#8217;intermedia e alta intensit\u00e0 recentemente inaugurata per favorire una migliore gestione dei pazienti da parte del personale medico e infermieristico. \u201cIl sistema ha risposto in modo ottimale &#8211; sottolinea il dottor Maurizio Zanobetti, direttore dell\u2019Area Dipartimentale provinciale Aretina di Medicina d\u2019urgenza e Pronto Soccorso e direttore del PS del San Donato &#8211; \u00a0l\u2019emergenza urgenza, pur attraversando un periodo di difficolt\u00e0 a livello nazionale per la ben nota perdita di vocazione del personale medico ed infermieristico per questo lavoro, ha dimostrato ancora \u00a0una volta come il sistema sanitario nazionale sia il cardine della presa in carico dei pazienti e l\u2019emergenza uno dei suoi punti di forza maggiori&#8221;.\u00a0&#8220;Le diverse professionalit\u00e0 in campo sono fondamentali in tutte le fasi di eventi critici come quello accaduto nella giornata di ieri \u00a0in autostrada &#8211; sottolinea il direttore generale dell&#8217;Asl Toscana sud est, \u00a0Antonio D\u2019Urso &#8211; ringrazio tutti i medici e il personale infermieristico del 118, dei pronto soccorso e degli ospedali per il lavoro affrontato con grande professionalit\u00e0 e dedizione, un ottimo coordinamento che ha portato ad una gestione puntuale di uno scenario critico visto anche il numero di persone ferite. Un ringraziamento va anche al personale dei vigili del fuoco, delle forze dell&#8217;ordine e del volontariato che hanno contribuito in maniera fondamentale alla rapida gestione dell&#8217;emergenza&#8221;.<\/p>\n","protected":false},"excerpt":{"rendered":"<p>Nelle prossime ore sar\u00e0 dimessa anche l\u2019ultima paziente ricoverata in Valdarno. Il Dg D\u2019Urso: \u201cLavoro di squadra che ha permesso una gestione puntuale dell\u2019evento, grazie a tutte le professionalit\u00e0 coinvolte\u201dSono stati dimessi i pazienti che nella giornata di ieri sono stati trasportati negli ospedali San Donato di Arezzo e Santa Maria alla Gruccia in Valdarno [&hellip;]<\/p>\n","protected":false},"author":1,"featured_media":0,"comment_status":"open","ping_status":"open","sticky":false,"template":"","format":"standard","meta":{"_joinchat":[]},"categories":[1],"tags":[],"_links":{"self":[{"href":"https:\/\/www.radioribelle.it\/index.php\/wp-json\/wp\/v2\/posts\/30540"}],"collection":[{"href":"https:\/\/www.radioribelle.it\/index.php\/wp-json\/wp\/v2\/posts"}],"about":[{"href":"https:\/\/www.radioribelle.it\/index.php\/wp-json\/wp\/v2\/types\/post"}],"author":[{"embeddable":true,"href":"https:\/\/www.radioribelle.it\/index.php\/wp-json\/wp\/v2\/users\/1"}],"replies":[{"embeddable":true,"href":"https:\/\/www.radioribelle.it\/index.php\/wp-json\/wp\/v2\/comments?post=30540"}],"version-history":[{"count":1,"href":"https:\/\/www.radioribelle.it\/index.php\/wp-json\/wp\/v2\/posts\/30540\/revisions"}],"predecessor-version":[{"id":30542,"href":"https:\/\/www.radioribelle.it\/index.php\/wp-json\/wp\/v2\/posts\/30540\/revisions\/30542"}],"wp:attachment":[{"href":"https:\/\/www.radioribelle.it\/index.php\/wp-json\/wp\/v2\/media?parent=30540"}],"wp:term":[{"taxonomy":"category","embeddable":true,"href":"https:\/\/www.radioribelle.it\/index.php\/wp-json\/wp\/v2\/categories?post=30540"},{"taxonomy":"post_tag","embeddable":true,"href":"https:\/\/www.radioribelle.it\/index.php\/wp-json\/wp\/v2\/tags?post=30540"}],"curies":[{"name":"wp","href":"https:\/\/api.w.org\/{rel}","templated":true}]}}