{"id":30820,"date":"2024-08-16T17:20:00","date_gmt":"2024-08-16T15:20:00","guid":{"rendered":"https:\/\/www.radioribelle.it\/?p=30820"},"modified":"2024-08-16T10:59:55","modified_gmt":"2024-08-16T08:59:55","slug":"1-edizione-scena-arenaniene","status":"publish","type":"post","link":"https:\/\/www.radioribelle.it\/index.php\/2024\/08\/16\/1-edizione-scena-arenaniene\/","title":{"rendered":"1\u00b0 edizione Scena Arenaniene"},"content":{"rendered":"\n<div class=\"wp-block-image\"><figure class=\"aligncenter size-large is-resized\"><img loading=\"lazy\" src=\"https:\/\/www.radioribelle.it\/wp-content\/uploads\/2024\/08\/logo-scena-1-1024x485.jpg\" alt=\"\" class=\"wp-image-30822\" width=\"680\" height=\"319\"\/><\/figure><\/div>\n\n\n\n<p><br>1\u00b0 edizione Dal 19 al 31 agosto 2024 Parco del Ponte Nomentano (altezza via Nomentana, 416 \u2013 Roma) Luned\u00ec 19 agosto al Parco del Ponte Nomentano altezza via Nomentana 416, debutta la prima edizione di&nbsp;Scena Arenaniene,&nbsp;rassegna progettata per intrattenere e coinvolgere il pubblico con performance che vanno dalla commedia alla prosa passando per spettacoli musicali e i laboratori per bambini e ragazzi.&nbsp;<\/p>\n\n\n\n<!--more-->\n\n\n\n<p>Partecipare a&nbsp;Scena ArenaAniene&nbsp;significa immergersi in un&#8217;esperienza culturale ricca e variegata, in un contesto suggestivo come quello dell&#8217;Arena Aniene situata di fronte al Ponte del Parco Nomentano che aggiunger\u00e0 un tocco speciale alle serate estive dedicate al teatro.Tra i \u201cbig\u201d della rassegna due volti noti al grande pubblico televisivo come Luca Ward e Andrea Rivera inviato del giornale satirico&nbsp;<em>Striscia la Notizia<\/em>. La 1a edizione della manifestazione&nbsp;Scena&nbsp;Arenaniene, \u00e8 organizzata dalla cooperativa&nbsp;Tam Tam&nbsp;con la direzione artistica di Giulio Gargia e dell\u2019allestimento di Patrizia Di Terlizzi. Il progetto \u00e8 realizzato con il sostegno del&nbsp;Ministero della Cultura &#8211; Direzione Generale Spettacolo&nbsp;ed \u00e8 vincitore dell&#8217;Avviso Pubblico Lo spettacolo dal vivo fuori dal Centro -Anno 2024 promosso da&nbsp;Roma Capitale &#8211; Dipartimento Attivit\u00e0 Culturali&nbsp;in collaborazione con LEA e SIAE&nbsp;&nbsp; Si parte luned\u00ec 19 agosto alle ore 19:00 lo spettacolo per bambini&nbsp;<em>Clownerie<\/em>&nbsp;per proseguire alle 21:15 con uno spettacolo dedicato al principe della risata: Tot\u00f2<\/p>\n\n\n\n<p>CALENDARIO EVENTI 19\/08\/2024 ore 19:00 <em>Clownerie &#8211;&nbsp;<\/em>Spettacolo di animazione per bambini cura di Dino Ruggiero &#8211; Brevi numero di animazione con recitazione<\/p>\n\n\n\n<p>19\/08\/2024 ore 21:15 <em>SERATA TOT\u00d2&nbsp;<\/em> Spettacolo scritto e interpretato da Giovanni Rib\u00f2, facente parte del ciclo &#8220;Riaccendiamo le Stelle&#8221;, arricchito da brani video di repertorio, che ci far\u00e0 conoscere il principe De Curtis non solo nella vita professionale ma anche nella sua vita privata<\/p>\n\n\n\n<p>20\/08\/2024 ore 19:00&nbsp; <em>Laboratorio, incontro sui fondamenti della dizione e del discorso pubblico&nbsp;<\/em>&#8211; A cura di Giovanni Rib\u00f2&nbsp;<\/p>\n\n\n\n<p>20\/08\/2024 ore 19:00&nbsp;<\/p>\n\n\n\n<p><em>IL RAPIMENTO&nbsp;<\/em>di Cristian Calabrese \u2013 con Fabrizio Caiazzo, Edoardo Valeri, Ettore Spada, Paolo Barzi e Fabrizio Mascolo \u2013 Regia di Paolo Mellucci. Tre delinquenti di mezza tacca rapiscono il figlio di un notaio e chiedono un riscatto. Sono poco abili e poco svegli; nulla andr\u00e0 come previsto, a partire dal padre che<br>non vuole pagare\u2026 Ma siamo sicuri che sia tutto cos\u00ec per davvero?&nbsp;Con un susseguirsi costante di risate e colpi di scena, lo spettatore verr\u00e0 trascinato in un finale folle e imprevedibile &#8211; <\/p>\n\n\n\n<p>21\/08\/2024 ore 19:00 <em>Laboratorio \u2013 L\u2019arte dell\u2019attore<\/em>&nbsp;\u2013 A cura di Marco Belocchi &#8211;&nbsp;Uno stage dedicato ai fondamenti del mestiere dell\u2019attore, con elementi di training vocale fisico e approfondimento psicologico dei personaggi <\/p>\n\n\n\n<p>21\/08\/2024 ore 21:15<em>A NANNA DOPO CAROSELLO<\/em>&nbsp;di e con Clara Costanzo<\/p>\n\n\n\n<p>Storie curiose e divertenti, aneddoti gustosi e sagaci di una tv che non esiste pi\u00f9, tra canzoni e scherzi musicali degli anni migliori dello spettacolo italiano<em>Clown Carotina<\/em>&nbsp;\u2013 Spettacolo di magia a cura di Eleonora Cirulli \u2013&nbsp;Clown Carotina intratterr\u00e0 i bambini in modo sempre originale e diverso. Giochi e animazione per bambini di tutte le et\u00e0, le favole del magico teatrino e tante bolle di sapone che fanno sognare adulti e bambini. Il teatro diviene strumento d\u2019azione, una forma per esperire il tema ecologico mediante l\u2019apprendimento performativo<\/p>\n\n\n\n<p>22\/08\/2024 ore 21:15 <em>A NANNA DOPO CAROSELLO<\/em>&nbsp;di e con Clara Costanzo<\/p>\n\n\n\n<p>Storie curiose e divertenti, aneddoti gustosi e sagaci di una tv che non esiste pi\u00f9, tra canzoni e scherzi musicali degli anni migliori dello spettacolo italiano  <em>Maga Mary&nbsp;\u2013&nbsp;<\/em>Spettacolo di animazione a cura di Eleonora Cirulli &#8211;&nbsp;Maga Mary \u00e8 una maga un po&#8217; buffa che ha bisogno dell&#8217;aiuto dei bambini per riuscire nei suoi esperimenti magici. Con un poco di zucchero, un pizzico di magia e tanta fantasia riuscir\u00e0 a volare! Spettacolo per famiglie. Il teatro diviene strumento d\u2019azione, una forma per esperire il tema ecologico mediante l\u2019apprendimento performativo. Il gioco \u00e8 il linguaggio naturale dell\u2019essere umano non solo dei ragazzi, e Il teatro rappresenta la sua spontaneit\u00e0 di espressione attraverso il modo che ha di catturare il mondo che lo circonda, per sperimentare e per apprendere <\/p>\n\n\n\n<p>23\/08\/2024 ore 21:15 Il titolo dello spettacolo prende spunto dalle famose \u201cCitofonate ironiche\u201d, format ideato dall\u2019autore e andato in onda per molti anni su Rai 3 ed \u00e8 legato da un \u201cfilo illogico\u201d grazie ad un continuo vortice di giochi di parole sui tic e le nevrosi della societ\u00e0 attuale come il celebre monologo sull\u2019abuso di farmaci \u201cA Voltaren mi dicono: sii Fluifort\u2026poi Tac..piiRina e a forza di farle Serenase al freddo, facevano Zerinol gradi..mi son Buscopan un Bronchenolo..!\u201d o i gelati precotti che ormai parlano \u201c ero solo..Solero..vedo una..aMaxiBon! mi ACucciolone ..le spalmo Cremino sperando che dopo Lemonissimo un po\u2019\u2026\u201d Giochi di parole intervallati da canzoni ironiche in stile Gaber-Jannacci come avviene ne \u201cLa facolt\u00e0 di non poter lavorare\u201d (ormai l\u2019unica facolt\u00e0 a numero aperto nelle universit\u00e0 italiane!) dove \u201ctu che hai studiato la facolt\u00e0 di Agraria ora vendi patate di Avezzano sulla Salaria\u2026\u201d. L\u2019improvvisazione con il pubblico \u00e8 uno degli elementi che fa da cornice allo spettacolo dove il fulcro del quadro \u00e8: \u201coggi i politici son degli Chagall\u2026ti chiedo una Manet e ti ruba le Monet\u2026\u201d, per culminare dolcemente con \u201c..stavo con una Catalana che era una Crema\u2026poi mi fa so\u2019 Zuppa Inglese!\u201d E nella rilettura ironica delle favole per bambini dove a causa dei tagli alla sanit\u00e0 \u201ctutte le favole ormai cominceranno con: C\u2019era un\u2019aorta\u2026\u201d. <\/p>\n\n\n\n<p>24\/08\/2024 ore 19:00&nbsp; <em>Visita guidata al Ponte Nomentano e adiacenze<\/em>&nbsp;a cura di Dino Ruggiero \u2013 Numero partecipanti max 30. Rivisitazione storica e racconto delle vicende recenti del ponte che fa da simbolo alla manifestazione <\/p>\n\n\n\n<p>24\/08\/2024 ore 21:15&nbsp; <em>BEATO ME<\/em>&nbsp;di Lucio Caizzi e Claudio Vettese \u2013 con Lucio Caizzi Metti una sera qualcuno voglia parlarvi della felicit\u00e0&nbsp;\u2026 che voglia convincervi che viviamo nel migliore dei mondi possibili che&nbsp;il segreto per poter vivere senza stress \u00e8 desiderare quello che si ha&nbsp;\u2026&nbsp;Allora \u00e8 la sera che siete usciti per andare a teatro a vedere Lucio Caizzi, comico napoletano che tra un aneddoto, un calembour e una battuta vi coinvolge in una serata divertente&nbsp;\u2026 leggera&nbsp;\u2026 piena di ironia che far\u00e0 bene al vostro cuore&nbsp;di spettatore&nbsp;\u2026 Lucio, con un&nbsp;passato&nbsp;nella fiction di Rai uno-&nbsp;<em>Capri<\/em>&nbsp;&#8211;&nbsp;<em>Don Matteo<\/em>&nbsp;-e ultimamente nel cast di&nbsp;<em>Un posto al Sole&nbsp;<\/em>ritorna al suo&nbsp;primo amore il cabaret. m<em>Beato me<\/em>&nbsp;\u00e8 un&#8217;ora di battute, allegria e citazioni&nbsp;\u2014 uno Stand Up comedian nuovo, ma nello&nbsp;stesso tempo antico, dove la capacit\u00e0 di Lucio, raggiunge la sua performance migliore grazie al&nbsp;rapporto privilegiato che riesce ad&nbsp;instaurare&nbsp;con il suo pubblico.<\/p>\n\n\n\n<p>25\/08\/2024 ore 19:00&nbsp;<em>OMAGGIO AL TEATRO COMICO&nbsp;<\/em>di e con Salvatore Mazza \u2013 ospite Marina Marino<\/p>\n\n\n\n<p>Il teatro comico da\u2019 l\u2019opportunit\u00e0 di partecipare, coinvolgere e riunirsi nel \u201cgioco della vita\u201d, perch\u00e9 solo chi la sta vivendo intensamente sa trasmettere con semplicit\u00e0 gli altri valori, opportunit\u00e0, insegnamenti, buonumore e felicit\u00e0. Un viaggio attraverso i grandi del Teatro Comico: Petrolini con la sua ecletticit\u00e0, Eduardo con la sua drammaturgia, Tot\u00f2 con a sua immediatezza, Bramieri con un omaggio a tutta l\u2019Italia con i suoi pregi e i suoi difetti, Noschese con un tributo ironico a personaggi del mondo della politica e dello spettacolo. Senza dimenticare il mondo musicale che verr\u00e0 rivisitato e interpretato \u2013 <\/p>\n\n\n\n<p>25\/08\/2024 ore 21:15 <em>STORIA DI RINO \u2013&nbsp;<\/em>Tributo a Rino Gaetano di e con Daniele Savelli \u2013 Daniele Savelli voce e chitarra acustica, Umberto De Santis basso, Marco Turi cajon e percussioni.<\/p>\n\n\n\n<p>Lo spettacolo racconta il cantautore e l\u2019uomo Rino Gaetano attraverso le testimonianze di chi lo ha conosciuto. Un viaggio attraverso i suoi brani e le sue parole. Un tributo in musica, idee, storie vissute e sogni di libert\u00e0. L&#8217;amicizia di Daniele Savelli, con il giovane Rino, ha contribuito a diffondere ed interpretare il repertorio del cantautore attraverso tributi a lui dedicati, esclusivamente in chiave acustica in teatri e locali del circuito romano &#8211; <\/p>\n\n\n\n<p>26\/08\/2024 ore 19:00&nbsp; <em>OMAGGIO AL TEATRO COMICO&nbsp;<\/em>di e con Salvatore Mazza \u2013 ospite Marina Marino<\/p>\n\n\n\n<p>Il teatro comico da\u2019 l\u2019opportunit\u00e0 di partecipare, coinvolgere e riunirsi nel \u201cgioco della vita\u201d, perch\u00e9 solo chi la sta vivendo intensamente sa trasmettere con semplicit\u00e0 gli altri valori, opportunit\u00e0, insegnamenti, buonumore e felicit\u00e0. Un viaggio attraverso i grandi del Teatro Comico: Petrolini con la sua ecletticit\u00e0, Eduardo con la sua drammaturgia, Tot\u00f2 con a sua immediatezza, Bramieri con un omaggio a tutta l\u2019Italia con i suoi pregi e i suoi difetti, Noschese con un tributo ironico a personaggi del mondo della politica e dello spettacolo. Senza dimenticare il mondo musicale che verr\u00e0 rivisitato e interpretato con il coinvolgimento del pubblico (Renato Carosone, Domenico Modugno, ecc.) &#8211;<\/p>\n\n\n\n<p>26\/08\/2024 ore 21:15&nbsp; <em>STORIA DI RINO &#8211;&nbsp;<\/em>Tributo a Rino Gaetano di e con Daniele Savelli \u2013 Daniele Savelli voce e chitarra acustica, Umberto De Santis basso, Marco Turi cajon e percussioni Lo spettacolo racconta il cantautore e l\u2019uomo Rino Gaetano attraverso le testimonianze di chi lo ha conosciuto. Un viaggio attraverso i suoi brani e le sue parole. Un tributo in musica, idee, storie vissute e sogni di libert\u00e0. L&#8217;amicizia di Daniele Savelli, con il giovane Rino, ha contribuito a diffondere ed interpretare il repertorio del cantautore attraverso tributi a lui dedicati, esclusivamente in chiave acustica in teatri e locali del circuito romano &#8211;<\/p>\n\n\n\n<p>27\/08\/2024 ore 19:00&nbsp; <em>DELITTI IMPERFETTI&nbsp;<\/em>di e con Fabio Sebastiani<\/p>\n\n\n\n<p>Assassini Imperfetti \u00e8 una galleria di personaggi che oggi caratterizzano il panorama dei fatti di cronaca. Personaggi bordeline, sempre al limite tra normalit\u00e0 e follia, tra compostezza quotidiana e crimine dettato da \u201cfutili motivi\u201d. Il testo, liberamente tratto da un lavoro di Max Aub, porta lo spettatore al centro di un pesante interrogativo (guidati per mano da Filippo Gra, l\u2019uomo che in poltrona passa in rassegna i fatti della vita reale sfogliando un giornale): Cosa possiamo fare per arginare la follia che sentiamo crescere intorno a noi? Noi siamo del tutto al riparo da questa onda? \u2013&nbsp;&nbsp;&nbsp;&nbsp;&nbsp;&nbsp;&nbsp;&nbsp;&nbsp;&nbsp;&nbsp;<\/p>\n\n\n\n<p>27\/\/08\/2024 ore 21:15 <em>CLONAZIONE DA TIFFANY<\/em>&nbsp;di Giovanni Rib\u00f2 \u2013 Con Marco Belocchi, Cristina Sciabbarrasi Giovanni Ribaud, Valentina Maselli, Tania Lettieri e Dario Bianconi \u2013 Regia di Marco Belocchi&nbsp; Una commedia esilarante, ma non solo. Al fondo si percepisce una tematica contemporanea e inquietante: il conflitto tra il progresso esasperato, fino a sostituire corpi e intelligenze, verso la quale siamo inevitabilmente e forse tragicamente proiettati, e l\u2019elemento umano che, con i suoi sentimenti, spesso si rivela ancor pi\u00f9 avanzato e dirompente e che comunque rimane alla fine il perno centrale intorno a cui deve girare il mondo \u2013<\/p>\n\n\n\n<p>28\/08\/2024 ore 19:00 <em>SUITE PER RIME SPARSE<\/em>&nbsp;con Fabio Sebastiani (poesie) e Gaia Antonucci (clarinetto, arpa celtica e campane tibetane)&nbsp;<\/p>\n\n\n\n<p>28\/08\/2024 ore 21:15 <em>CLONAZIONE DA TIFFANY<\/em>&nbsp;di Giovanni Rib\u00f2 \u2013 Con Marco Belocchi,&nbsp;Cristina Sciabbarrasi, Giovanni Ribaud, Valentina Maselli, Tania Lettieri e Dario Bianconi \u2013 Regia di Marco Belocchi&nbsp; Una commedia esilarante, ma non solo. Al fondo si percepisce una tematica contemporanea e inquietante: il conflitto tra il progresso esasperato, fino a sostituire corpi e intelligenze, verso la quale siamo inevitabilmente e forse tragicamente proiettati, e l\u2019elemento umano che, con i suoi sentimenti, spesso si rivela ancor pi\u00f9 avanzato e dirompente e che comunque rimane alla fine il perno centrale intorno a cui deve girare il mondo <\/p>\n\n\n\n<p>29\/08\/2024 \u2013 ore 19:00 <em>Il circo che non c\u2019\u00e8&nbsp;<\/em>&#8211; Spettacolo di animazione per grandi e piccini \u2013 a cura di Dino Ruggiero <\/p>\n\n\n\n<p>29\/08\/2024 \u2013 ore 21:15 <em>MEDEA, LA DIVINA<\/em>&nbsp;\u2013 omaggio a Maria Callas &#8211; Scritto e diretto da Massimiliano Auci con Giovanna Cappuccio e Giorgia Serrao \u2013 Compagnia Ars29 Ci troviamo nel camerino di Maria Callas durante la lavorazione di Medea di Pier Paolo Pasolini. La grande cantante inizia a prepararsi per il set. In questo viaggio attraverso lo specchio, Maria ripercorre tutta la sua vita, e i fantasmi del suo passato busseranno alla sua porta. Il difficilissimo rapporto con la famiglia, l&#8217;eterno amore per la musica, la delusione per la sua tormentata storia d&#8217;amore con Aristotele Onassis, tutti i successi e i fallimenti della sua vita, fanno da sfondo alla cronaca di un&#8217;Italia profondamente disunita. Sono gli anni dei referendum su divorzio e aborto, anni di forti contestazioni sociali e artistiche, dunque politiche. Una Diva decaduta, una leggenda fragile che si confessa a s\u00e8 stessa e a chi la sta&nbsp;ad ascoltare. Maria non arriver\u00e0 a nessuna conclusione, resteranno soltanto l\u2019amarezza e la malinconia per il suo passato e la volont\u00e0 di vivere il suo presente. Il futuro, si vedr\u00e0 &#8211;<\/p>\n\n\n\n<p>30\/08\/2024 ore 19:00\u00a0 <em>Alla scoperta della citt\u00e0 giardino<\/em>\u00a0<em>\u2013\u00a0<\/em>incontro convisita guidataa cura di Maurizio Urbani \u2013\u00a0Numero max partecipanti: 30 &#8211;<\/p>\n\n\n\n<p><em>30\/08\/2024 ore 21:15\u00a0<\/em> <em>IL TALENTO DI ESSERE TUTTI E NESSUNO<\/em>\u00a0&#8211; testo e regia di Luca Vecchi &#8211; Con Luca Ward -produzione\u00a0Skyline Production<\/p>\n\n\n\n<p>\u00c9 stato Pierce Brosnan, Russell Crowe, Hugh Grant e Samuel L. Jackson.&nbsp;Nel corso dei decenni Luca Ward \u00e8 entrato nell\u2019immaginario collettivo degli italiani grazie al doppiaggio.&nbsp;<em>Pulp Fiction, Matrix&nbsp;<\/em>e&nbsp;<em>Il Gladiatore<\/em>sono solo la minima parte dei film cult a cui ha prestato la sua voce. In punta di piedi Luca Ward ci \u00e8 entrato gradualmente sotto pelle, ed ora risiede indiscutibilmente nel DNA di ognuno di noi. Ma nell\u2019arco della sua vita Luca Ward \u00e8 molte altre cose oltre una voce: marinaio, attrezzista, bibitaro, teppista, militare, motociclista, padre e\u2026 persino John Wick.&nbsp;<em>Ne Il talento di essere tutti e nessuno,<\/em>&nbsp;Luca Ward scherza sul talento che l\u2019ha reso famoso (la voce) e ci racconta del rapporto conflittuale che ha con esso\u2026 Ingresso \u20ac 15,00\/<\/p>\n\n\n\n<p>31\/08\/2024 ore 19:00 <em>Il circo che non c\u2019\u00e8&nbsp;<\/em>&#8211; spettacolo di animazione per grandi e piccini &#8211; Compagnia Carro de\u2019 comici di Dino Ruggiero \u2013<\/p>\n\n\n\n<p>31\/08\/2024 ore 21:15&nbsp; <em>IL TALENTO DI ESSERE TUTTI E NESSUNO<\/em>&nbsp;&#8211; testo e regia di Luca Vecchi &#8211; Con Luca Ward -produzione&nbsp;Skyline Production<\/p>\n\n\n\n<p>\u00c9 stato Pierce Brosnan, Russell Crowe, Hugh Grant e Samuel L. Jackson.&nbsp;Nel corso dei decenni Luca Ward \u00e8 entrato nell\u2019immaginario collettivo degli italiani grazie al doppiaggio.&nbsp;<em>Pulp Fiction, Matrix&nbsp;<\/em>e&nbsp;<em>Il Gladiatore<\/em>sono solo la minima parte dei film cult a cui ha prestato la sua voce. In punta di piedi Luca Ward ci \u00e8 entrato gradualmente sotto pelle, ed ora risiede indiscutibilmente nel DNA di ognuno di noi. Ma nell\u2019arco della sua vita Luca Ward \u00e8 molte altre cose oltre una voce: marinaio, attrezzista, bibitaro, teppista, militare, motociclista, padre e\u2026 persino John Wick.&nbsp;<em>Ne Il talento di essere tutti e nessuno,<\/em>&nbsp;Luca Ward scherza sul talento che l\u2019ha reso famoso (la voce) e ci racconta del rapporto conflittuale che ha con esso\u2026<\/p>\n\n\n\n<p>INFO: <em>Scena Teatrale Aniene&nbsp;<\/em>\u00e8 al Parco del Ponte Nomentano altezza di via Nomentana, 416 \u2013 Roma \u2013 00141<\/p>\n","protected":false},"excerpt":{"rendered":"<p>1\u00b0 edizione Dal 19 al 31 agosto 2024 Parco del Ponte Nomentano (altezza via Nomentana, 416 \u2013 Roma) Luned\u00ec 19 agosto al Parco del Ponte Nomentano altezza via Nomentana 416, debutta la prima edizione di&nbsp;Scena Arenaniene,&nbsp;rassegna progettata per intrattenere e coinvolgere il pubblico con performance che vanno dalla commedia alla prosa passando per spettacoli musicali [&hellip;]<\/p>\n","protected":false},"author":1,"featured_media":0,"comment_status":"open","ping_status":"open","sticky":false,"template":"","format":"standard","meta":{"_joinchat":[]},"categories":[1],"tags":[],"_links":{"self":[{"href":"https:\/\/www.radioribelle.it\/index.php\/wp-json\/wp\/v2\/posts\/30820"}],"collection":[{"href":"https:\/\/www.radioribelle.it\/index.php\/wp-json\/wp\/v2\/posts"}],"about":[{"href":"https:\/\/www.radioribelle.it\/index.php\/wp-json\/wp\/v2\/types\/post"}],"author":[{"embeddable":true,"href":"https:\/\/www.radioribelle.it\/index.php\/wp-json\/wp\/v2\/users\/1"}],"replies":[{"embeddable":true,"href":"https:\/\/www.radioribelle.it\/index.php\/wp-json\/wp\/v2\/comments?post=30820"}],"version-history":[{"count":3,"href":"https:\/\/www.radioribelle.it\/index.php\/wp-json\/wp\/v2\/posts\/30820\/revisions"}],"predecessor-version":[{"id":30833,"href":"https:\/\/www.radioribelle.it\/index.php\/wp-json\/wp\/v2\/posts\/30820\/revisions\/30833"}],"wp:attachment":[{"href":"https:\/\/www.radioribelle.it\/index.php\/wp-json\/wp\/v2\/media?parent=30820"}],"wp:term":[{"taxonomy":"category","embeddable":true,"href":"https:\/\/www.radioribelle.it\/index.php\/wp-json\/wp\/v2\/categories?post=30820"},{"taxonomy":"post_tag","embeddable":true,"href":"https:\/\/www.radioribelle.it\/index.php\/wp-json\/wp\/v2\/tags?post=30820"}],"curies":[{"name":"wp","href":"https:\/\/api.w.org\/{rel}","templated":true}]}}