{"id":31214,"date":"2024-08-24T14:14:22","date_gmt":"2024-08-24T12:14:22","guid":{"rendered":"https:\/\/www.radioribelle.it\/?p=31214"},"modified":"2024-08-24T14:14:23","modified_gmt":"2024-08-24T12:14:23","slug":"montepulciano-aspetta-solo-di-conoscere-la-contrada-vincitrice-del-bravio-2024","status":"publish","type":"post","link":"https:\/\/www.radioribelle.it\/index.php\/2024\/08\/24\/montepulciano-aspetta-solo-di-conoscere-la-contrada-vincitrice-del-bravio-2024\/","title":{"rendered":"Montepulciano aspetta solo di conoscere la contrada vincitrice del Brav\u00eco 2024"},"content":{"rendered":"\n<div class=\"wp-block-image\"><figure class=\"alignright size-large is-resized\"><img loading=\"lazy\" src=\"https:\/\/www.radioribelle.it\/wp-content\/uploads\/2024\/08\/WhatsApp-Image-2024-08-24-at-11.39.53\u202fAM-1-1024x683.jpeg\" alt=\"\" class=\"wp-image-31215\" width=\"274\" height=\"182\" srcset=\"https:\/\/www.radioribelle.it\/wp-content\/uploads\/2024\/08\/WhatsApp-Image-2024-08-24-at-11.39.53\u202fAM-1-1024x683.jpeg 1024w, https:\/\/www.radioribelle.it\/wp-content\/uploads\/2024\/08\/WhatsApp-Image-2024-08-24-at-11.39.53\u202fAM-1-300x200.jpeg 300w, https:\/\/www.radioribelle.it\/wp-content\/uploads\/2024\/08\/WhatsApp-Image-2024-08-24-at-11.39.53\u202fAM-1-768x512.jpeg 768w, https:\/\/www.radioribelle.it\/wp-content\/uploads\/2024\/08\/WhatsApp-Image-2024-08-24-at-11.39.53\u202fAM-1-619x413.jpeg 619w, https:\/\/www.radioribelle.it\/wp-content\/uploads\/2024\/08\/WhatsApp-Image-2024-08-24-at-11.39.53\u202fAM-1.jpeg 1500w\" sizes=\"(max-width: 274px) 100vw, 274px\" \/><\/figure><\/div>\n\n\n\n<p>Uno spettacolo emozionante e pieno di colpi di scena ha caratterizzato la solenne serata del Corteo dei Ceri di gioved\u00ec 22 agosto. Il mondo del Brav\u00eco 2024 \u00e8 ora pronto ad arrivare al culmine con la gara di domenica 25 agosto: solo poche ore di attesa per sapere chi tra le otto contrade di Montepulciano si aggiudicher\u00e0 il panno dipinto da Manuela Petti e dedicato a Don Marcello Del Balio. Ad aggiungersi alle gioie del cinquantesimo anno del Brav\u00eco la soddisfazione di avere ricevuto un contributo di 11mila euro dal Ministero della Cultura come sostegno alle rievocazioni storiche.<\/p>\n\n\n\n<!--more-->\n\n\n\n<p>La capacit\u00e0 di rievocare emozioni e memorie del Corteo dei Ceri si \u00e8 solennizzata e definita durante la serata di gioved\u00ec 22 agosto, quando, dopo il solenne momento dell\u2019offerta dei Ceri a San Giovanni Decollato, il pubblico contradaiolo e non ha potuto assistere a uno spettacolo mozzafiato.<\/p>\n\n\n\n<p>In Piazza Grande illuminata solo dalle fiammelle delle candele, a seguito dell\u2019offerta dei Ceri, il Gruppo Sbandieratori e Tamburini di Montepulciano ha ancora una volta sorpreso e confermato la sua grande potenzialit\u00e0. Dopo ben tre esibizioni dove il gruppo ha dimostrato di potere realizzare spettacoli sempre pi\u00f9 tecnicamente difficili in maniera sempre pi\u00f9 perfetta, dopo essere calato il buio completo, accompagnati da una musica, otto, fra sbandieratori e tamburini, hanno incantato gli spettatori grazie a uno spettacolo suggestivo, caratterizzato da bandiere e tamburi fluorescenti. Uno spettacolo innovativo, che dimostra la volont\u00e0 del gruppo di migliorarsi e sorprendere e di averne tutte le capacit\u00e0 per farlo. All&#8217;esibizione del Gruppo \u00e8 seguito lo spettacolo audio-visivo prodotto dal Magistrato delle Contrade per festeggiare i cinquanta anni della manifestazione. Grazie alle immagini e i suoni del documentario realizzato da Filippo Biagianti, ricostruite da Davide Vannuccini e Simone Pucci di Creative Label, il pubblico ha potuto vivere un vero e proprio viaggio nel tempo, guidati dalle voci di coloro che hanno fatto la storia del Brav\u00eco.<\/p>\n\n\n\n<p>Dopo un viaggio nel passato \u00e8 arrivato il momento di guardare al futuro e di pensare alla corsa che si terr\u00e0 domenica 25 agosto, quando le otto contrade di Montepulciano si sfideranno per portare nelle proprie sedi il panno dedicato ai cinquant&#8217;anni della manifestazione e ai cento anni dalla nascita di Don Marcello, mente ideatrice del Brav\u00eco delle Botti, realizzato da Manuela Petti. Le coppie degli spingitori dovranno far rotolare le botti in salita lungo le vie cittadine, in un percorso che si snoda lungo il centro storico per 1,8 km, in una gara, quella dell\u2019edizione 2024, che si preannuncia essere una delle pi\u00f9 imprevedibili di sempre.<\/p>\n\n\n\n<p>La lunga giornata di domenica 25 Agosto inizier\u00e0 alle ore 9:30 in Piazza Grande con l&#8217;estrazione dell&#8217;ordine di partenza, l&#8217;esibizione dei quartetti di sbandieratori e tamburini che si sfideranno per il Premio Memorial Trabalzini e la marchiatura delle nuove botti, presentate domenica scorsa dal Magistrato delle Contrade. Alle ore 12 Santa Messa presieduta dal Cardinale Lojudice nella Chiesa del S.S. Nome di Ges\u00f9 alla presenza delle autorit\u00e0 civili, militari e del mondo contradaiolo, con offerta dei ceri a San Giovanni Decollato. Alle ore 15:30 partenza del corteo storico dalla Colonna del Marzocco che si snoder\u00e0 per le vie cittadine fino a Piazza Grande. Dalle ore 18:30 \u00e8 il momento della gara vera e propria, con le coppie degli spingitori delle otto contrade che si sfideranno in un percorso di gara lungo 1.8km per conquistare l&#8217;ambito Panno. (Biglietto di ingresso al centro storico dalle ore 15 alle ore 19 di \u20ac3,50 euro, gratuito per bambini fino a sei anni). Per permettere che tutto si svolga con la massima sicurezza, dalle ore 18:00 la zona dalla Colonna del Marzocco a Sant\u2019Agostino sar\u00e0 interdetta al pubblico, l\u2019ingresso a Piazza Grande sar\u00e0 possibile solo da Via del Teatro.<\/p>\n\n\n\n<p>Ad allietare, il Magistrato delle Contrade e l\u2019amministrazione comunale, insieme ai festeggiamenti dei cinquant\u2019anni, l\u2019annuncio, da parte del Ministero della Cultura, di avere destinato circa 11mila euro di risorse alla manifestazione, all\u2019interno del piano di supporto alle rievocazioni storiche per la \u201cValorizzazione del patrimonio storico-culturale intangibile e della cultura popolare della Toscana. Disciplina delle rievocazioni storiche regionali\u201d. Il Magistrato delle Contrade si \u00e8 posizionato al 31esimo posto su 203 progetti finanziati e primo per la Provincia di Siena.<\/p>\n\n\n\n<p>Ufficio Stampa<br>Valdichiana Media srl<br>www.valdichianamedia.com<\/p>\n\n\n\n<p>Montepulciano aspetta solo di conoscere la contrada vincitrice del Brav\u00eco 2024, poche ore alla grande corsa delle otto contrade<\/p>\n\n\n\n<p>Uno spettacolo emozionante e pieno di colpi di scena ha caratterizzato la solenne serata del Corteo dei Ceri di gioved\u00ec 22 agosto. Il mondo del Brav\u00eco 2024 \u00e8 ora pronto ad arrivare al culmine con la gara di domenica 25 agosto: solo poche ore di attesa per sapere chi tra le otto contrade di Montepulciano si aggiudicher\u00e0 il panno dipinto da Manuela Petti e dedicato a Don Marcello Del Balio. Ad aggiungersi alle gioie del cinquantesimo anno del Brav\u00eco la soddisfazione di avere ricevuto un contributo di 11mila euro dal Ministero della Cultura come sostegno alle rievocazioni storiche.<\/p>\n\n\n\n<p>La capacit\u00e0 di rievocare emozioni e memorie del Corteo dei Ceri si \u00e8 solennizzata e definita durante la serata di gioved\u00ec 22 agosto, quando, dopo il solenne momento dell\u2019offerta dei Ceri a San Giovanni Decollato, il pubblico contradaiolo e non ha potuto assistere a uno spettacolo mozzafiato.<\/p>\n\n\n\n<p>In Piazza Grande illuminata solo dalle fiammelle delle candele, a seguito dell\u2019offerta dei Ceri, il Gruppo Sbandieratori e Tamburini di Montepulciano ha ancora una volta sorpreso e confermato la sua grande potenzialit\u00e0. Dopo ben tre esibizioni dove il gruppo ha dimostrato di potere realizzare spettacoli sempre pi\u00f9 tecnicamente difficili in maniera sempre pi\u00f9 perfetta, dopo essere calato il buio completo, accompagnati da una musica, otto, fra sbandieratori e tamburini, hanno incantato gli spettatori grazie a uno spettacolo suggestivo, caratterizzato da bandiere e tamburi fluorescenti. Uno spettacolo innovativo, che dimostra la volont\u00e0 del gruppo di migliorarsi e sorprendere e di averne tutte le capacit\u00e0 per farlo. All&#8217;esibizione del Gruppo \u00e8 seguito lo spettacolo audio-visivo prodotto dal Magistrato delle Contrade per festeggiare i cinquanta anni della manifestazione. Grazie alle immagini e i suoni del documentario realizzato da Filippo Biagianti, ricostruite da Davide Vannuccini e Simone Pucci di Creative Label, il pubblico ha potuto vivere un vero e proprio viaggio nel tempo, guidati dalle voci di coloro che hanno fatto la storia del Brav\u00eco.<\/p>\n\n\n\n<p>Dopo un viaggio nel passato \u00e8 arrivato il momento di guardare al futuro e di pensare alla corsa che si terr\u00e0 domenica 25 agosto, quando le otto contrade di Montepulciano si sfideranno per portare nelle proprie sedi il panno dedicato ai cinquant&#8217;anni della manifestazione e ai cento anni dalla nascita di Don Marcello, mente ideatrice del Brav\u00eco delle Botti, realizzato da Manuela Petti. Le coppie degli spingitori dovranno far rotolare le botti in salita lungo le vie cittadine, in un percorso che si snoda lungo il centro storico per 1,8 km, in una gara, quella dell\u2019edizione 2024, che si preannuncia essere una delle pi\u00f9 imprevedibili di sempre.<\/p>\n\n\n\n<p>La lunga giornata di domenica 25 Agosto inizier\u00e0 alle ore 9:30 in Piazza Grande con l&#8217;estrazione dell&#8217;ordine di partenza, l&#8217;esibizione dei quartetti di sbandieratori e tamburini che si sfideranno per il Premio Memorial Trabalzini e la marchiatura delle nuove botti, presentate domenica scorsa dal Magistrato delle Contrade. Alle ore 12 Santa Messa presieduta dal Cardinale Lojudice nella Chiesa del S.S. Nome di Ges\u00f9 alla presenza delle autorit\u00e0 civili, militari e del mondo contradaiolo, con offerta dei ceri a San Giovanni Decollato. Alle ore 15:30 partenza del corteo storico dalla Colonna del Marzocco che si snoder\u00e0 per le vie cittadine fino a Piazza Grande. Dalle ore 18:30 \u00e8 il momento della gara vera e propria, con le coppie degli spingitori delle otto contrade che si sfideranno in un percorso di gara lungo 1.8km per conquistare l&#8217;ambito Panno. (Biglietto di ingresso al centro storico dalle ore 15 alle ore 19 di \u20ac3,50 euro, gratuito per bambini fino a sei anni). Per permettere che tutto si svolga con la massima sicurezza, dalle ore 18:00 la zona dalla Colonna del Marzocco a Sant\u2019Agostino sar\u00e0 interdetta al pubblico, l\u2019ingresso a Piazza Grande sar\u00e0 possibile solo da Via del Teatro.<\/p>\n\n\n\n<p>Ad allietare, il Magistrato delle Contrade e l\u2019amministrazione comunale, insieme ai festeggiamenti dei cinquant\u2019anni, l\u2019annuncio, da parte del Ministero della Cultura, di avere destinato circa 11mila euro di risorse alla manifestazione, all\u2019interno del piano di supporto alle rievocazioni storiche per la \u201cValorizzazione del patrimonio storico-culturale intangibile e della cultura popolare della Toscana. Disciplina delle rievocazioni storiche regionali\u201d. Il Magistrato delle Contrade si \u00e8 posizionato al 31esimo posto su 203 progetti finanziati e primo per la Provincia di Siena.<\/p>\n\n\n\n<p>Ufficio Stampa<br>Valdichiana Media srl<br>www.valdichianamedia.com<\/p>\n","protected":false},"excerpt":{"rendered":"<p>Uno spettacolo emozionante e pieno di colpi di scena ha caratterizzato la solenne serata del Corteo dei Ceri di gioved\u00ec 22 agosto. Il mondo del Brav\u00eco 2024 \u00e8 ora pronto ad arrivare al culmine con la gara di domenica 25 agosto: solo poche ore di attesa per sapere chi tra le otto contrade di Montepulciano [&hellip;]<\/p>\n","protected":false},"author":1,"featured_media":0,"comment_status":"open","ping_status":"open","sticky":false,"template":"","format":"standard","meta":{"_joinchat":[]},"categories":[1],"tags":[],"_links":{"self":[{"href":"https:\/\/www.radioribelle.it\/index.php\/wp-json\/wp\/v2\/posts\/31214"}],"collection":[{"href":"https:\/\/www.radioribelle.it\/index.php\/wp-json\/wp\/v2\/posts"}],"about":[{"href":"https:\/\/www.radioribelle.it\/index.php\/wp-json\/wp\/v2\/types\/post"}],"author":[{"embeddable":true,"href":"https:\/\/www.radioribelle.it\/index.php\/wp-json\/wp\/v2\/users\/1"}],"replies":[{"embeddable":true,"href":"https:\/\/www.radioribelle.it\/index.php\/wp-json\/wp\/v2\/comments?post=31214"}],"version-history":[{"count":1,"href":"https:\/\/www.radioribelle.it\/index.php\/wp-json\/wp\/v2\/posts\/31214\/revisions"}],"predecessor-version":[{"id":31216,"href":"https:\/\/www.radioribelle.it\/index.php\/wp-json\/wp\/v2\/posts\/31214\/revisions\/31216"}],"wp:attachment":[{"href":"https:\/\/www.radioribelle.it\/index.php\/wp-json\/wp\/v2\/media?parent=31214"}],"wp:term":[{"taxonomy":"category","embeddable":true,"href":"https:\/\/www.radioribelle.it\/index.php\/wp-json\/wp\/v2\/categories?post=31214"},{"taxonomy":"post_tag","embeddable":true,"href":"https:\/\/www.radioribelle.it\/index.php\/wp-json\/wp\/v2\/tags?post=31214"}],"curies":[{"name":"wp","href":"https:\/\/api.w.org\/{rel}","templated":true}]}}