{"id":31330,"date":"2024-08-27T16:31:00","date_gmt":"2024-08-27T14:31:00","guid":{"rendered":"https:\/\/www.radioribelle.it\/?p=31330"},"modified":"2024-08-27T16:07:29","modified_gmt":"2024-08-27T14:07:29","slug":"echi-della-scuola-darte-di-katarina-alivojvodic-a-cortona","status":"publish","type":"post","link":"https:\/\/www.radioribelle.it\/index.php\/2024\/08\/27\/echi-della-scuola-darte-di-katarina-alivojvodic-a-cortona\/","title":{"rendered":"\u201cEchi\u201d della Scuola d\u2019arte di Katarina Alivojvodic a Cortona"},"content":{"rendered":"\n<div class=\"wp-block-image\"><figure class=\"alignright size-large is-resized\"><img loading=\"lazy\" src=\"https:\/\/www.radioribelle.it\/wp-content\/uploads\/2024\/08\/foto-2-Echi-1024x768.jpg\" alt=\"\" class=\"wp-image-31331\" width=\"311\" height=\"233\" srcset=\"https:\/\/www.radioribelle.it\/wp-content\/uploads\/2024\/08\/foto-2-Echi-1024x768.jpg 1024w, https:\/\/www.radioribelle.it\/wp-content\/uploads\/2024\/08\/foto-2-Echi-300x225.jpg 300w, https:\/\/www.radioribelle.it\/wp-content\/uploads\/2024\/08\/foto-2-Echi-768x576.jpg 768w, https:\/\/www.radioribelle.it\/wp-content\/uploads\/2024\/08\/foto-2-Echi-1536x1152.jpg 1536w, https:\/\/www.radioribelle.it\/wp-content\/uploads\/2024\/08\/foto-2-Echi-619x464.jpg 619w, https:\/\/www.radioribelle.it\/wp-content\/uploads\/2024\/08\/foto-2-Echi.jpg 2048w\" sizes=\"(max-width: 311px) 100vw, 311px\" \/><\/figure><\/div>\n\n\n\n<p>CORTONA &#8211; A Palazzo Ferretti la collettiva di pittura degli allievi provenienti da tutta Italia. Domenica 1\u00b0 settembre, alle ore 18, il vernissag Dal 1\u00b0 all\u2019 8 settembre 2024\u00a0Palazzo\u00a0 Ferretti, in via Nazionale 45 a Cortona (AR), ospita\u00a0<em>\u201cEchi\u201d<\/em>, mostra collettiva di pittura della\u00a0Scuola d\u2019arte di Katarina Alivojvodic. \u00a0<\/p>\n\n\n\n<!--more-->\n\n\n\n<p>Domenica 1\u00b0 settembre, alle ore 18, l\u2019inaugurazione ufficiale a ingresso libero e gratuito. La mostra, realizzata grazie al contributo di\u00a0Carta &amp; Penna di Giustini Cristina, sar\u00e0 visitabile dal marted\u00ec alla domenica, dalle ore 10 alle 13 e dalle ore 15 alle 20. <strong>LA MOSTRA<\/strong> <strong>Katarina Alivojvodic<\/strong>, maestra e pittrice di origine serbo-croata, da anni attiva in tutta Italia con i suoi corsi per adulti e bambini, riunisce a Cortona i suoi allievi\u00a0per esporre in una grande collettiva i\u00a0disegni e i dipinti eseguiti durante l\u2019anno scolastico 2023\/24.\u00a0\u00a0I ventitre studenti provengono sia dalla scuola in presenza di Arezzo, sia dalla scuola on line che include allievi di tutta Italia. A Cortona si ritroveranno, per esporre assieme, Maurizio Arena, Mauro Barberi, Ilaria Benigni, Anna Bernava, Franco Bertozzi, Giuliana Bianchi, Beatrice Bruni, Eva Burbi, Giulietta Cappelletti, Roberta Conti, Maria Francesca D&#8217;Aquino, Paola Dragoni, Carlo Giabbanelli, Giovanna Gennai, Rosaria Governini, Marietta Hartl, Jevghenia Kondratyuk, Cordelia Palla, Laura Peliciotti, Manuela Petti, Lucia Puletti, Fabiana Ronchi, Stefania Quaranta e Vincenza Seggi. Per l\u2019occasione, Katarina Alivojvodic presenter\u00e0 alcune sue opere inedite che hanno come tema il mare siciliano.\u201c<em>Questa collettiva ha una particolare importanza, perch\u00e9 rappresenta una rinascita dopo tre anni in cui il Covid-19 e il post pandemia hanno avuto ripercussioni anche nelle nostre lezioni\u00a0<\/em>\u2013 spiega la maestra. \u2013\u00a0<em>Per questo motivo ho deciso di esporre alcune mie opere recenti dedicate alla Sicilia, dove ho trascorso tutto il periodo della pandemia. La mostra sar\u00e0 l\u2019occasione per conoscere la mia attuale produzione e per vedere da vicino i progressi degli studenti che hanno concluso il primo anno e di quelli che seguono i corsi avanzati\u201d<\/em>. Come riporta la prefazione del catalogo di\u00a0<em>\u201cEchi\u201d<\/em>\u00a0realizzato per l\u2019occasione, che i visitatori potranno trovare in galleria per tutta la durata della collettiva, \u201c<em>la bellezza ha la capacit\u00e0 unica di evocare scenari sepolti nelle profondit\u00e0 del nostro animo, di produrre echi infiniti come i cerchi prodotti dal sasso gettato nello stagno. Sono gli echi che il tono di un colore, l&#8217;intensit\u00e0 di un volto e di un oggetto o il profilo di un paesaggio producono inconsapevolmente in chi osserva i prodotti artistici di un&#8217;anima, le espressioni della sua essenza, del suo vissuto che diventa immagine. L&#8217;arte salver\u00e0 il mondo, lo salva da sempre. Perch\u00e9 malgrado tutti i tentativi fatti nel corso della storia di piegare l&#8217;arte a qualche fine, a qualche interesse particolare, essa avr\u00e0 sempre il sapore della libert\u00e0. La libert\u00e0 di attingere ai porti sepolti delle nostre emozioni per portare alla luce un dono il cui senso \u00e8 la condivisione e in questo risiede il potere salvifico dell&#8217;arte. Essere qui, insieme, a contemplare cuori messi a nudo, a percepire gli \u201cEchi\u201d che producono nei nostri attraverso la magia dei colori e delle luci. E allora forse anche noi che ci soffermiamo siamo da annoverare fra i giusti di Borges. Uomini e donne che in silenzio osservano un quadro\u201d.<\/em> Nel mese di settembre riprenderanno anche le nuove lezioni della\u00a0<strong>Scuola d\u2019arte di Katarina Alivojvodic<\/strong>, sia per i principianti, sia per gli allievi della scuola di nudo dal vero. Ripartiranno anche i corsi per i bambini, a partire da otto anni di et\u00e0.\u00a0Per concludere, va ricordato che la mostra di Palazzo Ferretti si trasferir\u00e0, dal 16 al 30 novembre, alla Galleria Rosy Boa di Arezzo, dove verr\u00e0 allestita una seconda collettiva che si preannuncia gi\u00e0 imperdibile<\/p>\n","protected":false},"excerpt":{"rendered":"<p>CORTONA &#8211; A Palazzo Ferretti la collettiva di pittura degli allievi provenienti da tutta Italia. Domenica 1\u00b0 settembre, alle ore 18, il vernissag Dal 1\u00b0 all\u2019 8 settembre 2024\u00a0Palazzo\u00a0 Ferretti, in via Nazionale 45 a Cortona (AR), ospita\u00a0\u201cEchi\u201d, mostra collettiva di pittura della\u00a0Scuola d\u2019arte di Katarina Alivojvodic. \u00a0<\/p>\n","protected":false},"author":1,"featured_media":0,"comment_status":"open","ping_status":"open","sticky":false,"template":"","format":"standard","meta":{"_joinchat":[]},"categories":[1],"tags":[],"_links":{"self":[{"href":"https:\/\/www.radioribelle.it\/index.php\/wp-json\/wp\/v2\/posts\/31330"}],"collection":[{"href":"https:\/\/www.radioribelle.it\/index.php\/wp-json\/wp\/v2\/posts"}],"about":[{"href":"https:\/\/www.radioribelle.it\/index.php\/wp-json\/wp\/v2\/types\/post"}],"author":[{"embeddable":true,"href":"https:\/\/www.radioribelle.it\/index.php\/wp-json\/wp\/v2\/users\/1"}],"replies":[{"embeddable":true,"href":"https:\/\/www.radioribelle.it\/index.php\/wp-json\/wp\/v2\/comments?post=31330"}],"version-history":[{"count":1,"href":"https:\/\/www.radioribelle.it\/index.php\/wp-json\/wp\/v2\/posts\/31330\/revisions"}],"predecessor-version":[{"id":31332,"href":"https:\/\/www.radioribelle.it\/index.php\/wp-json\/wp\/v2\/posts\/31330\/revisions\/31332"}],"wp:attachment":[{"href":"https:\/\/www.radioribelle.it\/index.php\/wp-json\/wp\/v2\/media?parent=31330"}],"wp:term":[{"taxonomy":"category","embeddable":true,"href":"https:\/\/www.radioribelle.it\/index.php\/wp-json\/wp\/v2\/categories?post=31330"},{"taxonomy":"post_tag","embeddable":true,"href":"https:\/\/www.radioribelle.it\/index.php\/wp-json\/wp\/v2\/tags?post=31330"}],"curies":[{"name":"wp","href":"https:\/\/api.w.org\/{rel}","templated":true}]}}