{"id":31333,"date":"2024-08-27T07:02:01","date_gmt":"2024-08-27T05:02:01","guid":{"rendered":"https:\/\/www.radioribelle.it\/?p=31333"},"modified":"2024-08-28T14:18:00","modified_gmt":"2024-08-28T12:18:00","slug":"terre-in-festival-2024","status":"publish","type":"post","link":"https:\/\/www.radioribelle.it\/index.php\/2024\/08\/27\/terre-in-festival-2024\/","title":{"rendered":"TERRE IN FESTIVAL 2024"},"content":{"rendered":"\n<div class=\"wp-block-image\"><figure class=\"alignright size-large is-resized\"><img loading=\"lazy\" src=\"https:\/\/www.radioribelle.it\/wp-content\/uploads\/2024\/08\/LOCANDINA-RADIO-RENASCENCA-724x1024.jpg\" alt=\"\" class=\"wp-image-31335\" width=\"217\" height=\"307\" srcset=\"https:\/\/www.radioribelle.it\/wp-content\/uploads\/2024\/08\/LOCANDINA-RADIO-RENASCENCA-724x1024.jpg 724w, https:\/\/www.radioribelle.it\/wp-content\/uploads\/2024\/08\/LOCANDINA-RADIO-RENASCENCA-212x300.jpg 212w, https:\/\/www.radioribelle.it\/wp-content\/uploads\/2024\/08\/LOCANDINA-RADIO-RENASCENCA-768x1086.jpg 768w, https:\/\/www.radioribelle.it\/wp-content\/uploads\/2024\/08\/LOCANDINA-RADIO-RENASCENCA-1086x1536.jpg 1086w, https:\/\/www.radioribelle.it\/wp-content\/uploads\/2024\/08\/LOCANDINA-RADIO-RENASCENCA-1448x2048.jpg 1448w, https:\/\/www.radioribelle.it\/wp-content\/uploads\/2024\/08\/LOCANDINA-RADIO-RENASCENCA-619x876.jpg 619w, https:\/\/www.radioribelle.it\/wp-content\/uploads\/2024\/08\/LOCANDINA-RADIO-RENASCENCA.jpg 1587w\" sizes=\"(max-width: 217px) 100vw, 217px\" \/><\/figure><\/div>\n\n\n\n<p>TERRE IN FESTIVAL 2024 <em>un festival di teatro diffuso per la Valtiberina<\/em> Quarta settimana di spettacoli: 28-29-31 agosto e 1 settembre Terre in Festival il festival di teatro diffuso per la Valtiberina, nei comuni di Sansepolcro, Monterchi, Pieve Santo Stefano, Caprese Michelangelo, Sestino, Anghiari, Badia Tedalda e San Giustino (PG), ha preso il via lo scorso 9 agosto.<\/p>\n\n\n\n<!--more-->\n\n\n\n<p>Come spiega la Direttrice Artistica Caterina Casini \u00ab<em>Un festival diffuso sul territorio il nostro, che si sviluppa da Sestino a San Giustino (Pg), confermando quell\u2019intenzione (caparbia) di intendere e far intendere il territorio come unica vallata, dove si pu\u00f2 partecipare a un\u2019avventura culturale che contiene spettacoli che esprimono convinzione e forza, leggerezza e ironia, sguardi acuti sulla contemporaneit\u00e0.\u00a0<\/em> <em>Tanti gli artisti che provengono da tutta Italia, con le loro diverse creativit\u00e0 e sensibilit\u00e0 per raccontarci il mondo di oggi, far divertire e far pensare.<\/em> <em>Abbiamo la fortuna di poter realizzare il festival in spazi bellissimi, teatri, musei giardini, capaci di ospitare all\u2019aperto il pubblico nelle serate estive, o in caso di maltempo al chiuso, grazie alla sempre aumentata collaborazione con tutte le Amministrazioni Comunali, che confermano una capacit\u00e0 progettuale rispetto alla Cultura e ai luoghi della Cultura. Entrano nel festival in questa sua decima edizione due nuovi comuni, Badia Tedalda e San Giustino (Pg), e questo ci rende veramente felici e conferma la nostra direzione<\/em>\u00bb\u00a0 Un festival intenso che accompagna l\u2019estate della Valtiberina con prime nazionali, una residenza artistica, un laboratorio di alta formazione, la proiezione di un film e compagnie provenienti da tutta Italia con spettacoli che affrontano i temi dell\u2019oggi, da quelli pi\u00f9 leggeri a quelli pi\u00f9 drammatici ma sempre in una forma fruibile con godimento.si \u00e8 aggiunta al nostro Festival una nuova esperienza di turismo culturale per godere a pieno degli splendidi luoghi che accolgono i nostri spettacoli: <em>In giro per Terre In Festival.<\/em>Passeggiate per spettatori curiosi e camminatori appassionati pensate in collaborazione con il Circolo degli Esploratori di Sansepolcro, da fare al tramonto nei luoghi caratteristici e naturalistici dei comuni che ospitano gli spettacoli; ogni passeggiata si concluder\u00e0 sul luogo in cui andr\u00e0 in scena lo spettacolo.<\/p>\n\n\n\n<p>Un Festival che sta crescendo di anno in anno rivolto ai territori della Valtiberina e al loro rispetto e valorizzazione. Siamo giunti alla quarta settimana di spettacoli.<\/p>\n\n\n\n<p>Anche quest\u2019anno prosegue la collaborazione con il Festival delle Nazioni di Citt\u00e0 di Castello, il 28 agosto alle ore 22.00 presso il Teatro Alla Misericordia di Sansepolcro, in scena RADIO RENASCEN\u00c7A TRASMETTE GR\u00c2NDOLA, VILA MORENA, testi a cura di Caterina Casini e Francesco Suriano, con levoci recitanti di Caterina Casini e Francesca La Scala, le collaborazioni di Michele Casini, Vittorio Augusto Cesarini, Mauro Silvestrini, Maria Jos\u00e9 Oliveira, con musiche di Antonio Giacometti <em>in prima esecuzione assoluta <\/em>ed eseguite da Catherine Bruni violoncello, Gianluca Piomboni clarinetti, Paolo Vaccari flauti. Il 25 aprile del 1974 una rivoluzione anomala accade in Portogallo. L\u2019esercito, stremato dalle politiche\u00a0colonialiste del dittatore Salazar e dal regime soffocante che continua dopo di lui, al suono di \u201cGr\u00e2ndola, vila morena\u201d si mette in marcia verso i palazzi del potere, aprendo la nazione ad un nuovo percorso democratico.\u00a0 le storie rintracciate e narrate, sia bibliograficamente che sul campo, soprattutto attraverso le voci delle donne grandi protagoniste di questo momento storico. I personaggi\u00a0vivono accolti da una musica di luminosit\u00e0 crescente, capace di farci provare l&#8217;emozione di quella svolta storica.<\/p>\n\n\n\n<p>Lo spettacolo \u00e8 stato realizzato in collaborazione con Arquivo dos Di\u00e1rios Lisboa, inoltre si ringrazia Videoteca Arquivo Municipal de Lisboa e Fondazione Archivio Diaristico Nazionale di Pieve Santo Stefano.<\/p>\n\n\n\n<p>Gioved\u00ec 29 agosto alle ore 21.00 torna in scena nel Giardino dei Musei Civici Madonna del Parto di Monterchi UBU RE UBU CHI? una produzione della compagnia KanterStrasse di Arezzo, con il sostegno di Regione Toscana; in scena Daniele Bonaiuti, Alessio Martinoli e Simone Martini con la regia e drammaturgia di Simone Martini. Ubu Re fa parte della quadrilogia di Alfred Jarry. Andato in scena per la prima volta nel 1896 a Parigi fece subito scalpore, il pubblico in sala vide quell&#8217;incredibile personaggio irriverente, cattivo, grottesco avanzare al grido di &#8220;MERDRE!&#8221;. E lo spettacolo parte proprio da qui, da quel grido capace di rompere qualsiasi equilibrio ed elegante compostezza, un grido capace di rianimare i due protagonisti, bloccati all&#8217;interno di un classico dipinto del &#8216;600, maschere dell&#8217;infinita commedia del potere. Uno spettacolo pensato sia per gli adulti che per i bambini.\u00a0<\/p>\n\n\n\n<p>Dopo il successo riscontrato sui palcoscenici di tutta Italia, torna in Valtiberina la commedia COSA TI CUCINO, AMORE? in scena sabato 31 agosto ore 21.00 a Pieve Santo Stefano in Piazza della Collegiata; una coproduzione Laboratori Permanenti\/Seven Cults (Roma) con Caterina Casini, Maria Cristina Fioretti, Debora Mattiello, la scenografia di Tiziano Fario, il testo e la regia di Linda Brunetta. Una sarabanda di equivoci, fraintendimenti, colpi di scena. Uno humour sarcastico e surreale, che gioca con il linguaggio, i luoghi comuni, le convenzioni, le apparenze, svelando la doppia e tripla natura dei personaggi, allo stesso tempo profondi e superficiali, crudeli e innocenti, scaltri e ingenui. Uno spettacolo comico, nella direzione stilistica dello humour nero inglese, dove, coniugando understatement e situazioni paradossali si coinvolge lo spettatore in modo sottile, spiazzandolo e sorprendendolo, per ritrovare un\u2019ironia al femminile moderna e originale. Per questa occasione <em>In giro per Terre In Festival<\/em> prevede un\u2019escursione \u201call&#8217;acqua puzza\u201d!\u00a0 Una bella passeggiata con il lago di Montedoglio a vista, alla scoperta di una curiosa risorgiva e alcune interessanti informazioni sulla riserva biogenetica di fungaia.<\/p>\n\n\n\n<p>Domenica 1\u00b0 settembre torna il consueto appuntamento con l\u2019Opera al Castello di Sorci di Anghiari con GIANNI SCHICCHI, UNICA OPERA BUFFA DI GIACOMO PUCCINI unaconferenza spettacolo di e con Michele Casini chenarrer\u00e0 genesi, trama e caratteristiche musicali e teatrali dell\u2019opera, corredate da filmati tratti da celebri allestimenti realizzati nei pi\u00f9 importanti teatri lirici del mondo. Per l\u2019occasione <em>In giro per Terre In Festival<\/em> porta alla scoperta del tracciato della vecchia ferrovia Arezzo\/Fossato di Vico e della campagna che si affaccia sulla Valle del Sovara; una passeggiata relax per scoprire la campagna di Anghiari. Inoltre ricordiamo che dal 8 al 13 settembre dalle ore 17.30 presso l\u2019Anfiteatro Campaccio di Sansepolcro avr\u00e0 luogo il laboratorio di produzione gratuito SCRUTANDO IL CIELO\u2013speriamo finisca presto poi torniamo a casa. Il laboratorio coinvolge i partecipanti, accanto agli attori protagonisti, nella messa in scena di \u201cMadre Coraggio e i suoi figli\u201d di B. Brecht,\u00a0nella\u00a0riduzione e nuova traduzione di Alberto Fortuzzi. Una messa in scena focalizzata\u00a0sulla tragedia principale che connota ogni guerra: l\u2019annientamento delle giovani generazioni.\u00a0Il progetto prevede il\u00a0coinvolgimento di membri della comunit\u00e0 in ruoli minori\u00a0per offrire un\u2019esperienza artistica e di vita che incarna lo spirito del teatro brechtiano.<\/p>\n","protected":false},"excerpt":{"rendered":"<p>TERRE IN FESTIVAL 2024 un festival di teatro diffuso per la Valtiberina Quarta settimana di spettacoli: 28-29-31 agosto e 1 settembre Terre in Festival il festival di teatro diffuso per la Valtiberina, nei comuni di Sansepolcro, Monterchi, Pieve Santo Stefano, Caprese Michelangelo, Sestino, Anghiari, Badia Tedalda e San Giustino (PG), ha preso il via lo [&hellip;]<\/p>\n","protected":false},"author":1,"featured_media":0,"comment_status":"open","ping_status":"open","sticky":false,"template":"","format":"standard","meta":{"_joinchat":[]},"categories":[1],"tags":[],"_links":{"self":[{"href":"https:\/\/www.radioribelle.it\/index.php\/wp-json\/wp\/v2\/posts\/31333"}],"collection":[{"href":"https:\/\/www.radioribelle.it\/index.php\/wp-json\/wp\/v2\/posts"}],"about":[{"href":"https:\/\/www.radioribelle.it\/index.php\/wp-json\/wp\/v2\/types\/post"}],"author":[{"embeddable":true,"href":"https:\/\/www.radioribelle.it\/index.php\/wp-json\/wp\/v2\/users\/1"}],"replies":[{"embeddable":true,"href":"https:\/\/www.radioribelle.it\/index.php\/wp-json\/wp\/v2\/comments?post=31333"}],"version-history":[{"count":1,"href":"https:\/\/www.radioribelle.it\/index.php\/wp-json\/wp\/v2\/posts\/31333\/revisions"}],"predecessor-version":[{"id":31336,"href":"https:\/\/www.radioribelle.it\/index.php\/wp-json\/wp\/v2\/posts\/31333\/revisions\/31336"}],"wp:attachment":[{"href":"https:\/\/www.radioribelle.it\/index.php\/wp-json\/wp\/v2\/media?parent=31333"}],"wp:term":[{"taxonomy":"category","embeddable":true,"href":"https:\/\/www.radioribelle.it\/index.php\/wp-json\/wp\/v2\/categories?post=31333"},{"taxonomy":"post_tag","embeddable":true,"href":"https:\/\/www.radioribelle.it\/index.php\/wp-json\/wp\/v2\/tags?post=31333"}],"curies":[{"name":"wp","href":"https:\/\/api.w.org\/{rel}","templated":true}]}}