{"id":3205,"date":"2022-07-12T08:04:00","date_gmt":"2022-07-12T06:04:00","guid":{"rendered":"https:\/\/www.radioribelle.it\/?p=3205"},"modified":"2022-07-11T15:07:18","modified_gmt":"2022-07-11T13:07:18","slug":"epifanie-della-coscienza-2","status":"publish","type":"post","link":"https:\/\/www.radioribelle.it\/index.php\/2022\/07\/12\/epifanie-della-coscienza-2\/","title":{"rendered":"EPIFANIE DELLA COSCIENZA"},"content":{"rendered":"\n<div class=\"wp-block-image\"><figure class=\"alignright size-large is-resized\"><img loading=\"lazy\" src=\"https:\/\/www.radioribelle.it\/wp-content\/uploads\/2022\/07\/Copertina-quadrata-VINCENZO-AMPOLO-a-cura-di-iQdB-1-1024x1024.jpg\" alt=\"\" class=\"wp-image-3206\" width=\"239\" height=\"239\" srcset=\"https:\/\/www.radioribelle.it\/wp-content\/uploads\/2022\/07\/Copertina-quadrata-VINCENZO-AMPOLO-a-cura-di-iQdB-1-1024x1024.jpg 1024w, https:\/\/www.radioribelle.it\/wp-content\/uploads\/2022\/07\/Copertina-quadrata-VINCENZO-AMPOLO-a-cura-di-iQdB-1-300x300.jpg 300w, https:\/\/www.radioribelle.it\/wp-content\/uploads\/2022\/07\/Copertina-quadrata-VINCENZO-AMPOLO-a-cura-di-iQdB-1-150x150.jpg 150w, https:\/\/www.radioribelle.it\/wp-content\/uploads\/2022\/07\/Copertina-quadrata-VINCENZO-AMPOLO-a-cura-di-iQdB-1-768x768.jpg 768w, https:\/\/www.radioribelle.it\/wp-content\/uploads\/2022\/07\/Copertina-quadrata-VINCENZO-AMPOLO-a-cura-di-iQdB-1-619x619.jpg 619w, https:\/\/www.radioribelle.it\/wp-content\/uploads\/2022\/07\/Copertina-quadrata-VINCENZO-AMPOLO-a-cura-di-iQdB-1.jpg 1418w\" sizes=\"(max-width: 239px) 100vw, 239px\" \/><\/figure><\/div>\n\n\n\n<p>Dissociazione e Creativit\u00e0 a cura di Vincenzo Ampolo (AA.VV) (I Quaderni del Bardo Edizioni di Stefano Donno) 15 luglio 2022 ore 19,00 libreria\u00a0\u00a0Ergot (Officine Culturali Ergot) Piazzetta Falcnieri 1\/b a Lecce Presenta e modera Marco Caiffa. Relatori: Eugenio Imbriani, Marta Ampolo, Guglielmo Campione e Rosario Puglisi. L&#8217;Editore Stefano Donno e il curatore Vincenzo Ampolo, accompagneranno il varo di questo importante volume<\/p>\n\n\n\n<!--more-->\n\n\n\n<p>Il giorno 15 luglio 2022 a Lecce presso la libreria\u00a0\u00a0Ergot (Officine Culturali Ergot) Piazzetta Falcnieri 1\/b a Lecce, dalle 19 in poi sar\u00e0 presentato il volume EPIFANIE DELLA COSCIENZA.  Dissociazione e Creativit\u00e0\u00a0\u00a0a cura di Vincenzo Ampolo (AA.VV) edito da I Quaderni del Bardo Edizioni di Stefano Donno, Presenta e modera Marco Caiffa. Relatori: Eugenio Imbriani, Marta Ampolo, Guglielmo Campione e Rosario Puglisi. L&#8217;Editore Stefano Donno e il curatore Vincenzo Ampolo, accompagneranno il varo di questo importante volume. I Quaderni del Bardo Edizioni di Stefano Donno \u00e8 dunque lieta di annunciare l\u2019uscita di un interessantissimo volume scritto a pi\u00f9 voci dal rilievo nazionale e internazionale dal titolo\u00a0\u00a0EPIFANIE DELLA COSCIENZA &#8211; Dissociazione e Creativit\u00e0 a cura di Vincenzo Ampolo. Il lavoro di ricerca intorno alla dissociazione creativa ha sollecitato la pubblicazione di un secondo volume in cui viene indagato, attraverso differenti punti di vista, il ruolo della coscienza nelle dinamiche delle azioni creative, intellettuali e dei comportamenti abituali. Ne sono conseguite riflessioni che stimolano una differente lettura di realt\u00e0 esperenziali spesso indefinite, oppure oggetto di luogo comune e di interpretazioni ripetitive, in cui le arti sono campo di espressione dell\u2019umano. &#8211; Se impariamo a \u201csaper vedere\u201d l\u2019ultima camera non \u00e8 mai l\u2019ultima. Ogni giorno si possono scoprire nuovi spazi che non credevamo potessero esistere e, inevitabilmente, queste conoscenze dilatano a dismisura il nostro sapere. Questa ricerca di senso \u00e8 ci\u00f2 che caratterizza la vita di coloro che non si accontentano di ci\u00f2 che conoscono, ma, come esploratori entusiasti e un po&#8217; incoscienti, si spingono oltre i luoghi comuni, le acquisite certezze, gli spazi mentali abitualmente frequentati. Qualcuno ama chiamarli \u201cantenne della razza\u201d, \u201ccreativi culturali\u201d, o semplicemente \u201cviandanti\u201d alla ricerca dei nuovi saperi, oltre i limiti delle stanze ancora chiuse. In tempi di reclusione, pi\u00f9 o meno volontaria, si cerca, per contro, di allargare i propri spazi e si finisce per incontrare vecchi e nuovi ricercatori che, su piani spesso diversi, aprono breccie nei propri recinti difensivi e mettono in comune i nuovi spazi conquistati. Fino a quando? si domanda il viandante nei momenti di stanchezza e di smarrimento, guardando il cammino fin l\u00ec percorso \u201cFintanto che non riusciamo ad aprire l\u2019ultima camera non saremo padroni di casa\u201d.\u00a0\u00a0&#8211; (Vincenzo Ampolo).<\/p>\n\n\n\n<p>Interventi e Saggi critici di:<\/p>\n\n\n\n<p>M. Ampolo, V. Ampolo, F. Aprile, D. Bisutti, G. Campione, M. Cataldini, E. Imbriani, M. Mezzanotte, L. Montecchi, A. Nacci, F. Pasca, R. Puglisi, A. Rapaggi, A. Valeri.<\/p>\n\n\n\n<p>Copertina di Massimo Pasca<\/p>\n\n\n\n<p>Vincenzo Ampolo, psicologo-psicoterapeuta, saggista e ricercatore. Con il suo primo maestro Prof. Dario V. Caggia inizia e completa la sua formazione psicoanalitica (junghiana). Molti i saggi pubblicati nella rassegna internazionale di psicologia L\u2019immaginale e su altre riviste di settore. Nel 1979 si laurea con il massimo dei voti discutendo una tesi su \u201cPsicoanalisi e Controcultura\u201d. Contemporaneamente alla sua specializzazione in Scienze Sociali ad Urbino, partecipa al Movimento di Psicologia Umanistica degli anni \u201970, collaborando con quelli che sarebbero diventati i capiscuola delle maggiori discipline psicoterapeutiche e dirigendo egli stesso il Centro di Ricerca Formazione e Terapia Perseo Ente Morale e la Rivista di Pedagogia Psicologia e Scienze Interdisciplinari Progetto Umanistico. A Roma si specializza in Analisi Umanistica-Esistenziale e si abilita presso l\u2019Universit\u00e0 degli Studi La Sapienza in Psicologia. Pur continuando in questi anni la sua attivit\u00e0 in ambito istituzionale sanitario, nel campo della disabilit\u00e0 prima, nel campo delle Dipendenze Patologiche, dei Disturbi Alimentari e della riabilitazione psichiatrica, collabora con le Universit\u00e0 di Lecce, Bari e Genova ad attivit\u00e0 didattiche, di ricerca e di divulgazione scientifica e continua con entusiasmo la sua pratica di formatore, saggista e psicoterapeuta. Diversi dei suoi ultimi libri trattano temi legati agli Stati Modificati di Coscienza.<\/p>\n","protected":false},"excerpt":{"rendered":"<p>Dissociazione e Creativit\u00e0 a cura di Vincenzo Ampolo (AA.VV) (I Quaderni del Bardo Edizioni di Stefano Donno) 15 luglio 2022 ore 19,00 libreria\u00a0\u00a0Ergot (Officine Culturali Ergot) Piazzetta Falcnieri 1\/b a Lecce Presenta e modera Marco Caiffa. Relatori: Eugenio Imbriani, Marta Ampolo, Guglielmo Campione e Rosario Puglisi. L&#8217;Editore Stefano Donno e il curatore Vincenzo Ampolo, accompagneranno [&hellip;]<\/p>\n","protected":false},"author":1,"featured_media":0,"comment_status":"open","ping_status":"open","sticky":false,"template":"","format":"standard","meta":{"_joinchat":[]},"categories":[1],"tags":[],"_links":{"self":[{"href":"https:\/\/www.radioribelle.it\/index.php\/wp-json\/wp\/v2\/posts\/3205"}],"collection":[{"href":"https:\/\/www.radioribelle.it\/index.php\/wp-json\/wp\/v2\/posts"}],"about":[{"href":"https:\/\/www.radioribelle.it\/index.php\/wp-json\/wp\/v2\/types\/post"}],"author":[{"embeddable":true,"href":"https:\/\/www.radioribelle.it\/index.php\/wp-json\/wp\/v2\/users\/1"}],"replies":[{"embeddable":true,"href":"https:\/\/www.radioribelle.it\/index.php\/wp-json\/wp\/v2\/comments?post=3205"}],"version-history":[{"count":1,"href":"https:\/\/www.radioribelle.it\/index.php\/wp-json\/wp\/v2\/posts\/3205\/revisions"}],"predecessor-version":[{"id":3207,"href":"https:\/\/www.radioribelle.it\/index.php\/wp-json\/wp\/v2\/posts\/3205\/revisions\/3207"}],"wp:attachment":[{"href":"https:\/\/www.radioribelle.it\/index.php\/wp-json\/wp\/v2\/media?parent=3205"}],"wp:term":[{"taxonomy":"category","embeddable":true,"href":"https:\/\/www.radioribelle.it\/index.php\/wp-json\/wp\/v2\/categories?post=3205"},{"taxonomy":"post_tag","embeddable":true,"href":"https:\/\/www.radioribelle.it\/index.php\/wp-json\/wp\/v2\/tags?post=3205"}],"curies":[{"name":"wp","href":"https:\/\/api.w.org\/{rel}","templated":true}]}}