{"id":32151,"date":"2024-09-17T11:35:00","date_gmt":"2024-09-17T09:35:00","guid":{"rendered":"https:\/\/www.radioribelle.it\/?p=32151"},"modified":"2024-09-18T19:24:42","modified_gmt":"2024-09-18T17:24:42","slug":"scuola-di-musica-puccini","status":"publish","type":"post","link":"https:\/\/www.radioribelle.it\/index.php\/2024\/09\/17\/scuola-di-musica-puccini\/","title":{"rendered":"Scuola di musica \u201cPuccini"},"content":{"rendered":"\n<div class=\"wp-block-image\"><figure class=\"alignleft size-large is-resized\"><img loading=\"lazy\" src=\"https:\/\/www.radioribelle.it\/wp-content\/uploads\/2024\/09\/image_6483441-1-1024x965.jpg\" alt=\"\" class=\"wp-image-32156\" width=\"297\" height=\"279\" srcset=\"https:\/\/www.radioribelle.it\/wp-content\/uploads\/2024\/09\/image_6483441-1-1024x965.jpg 1024w, https:\/\/www.radioribelle.it\/wp-content\/uploads\/2024\/09\/image_6483441-1-300x283.jpg 300w, https:\/\/www.radioribelle.it\/wp-content\/uploads\/2024\/09\/image_6483441-1-768x724.jpg 768w, https:\/\/www.radioribelle.it\/wp-content\/uploads\/2024\/09\/image_6483441-1-619x584.jpg 619w, https:\/\/www.radioribelle.it\/wp-content\/uploads\/2024\/09\/image_6483441-1.jpg 1500w\" sizes=\"(max-width: 297px) 100vw, 297px\" \/><\/figure><\/div>\n\n\n\n<p> Al via l&#8217;anno scolastico 2024-2025 nel segno dell&#8217;accessibilit\u00e0: esenzione della retta mensile per allievi disabili e tariffe agevolate per gli allievi delle scuole. Botteghi: &#8220;Scuola pi\u00f9 accessibile, approccio alla musica a portata di tutti&#8221;. Calagreti: &#8220;Esenzione per disabili: passo avanti verso una comunit\u00e0 inclusiva&#8221;. Dal 1 al 4 ottobre Open Day\u00a0<\/p>\n\n\n\n<!--more-->\n\n\n\n<p>Musica inclusiva:\u00a0<em>esenzione dalla retta mensile per gli allievi con disabilit\u00e0<\/em>. E\u2019 questa una delle novit\u00e0 della Scuola comunale di musica \u201cG. Puccini\u201d di Citt\u00e0 di Castello che riaprir\u00e0 le porte della sede di Palazzo Corsi marted\u00ec 1 Ottobre 2024,\u00a0con l&#8217;Open day tutti i giorni fino a venerd\u00ec 4 ottobre dalle 14.30 alle 18.30.\u00a0\u201cLa missione della scuola Puccini \u00e8 avvicinare i giovani alla musica, aumentando l\u2019accessibilit\u00e0 sotto diversi punti di vista\u201d spiega l\u2019assessore alla Cultura del comune tifernate\u00a0Michela Botteghi\u00a0\u201cin primo luogo verso gli allievi che abbiamo una certificazione ai sensi della legge 104\/1992 e verso gli studenti: per questo abbiamo rivisto l\u2019impianto delle tariffe, agevolando l&#8217;incontro con lo strumento o la prosecuzione di un\u2019esperienza scolastica. Vogliamo che la scuola sia un luogo di crescita culturale e di socializzazione: la musica \u00e8 un elemento costante nella vita e nell\u2019immaginario dei giovani, crediamo che avere l\u2019opportunit\u00e0 di praticarla, di conoscerla rappresenti uno stimolo e un tema intorno al quale costruire relazioni, sviluppare passioni e progetti. Su questo il direttore della Scuola, il maestro,\u00a0Nolito Bambini, sta compiendo un lavoro importante sia sul fronte dello 0-6, con la conferma del corso prescolare, sia verso le scuole, che sono l\u2019altra vera novit\u00e0 di quest\u2019anno. Ogni studente, dalla primaria alla secondaria di secondo grado, potr\u00e0 seguire un corso semi-collettivo ad una tariffa agevolata, cos\u00ec da facilitare la l\u2019inserimento di questa attivit\u00e0 nei budget familiari e non dover scegliere tra l\u2019una e l\u2019altra disciplina sulla base di un criterio puramente economico&#8221;. \u00a0Le tariffe per chi ha meno di trenta anni, in concreto, prevedono la tassa di iscrizione di 45 euro per gli iscritti al corso singolo, la riducono a 15 euro per tutti gli altri corsi. La tariffa ordinaria rimane invariata (63 euro e 72 con accompagnatore) mentre il corso semi-collettivo con almeno 3 allievi prevede una tariffa di 27 euro e sar\u00e0 rivolto soprattutto alle scuole del territorio. La propedeutica per i bambini da 0 a 6 anni, i cori e gli ensemble prevedono una tariffa di 22,00 euro. \u00c8 prevista la riduzione del 20% al corso singolo per chi ha frequentato o frequenta un corso presso gli istituti scolastici e per chi ha gi\u00e0 un componente della famiglia iscritto ad un corso singolo. I componenti della Filarmonica Puccini sono esentati dalla retta del corso singolo per lo strumento che suonano nella banda. Le agevolazioni non sono cumulabili. \u201cNella prima settimana di apertura, i pomeriggi da marted\u00ec 1 ottobre a domenica 6, saranno dedicati all\u2019Open Day della scuola con lezioni e dimostrazioni gratuite, saggi ed iniziative aperte al pubblico: invitiamo le famiglie a partecipare per incontrare da vicino i docenti, un pilastro della nostra scuola, e visitare la sede della scuola, nello storico Palazzo Corsi\u201d. \u201cL\u2019accessibilit\u00e0 \u00e8 una delle cifre dell\u2019azione del Comune in tutti i settori trasversalmente\u201d commenta l\u2019assessore al Sociale,\u00a0Benedetta Calagreti. \u201cRiteniamo l\u2019agevolazione prevista per gli allievi disabili un modo per estendere la \u00a0fruizione delle discipline culturali, un ulteriore passo avanti nella costruzione di una comunit\u00e0 solidale e consapevole nella promozione dell\u2019inclusivit\u00e0\u201d. Per la preiscrizione e l\u2019iscrizione il modulo \u00e8 disponibilit\u00e0 al link\u00a0<a rel=\"noreferrer noopener\" href=\"https:\/\/modulistica.comune.cittadicastello.pg.it\/rwe2\/module_preview.jsp?MODULE_TAG=MISMGP_2024_2025\" target=\"_blank\">https:\/\/modulistica.comune.cittadicastello.pg.it\/rwe2\/module_preview.jsp?MODULE_TAG=MISMGP_2024_2025<\/a>; tutte le informazioni ed i contatti della Scuola di musica sono disponibili nel sito del comune di Citt\u00e0 di Castello:\u00a0<a rel=\"noreferrer noopener\" href=\"https:\/\/www.comune.cittadicastello.pg.it\/pagina939_scuola-di-musica-g-puccini.html\" target=\"_blank\">https:\/\/www.comune.cittadicastello.pg.it\/pagina939_scuola-di-musica-g-puccini.html<\/a>.<\/p>\n","protected":false},"excerpt":{"rendered":"<p>Al via l&#8217;anno scolastico 2024-2025 nel segno dell&#8217;accessibilit\u00e0: esenzione della retta mensile per allievi disabili e tariffe agevolate per gli allievi delle scuole. Botteghi: &#8220;Scuola pi\u00f9 accessibile, approccio alla musica a portata di tutti&#8221;. Calagreti: &#8220;Esenzione per disabili: passo avanti verso una comunit\u00e0 inclusiva&#8221;. Dal 1 al 4 ottobre Open Day\u00a0<\/p>\n","protected":false},"author":1,"featured_media":0,"comment_status":"open","ping_status":"open","sticky":false,"template":"","format":"standard","meta":{"_joinchat":[]},"categories":[1],"tags":[],"_links":{"self":[{"href":"https:\/\/www.radioribelle.it\/index.php\/wp-json\/wp\/v2\/posts\/32151"}],"collection":[{"href":"https:\/\/www.radioribelle.it\/index.php\/wp-json\/wp\/v2\/posts"}],"about":[{"href":"https:\/\/www.radioribelle.it\/index.php\/wp-json\/wp\/v2\/types\/post"}],"author":[{"embeddable":true,"href":"https:\/\/www.radioribelle.it\/index.php\/wp-json\/wp\/v2\/users\/1"}],"replies":[{"embeddable":true,"href":"https:\/\/www.radioribelle.it\/index.php\/wp-json\/wp\/v2\/comments?post=32151"}],"version-history":[{"count":1,"href":"https:\/\/www.radioribelle.it\/index.php\/wp-json\/wp\/v2\/posts\/32151\/revisions"}],"predecessor-version":[{"id":32157,"href":"https:\/\/www.radioribelle.it\/index.php\/wp-json\/wp\/v2\/posts\/32151\/revisions\/32157"}],"wp:attachment":[{"href":"https:\/\/www.radioribelle.it\/index.php\/wp-json\/wp\/v2\/media?parent=32151"}],"wp:term":[{"taxonomy":"category","embeddable":true,"href":"https:\/\/www.radioribelle.it\/index.php\/wp-json\/wp\/v2\/categories?post=32151"},{"taxonomy":"post_tag","embeddable":true,"href":"https:\/\/www.radioribelle.it\/index.php\/wp-json\/wp\/v2\/tags?post=32151"}],"curies":[{"name":"wp","href":"https:\/\/api.w.org\/{rel}","templated":true}]}}