{"id":32912,"date":"2024-10-07T18:28:00","date_gmt":"2024-10-07T16:28:00","guid":{"rendered":"https:\/\/www.radioribelle.it\/?p=32912"},"modified":"2024-10-06T21:02:12","modified_gmt":"2024-10-06T19:02:12","slug":"linizio-dun-sogno","status":"publish","type":"post","link":"https:\/\/www.radioribelle.it\/index.php\/2024\/10\/07\/linizio-dun-sogno\/","title":{"rendered":"L\u2019inizio d\u2019un Sogno"},"content":{"rendered":"\n<p><\/p>\n\n\n\n<div class=\"wp-block-image\"><figure class=\"alignleft size-large is-resized\"><img loading=\"lazy\" src=\"https:\/\/www.radioribelle.it\/wp-content\/uploads\/2024\/10\/Linizio-dun-Sogno-1-724x1024.jpg\" alt=\"\" class=\"wp-image-32913\" width=\"150\" height=\"212\" srcset=\"https:\/\/www.radioribelle.it\/wp-content\/uploads\/2024\/10\/Linizio-dun-Sogno-1-724x1024.jpg 724w, https:\/\/www.radioribelle.it\/wp-content\/uploads\/2024\/10\/Linizio-dun-Sogno-1-212x300.jpg 212w, https:\/\/www.radioribelle.it\/wp-content\/uploads\/2024\/10\/Linizio-dun-Sogno-1-768x1086.jpg 768w, https:\/\/www.radioribelle.it\/wp-content\/uploads\/2024\/10\/Linizio-dun-Sogno-1-1086x1536.jpg 1086w, https:\/\/www.radioribelle.it\/wp-content\/uploads\/2024\/10\/Linizio-dun-Sogno-1-619x876.jpg 619w, https:\/\/www.radioribelle.it\/wp-content\/uploads\/2024\/10\/Linizio-dun-Sogno-1.jpg 1414w\" sizes=\"(max-width: 150px) 100vw, 150px\" \/><\/figure><\/div>\n\n\n\n<p>Associazione Culturale Teatro Trastevere  presenta Stagione Teatro Trastevere 2024-25al Teatro Trastevere di Roma <em>Lo spettacolo \u00e8 un racconto che va dall\u2019infanzia all\u2019et\u00e0 adulta, attraversando le esperienze del protagonista, Miguel. Il racconto \u00e8 una serie di immagini scevre di retorica, quasi un fumetto in bianco e nero in cui \u00e8 il pubblico a mettere i colori; come in un gioco di specchi, nell\u2019esperienza del protagonista ognuno pu\u00f2 ritrovare la propria. E\u2019 esortazione all\u2019azione e all\u2019ascolto del caso. Queste sono le forze che guidano un Miguel appena adolescente a conoscere s\u00e9 stesso e immaginare l\u2019uomo che sar\u00e0.<\/em><\/p>\n\n\n\n<!--more-->\n\n\n\n<p>Il palcoscenico \u00e8 nudo, come nudo \u00e8 il racconto.\u00a0Pochi oggetti a descrivere luoghi, tempo ed eventi. La narrazione si sviluppa come un percorso a ostacoli attraverso gli elementi presenti in scena, che a volte sono d\u2019aiuto, altre d\u2019ostacolo.\u00a0Il protagonista come in una gincana, fa la sua gara per scoprire al traguardo che difficolt\u00e0 e facilit\u00e0,\u00a0pregi e difetti, hanno avuto la stessa forza, sono stati ugualmente determinanti per giungere alla meta. <em>Se amo penso alla forza! L\u2019amore ti rende determinato e capace di sostenere il cammino per raggiungere il tuo sogno. Il mio cammino ha incontrato molti ostacoli e l\u2019amore che ho avuto per la mia passione mi ha aiutato a non mollare. Ogni momento raccontato in questa storia \u00e8 sempre stato sostenuto dall\u2019amore per quello che facevo. Il mio sogno lo potevo raggiungere solamente affrontando il mio cammino, accettando quello che non sopportavo e affrontando quello che amavo con la consapevolezza che ogni cosa, negativa o positiva che fosse, avesse lo stesso valore, quello di aiutarmi a crescere come essere umano pieno di vita. Dedico questo spettacolo alla mia famiglia. Agli amici che hanno creduto in me. Ad ogni persona incontrata durante il mio percorso che mi ha fatto crescere. El fuego Amigo!<\/em><\/p>\n\n\n\n<p>Scritto e interpretato da\u00a0Miguel Gobbo Diaz Regia di\u00a0Maurizio Mario Pepe In scena dal 18 al 20 ottobre 2024<\/p>\n\n\n\n<p><em>Cit.\u00a0Miguel Gobbo Diaz<\/em> Teatro Trastevere Il Posto delle Idee via Jacopa de&#8217; Settesoli 3, 00153 RomaFeriali ore 21, festivi ore 17:30<\/p>\n\n\n\n<p><strong>\u00a0<\/strong>Vania Lai\u00a0<\/p>\n","protected":false},"excerpt":{"rendered":"<p>Associazione Culturale Teatro Trastevere presenta Stagione Teatro Trastevere 2024-25al Teatro Trastevere di Roma Lo spettacolo \u00e8 un racconto che va dall\u2019infanzia all\u2019et\u00e0 adulta, attraversando le esperienze del protagonista, Miguel. Il racconto \u00e8 una serie di immagini scevre di retorica, quasi un fumetto in bianco e nero in cui \u00e8 il pubblico a mettere i colori; [&hellip;]<\/p>\n","protected":false},"author":1,"featured_media":0,"comment_status":"open","ping_status":"open","sticky":false,"template":"","format":"standard","meta":{"_joinchat":[]},"categories":[1],"tags":[],"_links":{"self":[{"href":"https:\/\/www.radioribelle.it\/index.php\/wp-json\/wp\/v2\/posts\/32912"}],"collection":[{"href":"https:\/\/www.radioribelle.it\/index.php\/wp-json\/wp\/v2\/posts"}],"about":[{"href":"https:\/\/www.radioribelle.it\/index.php\/wp-json\/wp\/v2\/types\/post"}],"author":[{"embeddable":true,"href":"https:\/\/www.radioribelle.it\/index.php\/wp-json\/wp\/v2\/users\/1"}],"replies":[{"embeddable":true,"href":"https:\/\/www.radioribelle.it\/index.php\/wp-json\/wp\/v2\/comments?post=32912"}],"version-history":[{"count":1,"href":"https:\/\/www.radioribelle.it\/index.php\/wp-json\/wp\/v2\/posts\/32912\/revisions"}],"predecessor-version":[{"id":32914,"href":"https:\/\/www.radioribelle.it\/index.php\/wp-json\/wp\/v2\/posts\/32912\/revisions\/32914"}],"wp:attachment":[{"href":"https:\/\/www.radioribelle.it\/index.php\/wp-json\/wp\/v2\/media?parent=32912"}],"wp:term":[{"taxonomy":"category","embeddable":true,"href":"https:\/\/www.radioribelle.it\/index.php\/wp-json\/wp\/v2\/categories?post=32912"},{"taxonomy":"post_tag","embeddable":true,"href":"https:\/\/www.radioribelle.it\/index.php\/wp-json\/wp\/v2\/tags?post=32912"}],"curies":[{"name":"wp","href":"https:\/\/api.w.org\/{rel}","templated":true}]}}