{"id":33025,"date":"2024-10-09T17:13:43","date_gmt":"2024-10-09T15:13:43","guid":{"rendered":"https:\/\/www.radioribelle.it\/?p=33025"},"modified":"2024-10-09T17:13:44","modified_gmt":"2024-10-09T15:13:44","slug":"pensieri-prima-di-un-appuntamento","status":"publish","type":"post","link":"https:\/\/www.radioribelle.it\/index.php\/2024\/10\/09\/pensieri-prima-di-un-appuntamento\/","title":{"rendered":"&#8220;PENSIERI PRIMA DI UN APPUNTAMENTO&#8221;"},"content":{"rendered":"\n<div class=\"wp-block-image\"><figure class=\"alignleft size-full is-resized\"><img loading=\"lazy\" src=\"https:\/\/www.radioribelle.it\/wp-content\/uploads\/2024\/10\/libro.jpg\" alt=\"\" class=\"wp-image-33026\" width=\"181\" height=\"278\" srcset=\"https:\/\/www.radioribelle.it\/wp-content\/uploads\/2024\/10\/libro.jpg 382w, https:\/\/www.radioribelle.it\/wp-content\/uploads\/2024\/10\/libro-195x300.jpg 195w\" sizes=\"(max-width: 181px) 100vw, 181px\" \/><\/figure><\/div>\n\n\n\n<p><em>nel filone di quei libri che smuovono il pensiero, \u00e8 quello di un uomo, professionista, che vive il quotidiano, ma alla ricerca dei vari &#8220;perch\u00e9&#8221; che sempre meno assillano la mente umana. Ed ecco &#8220;Pensieri prima di un appuntamento&#8221;, un piccolo gioiello di riflessioni a voce alta <\/em><\/p>\n\n\n\n<!--more-->\n\n\n\n<p>Pensieri prima di un appuntamento\u00a0\u00e8 un percorso sfaccettato, improntato alla libert\u00e0 di stili letterari (la riflessione saggistica, la trasposizione del dialogo interiore, il racconto, la citazione) all\u2019interno di una visione che va dal centro unificante delle questioni esistenziali \u2013 con la morte come elemento che ci accomuna, l\u2019appuntamento di cui al titolo \u2013 alla variet\u00e0 di tipi umani e situazioni resi soprattutto attraverso i pensieri di un attimo di vita dei singoli personaggi protagonisti, assai diversi l\u2019uno dall\u2019altro, ma legati da alcune questioni di fondo che in un modo o nell\u2019altro li caratterizzano: la libert\u00e0 delle scelte, il rapporto con gli altri e col mondo, la fede (ove presente), solo per citarne alcuni. L\u2019elemento autobiografico si confonde con quello descrittivo di situazioni osservate dall\u2019esterno, ma, nell\u2019intento dell\u2019autore, ci\u00f2 \u00e8 relativamente importante, volendo gettare uno sguardo nella psiche di uomini e donne diversi per vissuto trascorso e presente, accomunati dal modo in cui la vita stessa, per molti versi casualmente, ne modella i modi d\u2019essere. Gli influssi culturali sono i pi\u00f9 vari, coerentemente alla formazione dall\u2019autore e anche alla sua personalit\u00e0, radicata nella seriet\u00e0 della conoscenza cos\u00ec come nella percezione intuitiva delle dinamiche del mondo, proprio per denotare come a una certa direzione esistenziale \u201cpositiva\u201d si possa giungere in tante maniere, cercando di guardarsi dentro e di rimuovere le ombre che condizionano l\u2019individuo.<\/p>\n\n\n\n<p>Giuseppe Maria AMENDOLA, romano, classe 1964, si \u00e8 accostato alla scrittura in diverse fasi della propria vita, con articoli, saggi, pubblicazioni scientifiche corrispondenti agli studi svolti e agli approfondimenti condotti in ricerche ed esperienze umane e di lavoro, che vanno dalle tecnologie alla sanit\u00e0, dalle scienze naturali alle scienze sociali, fino al diritto, alla psicologia e alla filosofia; ha conseguito tre Lauree, una Specializzazione, un Dottorato di Ricerca e diversi Perfezionamenti in tutte queste differenziate aree. Personaggio eclettico, fa dell\u2019interdisciplinarit\u00e0 la base del suo pensiero, focalizzato essenzialmente sui rapporti fra gli uomini e degli uomini con la natura. In diverse eterogenee forme ha contribuito allo sviluppo del proprio Paese, da progettista a inventore industriale, da organizzatore\/riorganizzatore di imprese a innovatore nella pubblica amministrazione, da docente universitario a promotore di progetti di sviluppo territoriale, ottenendo i riconoscimenti progressivi di Cavaliere, Ufficiale e Commendatore dell\u2019Ordine \u201cAl Merito della Repubblica Italiana\u201d. Per GAEditori ha sviluppato il suo progetto intellettuale pi\u00f9 ambizioso, quello di porre in forma narrativa la complessit\u00e0 dei legami umani sperimentati in un\u2019atipica personalissima esperienza di vita.<\/p>\n","protected":false},"excerpt":{"rendered":"<p>nel filone di quei libri che smuovono il pensiero, \u00e8 quello di un uomo, professionista, che vive il quotidiano, ma alla ricerca dei vari &#8220;perch\u00e9&#8221; che sempre meno assillano la mente umana. Ed ecco &#8220;Pensieri prima di un appuntamento&#8221;, un piccolo gioiello di riflessioni a voce alta<\/p>\n","protected":false},"author":1,"featured_media":0,"comment_status":"open","ping_status":"open","sticky":false,"template":"","format":"standard","meta":{"_joinchat":[]},"categories":[1],"tags":[],"_links":{"self":[{"href":"https:\/\/www.radioribelle.it\/index.php\/wp-json\/wp\/v2\/posts\/33025"}],"collection":[{"href":"https:\/\/www.radioribelle.it\/index.php\/wp-json\/wp\/v2\/posts"}],"about":[{"href":"https:\/\/www.radioribelle.it\/index.php\/wp-json\/wp\/v2\/types\/post"}],"author":[{"embeddable":true,"href":"https:\/\/www.radioribelle.it\/index.php\/wp-json\/wp\/v2\/users\/1"}],"replies":[{"embeddable":true,"href":"https:\/\/www.radioribelle.it\/index.php\/wp-json\/wp\/v2\/comments?post=33025"}],"version-history":[{"count":1,"href":"https:\/\/www.radioribelle.it\/index.php\/wp-json\/wp\/v2\/posts\/33025\/revisions"}],"predecessor-version":[{"id":33027,"href":"https:\/\/www.radioribelle.it\/index.php\/wp-json\/wp\/v2\/posts\/33025\/revisions\/33027"}],"wp:attachment":[{"href":"https:\/\/www.radioribelle.it\/index.php\/wp-json\/wp\/v2\/media?parent=33025"}],"wp:term":[{"taxonomy":"category","embeddable":true,"href":"https:\/\/www.radioribelle.it\/index.php\/wp-json\/wp\/v2\/categories?post=33025"},{"taxonomy":"post_tag","embeddable":true,"href":"https:\/\/www.radioribelle.it\/index.php\/wp-json\/wp\/v2\/tags?post=33025"}],"curies":[{"name":"wp","href":"https:\/\/api.w.org\/{rel}","templated":true}]}}