{"id":3335,"date":"2022-07-18T16:06:00","date_gmt":"2022-07-18T14:06:00","guid":{"rendered":"https:\/\/www.radioribelle.it\/?p=3335"},"modified":"2022-07-19T17:06:09","modified_gmt":"2022-07-19T15:06:09","slug":"arezzo-investa-sui-servizi-per-linfanzia-un-incontro-pubblico-per-illustrare-le-nostre-proposte","status":"publish","type":"post","link":"https:\/\/www.radioribelle.it\/index.php\/2022\/07\/18\/arezzo-investa-sui-servizi-per-linfanzia-un-incontro-pubblico-per-illustrare-le-nostre-proposte\/","title":{"rendered":"Arezzo investa sui servizi per l&#8217;infanzia. Un incontro pubblico per illustrare le nostre proposte"},"content":{"rendered":"\n<div class=\"wp-block-image\"><figure class=\"alignright size-full is-resized\"><img loading=\"lazy\" src=\"https:\/\/www.radioribelle.it\/wp-content\/uploads\/2022\/07\/scelgo-arezzo-assemblea.jpg\" alt=\"\" class=\"wp-image-3336\" width=\"210\" height=\"176\" srcset=\"https:\/\/www.radioribelle.it\/wp-content\/uploads\/2022\/07\/scelgo-arezzo-assemblea.jpg 940w, https:\/\/www.radioribelle.it\/wp-content\/uploads\/2022\/07\/scelgo-arezzo-assemblea-300x251.jpg 300w, https:\/\/www.radioribelle.it\/wp-content\/uploads\/2022\/07\/scelgo-arezzo-assemblea-768x644.jpg 768w, https:\/\/www.radioribelle.it\/wp-content\/uploads\/2022\/07\/scelgo-arezzo-assemblea-619x519.jpg 619w\" sizes=\"(max-width: 210px) 100vw, 210px\" \/><\/figure><\/div>\n\n\n\n<p>\u0093\u00c8 necessario che Arezzo investa sui servizi per l\u0092infanzia pi\u00f9 di quanto accade. Citt\u00e0 come la nostra devono diventare attrattive per le famiglie, con politiche di sostegno alla natalit\u00e0 che significano anche disporre di servizi adeguati. E in merito a questi ultimi non possiamo trascurare un aspetto spesso sottaciuto, ovvero i loro risvolti occupazionali<\/p>\n\n\n\n<!--more-->\n\n\n\n<p>Dunque, investire in questo ambito assume una duplice valenza: c\u0092\u00e8 l\u0092orizzonte tradizionale, ovvero la vocazione educativa e pedagogico-didattica e c\u0092\u00e8 pure un dato economico da tenere presente. Se le famiglie non dispongono di servizi adeguati, lo certificano studi recenti, le aziende rischiano di non veder rientrare i genitori. Spesso, per\u00f2, a restare a casa sono le donne, determinando ricadute sull\u0092occupazione femminile e generando un vero e proprio \u0091gap di genere\u0092. Diamo perci\u00f2 appuntamento luned\u00ec 18 luglio alle 21 ai cittadini per parlare proprio di questi problemi, nella duplice luce di cui abbiamo accennato: presenteremo le nostre proposte in un\u0092assemblea aperta a tutti all\u0092esterno del Cas di Villa Severi\u0094.<\/p>\n","protected":false},"excerpt":{"rendered":"<p>\u0093\u00c8 necessario che Arezzo investa sui servizi per l\u0092infanzia pi\u00f9 di quanto accade. Citt\u00e0 come la nostra devono diventare attrattive per le famiglie, con politiche di sostegno alla natalit\u00e0 che significano anche disporre di servizi adeguati. E in merito a questi ultimi non possiamo trascurare un aspetto spesso sottaciuto, ovvero i loro risvolti occupazionali<\/p>\n","protected":false},"author":1,"featured_media":0,"comment_status":"open","ping_status":"open","sticky":false,"template":"","format":"standard","meta":{"_joinchat":[]},"categories":[1],"tags":[],"_links":{"self":[{"href":"https:\/\/www.radioribelle.it\/index.php\/wp-json\/wp\/v2\/posts\/3335"}],"collection":[{"href":"https:\/\/www.radioribelle.it\/index.php\/wp-json\/wp\/v2\/posts"}],"about":[{"href":"https:\/\/www.radioribelle.it\/index.php\/wp-json\/wp\/v2\/types\/post"}],"author":[{"embeddable":true,"href":"https:\/\/www.radioribelle.it\/index.php\/wp-json\/wp\/v2\/users\/1"}],"replies":[{"embeddable":true,"href":"https:\/\/www.radioribelle.it\/index.php\/wp-json\/wp\/v2\/comments?post=3335"}],"version-history":[{"count":3,"href":"https:\/\/www.radioribelle.it\/index.php\/wp-json\/wp\/v2\/posts\/3335\/revisions"}],"predecessor-version":[{"id":3479,"href":"https:\/\/www.radioribelle.it\/index.php\/wp-json\/wp\/v2\/posts\/3335\/revisions\/3479"}],"wp:attachment":[{"href":"https:\/\/www.radioribelle.it\/index.php\/wp-json\/wp\/v2\/media?parent=3335"}],"wp:term":[{"taxonomy":"category","embeddable":true,"href":"https:\/\/www.radioribelle.it\/index.php\/wp-json\/wp\/v2\/categories?post=3335"},{"taxonomy":"post_tag","embeddable":true,"href":"https:\/\/www.radioribelle.it\/index.php\/wp-json\/wp\/v2\/tags?post=3335"}],"curies":[{"name":"wp","href":"https:\/\/api.w.org\/{rel}","templated":true}]}}