{"id":33578,"date":"2024-10-26T12:07:24","date_gmt":"2024-10-26T10:07:24","guid":{"rendered":"https:\/\/www.radioribelle.it\/?p=33578"},"modified":"2024-10-26T12:07:41","modified_gmt":"2024-10-26T10:07:41","slug":"rifiuti-tossico-nocivi-keu","status":"publish","type":"post","link":"https:\/\/www.radioribelle.it\/index.php\/2024\/10\/26\/rifiuti-tossico-nocivi-keu\/","title":{"rendered":"Rifiuti\u00a0TOSSICO-NOCIVI \u201cKEU\u201d"},"content":{"rendered":"\n<div class=\"wp-block-image\"><figure class=\"aligncenter size-full is-resized\"><img loading=\"lazy\" src=\"https:\/\/www.radioribelle.it\/wp-content\/uploads\/2024\/10\/RIFIUTI.jpg\" alt=\"\" class=\"wp-image-33579\" width=\"536\" height=\"258\" srcset=\"https:\/\/www.radioribelle.it\/wp-content\/uploads\/2024\/10\/RIFIUTI.jpg 1000w, https:\/\/www.radioribelle.it\/wp-content\/uploads\/2024\/10\/RIFIUTI-300x145.jpg 300w, https:\/\/www.radioribelle.it\/wp-content\/uploads\/2024\/10\/RIFIUTI-768x371.jpg 768w, https:\/\/www.radioribelle.it\/wp-content\/uploads\/2024\/10\/RIFIUTI-619x299.jpg 619w\" sizes=\"(max-width: 536px) 100vw, 536px\" \/><\/figure><\/div>\n\n\n\n<p>BUCINE &#8211; Rifiuti\u00a0TOSSICO-NOCIVI \u201cKEU\u201d: INQUIETA IL SILENZIO TOMBALE CHE AVVILUPPA LA SITUAZIONE DELLA \u2013 INDISPENSABILE ED URGENTE &#8211; BONIFICA DEL SITO FORTEMENTE INQUINATO EX\u00a0\u201cLerose\u201d a Levane, nel territorio del Comune di Bucine<\/p>\n\n\n\n<!--more-->\n\n\n\n<p>Acclarata ormai la cospicua presenza del rifiuto altamente tossico e nocivo nominato \u201ckeu\u201d nell\u2019ex stabilimento \u201cLerose\u201d in Loc. Le Valli &#8211; a Levane di Bucine \u2013 c\u2019\u00e8 una fortissima preoccupazione diffusa soprattutto tra i cittadini residenti nella zona e limitrofe, sia del Comune di Montevarchi che di Bucine, per i tempi di messa in sicurezza e bonifica del sito in questione. Il preoccupante silenzio inerente lo stato dell\u2019arte della procedura di risanamento \u2013 profondo e urgente \u2013 di un\u2019area molto estesa, anche residenziale, non tranquillizza affatto la popolazione, dato che si tratta di un tipo inquinamento molto pericoloso per la salute delle persone, nonch\u00e9 per l\u2019ambiente e per il territorio circostanti&#8230; Faccio un accorato appello a tutte le autorit\u00e0 competenti (ARPAT, AUSL Sudest, Commissario per la bonifica, Regione Toscana, ecc.) affinch\u00e9 accelerino la bonifica del sito, cos\u00ec da mettere in sicurezza tutte le matrici ambientali compromesse dai rifiuti tossico-nocivi.\u00a0Fausto Tenti, Costituente comunista, Sez. prov. Di Arezzo.<\/p>\n","protected":false},"excerpt":{"rendered":"<p>BUCINE &#8211; Rifiuti\u00a0TOSSICO-NOCIVI \u201cKEU\u201d: INQUIETA IL SILENZIO TOMBALE CHE AVVILUPPA LA SITUAZIONE DELLA \u2013 INDISPENSABILE ED URGENTE &#8211; BONIFICA DEL SITO FORTEMENTE INQUINATO EX\u00a0\u201cLerose\u201d a Levane, nel territorio del Comune di Bucine<\/p>\n","protected":false},"author":1,"featured_media":0,"comment_status":"open","ping_status":"open","sticky":false,"template":"","format":"standard","meta":{"_joinchat":[]},"categories":[1],"tags":[],"_links":{"self":[{"href":"https:\/\/www.radioribelle.it\/index.php\/wp-json\/wp\/v2\/posts\/33578"}],"collection":[{"href":"https:\/\/www.radioribelle.it\/index.php\/wp-json\/wp\/v2\/posts"}],"about":[{"href":"https:\/\/www.radioribelle.it\/index.php\/wp-json\/wp\/v2\/types\/post"}],"author":[{"embeddable":true,"href":"https:\/\/www.radioribelle.it\/index.php\/wp-json\/wp\/v2\/users\/1"}],"replies":[{"embeddable":true,"href":"https:\/\/www.radioribelle.it\/index.php\/wp-json\/wp\/v2\/comments?post=33578"}],"version-history":[{"count":2,"href":"https:\/\/www.radioribelle.it\/index.php\/wp-json\/wp\/v2\/posts\/33578\/revisions"}],"predecessor-version":[{"id":33581,"href":"https:\/\/www.radioribelle.it\/index.php\/wp-json\/wp\/v2\/posts\/33578\/revisions\/33581"}],"wp:attachment":[{"href":"https:\/\/www.radioribelle.it\/index.php\/wp-json\/wp\/v2\/media?parent=33578"}],"wp:term":[{"taxonomy":"category","embeddable":true,"href":"https:\/\/www.radioribelle.it\/index.php\/wp-json\/wp\/v2\/categories?post=33578"},{"taxonomy":"post_tag","embeddable":true,"href":"https:\/\/www.radioribelle.it\/index.php\/wp-json\/wp\/v2\/tags?post=33578"}],"curies":[{"name":"wp","href":"https:\/\/api.w.org\/{rel}","templated":true}]}}