{"id":33683,"date":"2024-10-31T12:11:00","date_gmt":"2024-10-31T11:11:00","guid":{"rendered":"https:\/\/www.radioribelle.it\/?p=33683"},"modified":"2024-10-30T18:53:02","modified_gmt":"2024-10-30T17:53:02","slug":"solo-i-gruppi-consiliari-possono-fruire-gratuitamente-della-sala-giostra-del-saracino","status":"publish","type":"post","link":"https:\/\/www.radioribelle.it\/index.php\/2024\/10\/31\/solo-i-gruppi-consiliari-possono-fruire-gratuitamente-della-sala-giostra-del-saracino\/","title":{"rendered":"\u201cSolo i gruppi consiliari possono fruire gratuitamente della Sala Giostra del Saracino\u201d"},"content":{"rendered":"\n<div class=\"wp-block-image\"><figure class=\"alignleft size-full\"><img loading=\"lazy\" width=\"300\" height=\"168\" src=\"https:\/\/www.radioribelle.it\/wp-content\/uploads\/2024\/01\/romizi.jpeg\" alt=\"\" class=\"wp-image-23635\"\/><\/figure><\/div>\n\n\n\n<p>\u201cAlla destra aretina non basta un generale. Nessuno pu\u00f2 essere da meno in quell\u2019universo d\u2019ignoranza e nostalgia a cui si continua a dare troppo spazio per quel che conta. Comunque, di libraccio in libraccio, ne \u00e8 stato presentato un altro lo scorso venerd\u00ec sera in Sala Rosa. <\/p>\n\n\n\n<!--more-->\n\n\n\n<p>Di una tale dal curriculum \u2018esemplare\u2019, portata in citt\u00e0 da associazioni riconducibili a Casa Pound o a difesa di presunti valori che sembra abbiano beneficiato gratuitamente di una sala destinata alle iniziative pubbliche. Grazie allo stratagemma di un gruppo consiliare: la Lega. Tra ufficiali e tartarughe evidentemente ci s\u2019intende. La Sala Giostra del Saracino, ricordo, \u00e8 appannaggio gratuito dei gruppi consiliari qualora essi organizzino un proprio evento, altrimenti \u00e8 a disposizione di ogni associazione o soggetto del territorio che deve tuttavia pagare una quota per il suo utilizzo. Non essendo, per l\u2019appunto, una forza politica rappresentata in Consiglio Comunale. Per cui Casa Pound, i difensori o i centrocampisti o chi per essi erano tenuti a farlo. A dispetto del titolo che porrebbe un tema serio ma fatto apposta per la strumentalizzazione destrorsa, che la raccolta di carta dell\u2019altra sera &#8211; quanti alberi vengono inutilmente abbattuti per colpa della destra prima o poi andr\u00e0 detto \u2013 non sia stata un\u2019iniziativa della Lega lo si evince dai manifesti: il simbolo non c\u2019\u00e8. Per\u00f2 il gruppo consiliare della Lega ha richiesto la Sala Rosa. Un piacere evidentemente tra patrioti. Chieder\u00f2 quindi con un\u2019interrogazione in Consiglio Comunale se le cose siano andate cos\u00ec come sospetto e se avr\u00f2 conferma denuncer\u00f2 pubblicamente questo squallido escamotage\u201d.<\/p>\n","protected":false},"excerpt":{"rendered":"<p>\u201cAlla destra aretina non basta un generale. Nessuno pu\u00f2 essere da meno in quell\u2019universo d\u2019ignoranza e nostalgia a cui si continua a dare troppo spazio per quel che conta. Comunque, di libraccio in libraccio, ne \u00e8 stato presentato un altro lo scorso venerd\u00ec sera in Sala Rosa.<\/p>\n","protected":false},"author":1,"featured_media":0,"comment_status":"open","ping_status":"open","sticky":false,"template":"","format":"standard","meta":{"_joinchat":[]},"categories":[1],"tags":[],"_links":{"self":[{"href":"https:\/\/www.radioribelle.it\/index.php\/wp-json\/wp\/v2\/posts\/33683"}],"collection":[{"href":"https:\/\/www.radioribelle.it\/index.php\/wp-json\/wp\/v2\/posts"}],"about":[{"href":"https:\/\/www.radioribelle.it\/index.php\/wp-json\/wp\/v2\/types\/post"}],"author":[{"embeddable":true,"href":"https:\/\/www.radioribelle.it\/index.php\/wp-json\/wp\/v2\/users\/1"}],"replies":[{"embeddable":true,"href":"https:\/\/www.radioribelle.it\/index.php\/wp-json\/wp\/v2\/comments?post=33683"}],"version-history":[{"count":1,"href":"https:\/\/www.radioribelle.it\/index.php\/wp-json\/wp\/v2\/posts\/33683\/revisions"}],"predecessor-version":[{"id":33684,"href":"https:\/\/www.radioribelle.it\/index.php\/wp-json\/wp\/v2\/posts\/33683\/revisions\/33684"}],"wp:attachment":[{"href":"https:\/\/www.radioribelle.it\/index.php\/wp-json\/wp\/v2\/media?parent=33683"}],"wp:term":[{"taxonomy":"category","embeddable":true,"href":"https:\/\/www.radioribelle.it\/index.php\/wp-json\/wp\/v2\/categories?post=33683"},{"taxonomy":"post_tag","embeddable":true,"href":"https:\/\/www.radioribelle.it\/index.php\/wp-json\/wp\/v2\/tags?post=33683"}],"curies":[{"name":"wp","href":"https:\/\/api.w.org\/{rel}","templated":true}]}}