{"id":33796,"date":"2024-10-31T17:37:00","date_gmt":"2024-10-31T16:37:00","guid":{"rendered":"https:\/\/www.radioribelle.it\/?p=33796"},"modified":"2024-11-02T07:52:54","modified_gmt":"2024-11-02T06:52:54","slug":"mostra-nazionale-tartufo-bianco-pregiato-arriva-lultimo-appuntamento-con-la-sottile-linea-dumbria-in-pinacoteca-comunale","status":"publish","type":"post","link":"https:\/\/www.radioribelle.it\/index.php\/2024\/10\/31\/mostra-nazionale-tartufo-bianco-pregiato-arriva-lultimo-appuntamento-con-la-sottile-linea-dumbria-in-pinacoteca-comunale\/","title":{"rendered":"Mostra Nazionale Tartufo Bianco Pregiato arriva l\u2019ultimo appuntamento con \u201cLa sottile linea d\u2019Umbria\u201d in Pinacoteca Comunale"},"content":{"rendered":"\n<div class=\"wp-block-image\"><figure class=\"alignleft size-full\"><img loading=\"lazy\" width=\"255\" height=\"198\" src=\"https:\/\/www.radioribelle.it\/wp-content\/uploads\/2024\/10\/tartufo.jpeg\" alt=\"\" class=\"wp-image-33797\"\/><\/figure><\/div>\n\n\n\n<p>Sabato 2 novembre dalle ore 17.00 in Pinacoteca Comunale ultimo appuntamento con performance artistiche e laboratori per famiglie inerente alla programmazione di \u201cDue musei, due punti, una sola Linea\u201d aderenti al progetto regionale MuseiOn. Le performance e i laboratori saranno in contemporanea in Pinacoteca Comunale di Citt\u00e0 di Castello e nel Complesso museale di San Francesco a Montefalco e saranno curate da due collettivi d\u2019artista umbri come Becoming X-Art e Sound Collective e Trascendenza, il tutto verr\u00e0 proiettato in uno schermo diviso a met\u00e0, che sar\u00e0 visibile nei due luoghi. <\/p>\n\n\n\n<!--more-->\n\n\n\n<p>La rassegna \u201cLa sottile linea d\u2019Umbria\u201d, offerta culturale avviata nell\u2019estate 2024 e curata dalla Direzione Generale Musei del MIC, Musei Nazionali di Perugia, ha proposto nei siti statali e nei 10 musei civici che hanno aderito al progetto regionale MuseiOn interventi di arte contemporanea, grandi mostre e performance inedite utilizzando strumentazioni tecnologiche digitali come videoproiettori, Led e stampanti 3D per ricreare degli spettacoli interattivi. L\u2019estate 2024 \u00e8 stata dunque arricchita da numerose proposte culturali, infatti con un unico biglietto sar\u00e0 possibile visitare i quattordici musei nazionali dell\u2019Umbria fino a domenica 17 novembre.\u00a0<\/p>\n","protected":false},"excerpt":{"rendered":"<p>Sabato 2 novembre dalle ore 17.00 in Pinacoteca Comunale ultimo appuntamento con performance artistiche e laboratori per famiglie inerente alla programmazione di \u201cDue musei, due punti, una sola Linea\u201d aderenti al progetto regionale MuseiOn. Le performance e i laboratori saranno in contemporanea in Pinacoteca Comunale di Citt\u00e0 di Castello e nel Complesso museale di San [&hellip;]<\/p>\n","protected":false},"author":1,"featured_media":0,"comment_status":"open","ping_status":"open","sticky":false,"template":"","format":"standard","meta":{"_joinchat":[]},"categories":[1],"tags":[],"_links":{"self":[{"href":"https:\/\/www.radioribelle.it\/index.php\/wp-json\/wp\/v2\/posts\/33796"}],"collection":[{"href":"https:\/\/www.radioribelle.it\/index.php\/wp-json\/wp\/v2\/posts"}],"about":[{"href":"https:\/\/www.radioribelle.it\/index.php\/wp-json\/wp\/v2\/types\/post"}],"author":[{"embeddable":true,"href":"https:\/\/www.radioribelle.it\/index.php\/wp-json\/wp\/v2\/users\/1"}],"replies":[{"embeddable":true,"href":"https:\/\/www.radioribelle.it\/index.php\/wp-json\/wp\/v2\/comments?post=33796"}],"version-history":[{"count":1,"href":"https:\/\/www.radioribelle.it\/index.php\/wp-json\/wp\/v2\/posts\/33796\/revisions"}],"predecessor-version":[{"id":33798,"href":"https:\/\/www.radioribelle.it\/index.php\/wp-json\/wp\/v2\/posts\/33796\/revisions\/33798"}],"wp:attachment":[{"href":"https:\/\/www.radioribelle.it\/index.php\/wp-json\/wp\/v2\/media?parent=33796"}],"wp:term":[{"taxonomy":"category","embeddable":true,"href":"https:\/\/www.radioribelle.it\/index.php\/wp-json\/wp\/v2\/categories?post=33796"},{"taxonomy":"post_tag","embeddable":true,"href":"https:\/\/www.radioribelle.it\/index.php\/wp-json\/wp\/v2\/tags?post=33796"}],"curies":[{"name":"wp","href":"https:\/\/api.w.org\/{rel}","templated":true}]}}