{"id":34248,"date":"2024-11-15T12:06:00","date_gmt":"2024-11-15T11:06:00","guid":{"rendered":"https:\/\/www.radioribelle.it\/?p=34248"},"modified":"2024-11-15T10:59:00","modified_gmt":"2024-11-15T09:59:00","slug":"aboca-partner-della-fondazione-cer-italia","status":"publish","type":"post","link":"https:\/\/www.radioribelle.it\/index.php\/2024\/11\/15\/aboca-partner-della-fondazione-cer-italia\/","title":{"rendered":"ABOCA PARTNER DELLA FONDAZIONE CER ITALIA"},"content":{"rendered":"\n<div class=\"wp-block-image\"><figure class=\"alignright size-large is-resized\"><img loading=\"lazy\" src=\"https:\/\/www.radioribelle.it\/wp-content\/uploads\/2024\/11\/A7S00012-1024x576.jpg\" alt=\"\" class=\"wp-image-34249\" width=\"231\" height=\"129\" srcset=\"https:\/\/www.radioribelle.it\/wp-content\/uploads\/2024\/11\/A7S00012-1024x576.jpg 1024w, https:\/\/www.radioribelle.it\/wp-content\/uploads\/2024\/11\/A7S00012-300x169.jpg 300w, https:\/\/www.radioribelle.it\/wp-content\/uploads\/2024\/11\/A7S00012-768x432.jpg 768w, https:\/\/www.radioribelle.it\/wp-content\/uploads\/2024\/11\/A7S00012-1536x864.jpg 1536w, https:\/\/www.radioribelle.it\/wp-content\/uploads\/2024\/11\/A7S00012-2048x1152.jpg 2048w, https:\/\/www.radioribelle.it\/wp-content\/uploads\/2024\/11\/A7S00012-619x348.jpg 619w\" sizes=\"(max-width: 231px) 100vw, 231px\" \/><\/figure><\/div>\n\n\n\n<p><em>Sansepolcro (AR)<\/em> &#8211; La Fondazione Cer Italia, la Comunit\u00e0 Energetica\u00a0Rinnovabile\u00a0nata a\u00a0Montevarchi\u00a0accoglie l\u2019azienda\u00a0di Sansepolcro specializzata in prodotti\u00a0terapeutici\u00a0naturali e biodegradabili. Aboca parteciper\u00e0 alla Comunit\u00e0 condividendo energia rinnovabile prodotta in uno dei suoi siti. La Presidente della Fondazione e Sindaca di Montevarchi, Silvia Chiassai Martini: \u201cEsempio virtuoso di sinergia che da impulso alla transizione energetica\u201d<\/p>\n\n\n\n<!--more-->\n\n\n\n<p><em>\u00a0<\/em>&#8211;\u00a0Aboca, azienda leader\u00a0in Europa nel settore dei prodotti terapeutici\u00a0naturali\u00a0e biodegradabili,\u00a0con\u00a0sede a Sansepolcro,\u00a0\u00e8\u00a0diventata partner della Fondazione\u00a0CER Italia (Comunit\u00e0 Energetica Rinnovabile),\u00a0per sostenere\u00a0attivamente la transizione energetica\u00a0sul territorio\u00a0aretino\u00a0e contribuire cos\u00ec ad un cambiamento culturale finalizzato\u00a0alla\u00a0salvaguardia dell\u2019ambiente e\u00a0del bene comune.\u00a0\u00a0 Fin dalla sua fondazione, Aboca\u00a0ha\u00a0sempre\u00a0promosso\u00a0il rispetto per l\u2019ambiente\u00a0e\u00a0l\u2019equit\u00e0 sociale. A\u00a0questo integra un approccio\u00a0<em>One Health<\/em>, che considera l\u2019impatto delle scelte terapeutiche sull\u2019ambiente e le relative conseguenze per la salute\u00a0delle persone di oggi e di domani. L\u2019adesione a Fondazione CER Italia rappresenta quindi un\u00a0ulteriore\u00a0passo\u00a0in continuit\u00e0 con la propria visione e l\u2019impegno assunto come societ\u00e0 Benefit\u00a0con certificazione B Corp. Aboca e la Fondazione CER Italia si trovano fianco a fianco nel promuovere\u00a0un futuro pi\u00f9 sostenibile per le nuove generazioni, rendendosi protagoniste di una storica transizione\u00a0energetica, economica e sociale che rimette al centro il\u00a0rapporto\u00a0tra i cittadini e\u00a0l\u2019ambiente circostante.<\/p>\n\n\n\n<p>La Presidente della Fondazione e Sindaco&nbsp;di Montevarchi, Silvia Chiassai Martini,&nbsp;dichiara:&nbsp;<\/p>\n\n\n\n<p>\u201cRingraziamo\u00a0l\u2019AD di Aboca\u00a0Massimo Mercati per l&#8217;adesione alla Fondazione CER Italia\u00a0e per aver dimostrato ancora una volta grande\u00a0sensibilit\u00e0 e lungimiranza verso\u00a0progetti ambientali innovativi. Un ulteriore passo avanti per creare\u00a0una virtuale comunit\u00e0 di cittadini, imprese e\u00a0Comuni\u00a0che si adoperi per uno sviluppo\u00a0sostenibile che integri\u00a0crescita\u00a0economica,\u00a0sviluppo sociale\u00a0e\u00a0salvaguardia dell&#8217;ambiente. Tutti insieme valorizzeremo le\u00a0risorse naturali\u00a0per intraprendere un progresso\u00a0che non comprometta la salute e il futuro delle prossime generazioni\u201d.\u00a0 \u201cIn\u00a0un contesto globale\u00a0con grandi problemi ambientali ed energetici\u00a0\u2013 prosegue Chiassai Martini\u00a0&#8211;\u00a0la\u00a0sinergia tra Aboca e Fondazione CER Italia\u00a0\u00e8\u00a0un esempio virtuoso di come le aziende possano\u00a0e debbano rivestire un ruolo attivo nella transizione\u00a0energetica sostenibile, dimostrando che successo economico\u00a0e bene comune\u00a0possono andare\u00a0di pari passo.\u00a0L\u2019adesione di un\u2019azienda\u00a0importante della nostra provincia come\u00a0Aboca\u00a0pu\u00f2 essere\u00a0un esempio\u00a0per altre\u00a0imprese,\u00a0per fare in modo che la\u00a0salute del pianeta e delle persone siano al centro delle strategie di business\u201d. Le parole di Silvia Chiassai Martini si allineano al pensiero aziendale di Aboca espresso dalle parole dell\u2019AD Massimo Mercati:\u00a0\u201cNella nostra azienda\u00a0crediamo che si possa avere un reale successo solo se si \u00e8 capaci di coniugare crescita economica, equit\u00e0 sociale e rispetto\u00a0dell\u2019ambiente. Tutto questo fa da sempre parte del nostro DNA. Siamo una\u00a0societ\u00e0\u00a0con una forte vocazione\u00a0alla ricerca del Bene Comune. Con l\u2019adesione a Fondazione CER Italia in qualit\u00e0 di\u00a0promotori e\u00a0produttori,\u00a0contribuiremo\u00a0allo sviluppo sostenibile\u00a0condividendo\u00a0l\u2019energia\u00a0proveniente da\u00a0uno dei nostri siti produttivi. Siamo lieti di far parte di un sistema di\u00a0amministrazioni, aziende\u00a0e cittadini\u00a0impegnati\u00a0a creare un futuro pi\u00f9 sostenibile. Questa deve essere la\u00a0vera eredit\u00e0\u00a0da lasciare\u00a0alle nuove generazioni\u201d. La Fondazione CER Italia \u00e8 una sfida nuova, una concreta politica green per un imminente risparmio energetico e una parziale autonomia futura attraverso una comunit\u00e0 solidale, dove tutti sono protagonisti di una storica rivoluzione. La Comunit\u00e0 Energetica Fondazione CER Italia \u00e8 una fondazione di partecipazione pubblico-privato e nasce con l\u2019obiettivo di coinvolgere i suoi aderenti (cittadini, imprese, enti locali, terzo settore, clero, fondazioni ecc., provenienti da tutta Italia) in una transizione ambientale, economica, sociale e culturale che promuova un futuro pi\u00f9 sostenibile per le nuove generazioni. Aboca\u00a0\u00e8 una\u00a0<em>healthcare company<\/em>\u00a0italiana che si occupa di cura della salute con\u00a0prodotti 100% naturali\u00a0e biodegradabili nel rispetto dell\u2019organismo e dell\u2019ambiente. L\u2019azienda nasce nel 1978 a Sansepolcro, in Toscana, con l&#8217;obiettivo di ricercare nella complessit\u00e0 della natura le soluzioni per la cura dell\u2019uomo. Oggi conta pi\u00f9 di 1.700 dipendenti ed \u00e8 presente in 25 Paesi.\u00a0 Grazie a una piattaforma di ricerca guidata dai principi della Systems Biology e della Systems Medicine, Aboca sviluppa prodotti a base di sostanze naturali complesse secondo i criteri della Evidence Based Medicine e sul concetto di One Health. In particolare, produce dispositivi medici a base di sostanze naturali che in area di automedicazione rispondono a numerose patologie lievi, condizioni croniche, sindromi e disturbi funzionali relativi a prime vie respiratorie, tratto gastrointestinale e sistema metabolico. Aboca offre inoltre integratori alimentari per le esigenze di salute legate a sonno, umore, pressione arteriosa, difese immunitarie, depurazione e stanchezza. I prodotti Aboca non contengono conservanti n\u00e9 eccipienti di sintesi. In tutta la filiera produttiva, dall\u2019agricoltura biologica agli stabilimenti farmaceutici, sono escluse sostanze artificiali e OGM. La filiera si completa con una distribuzione diretta e con una formazione continua a medici e farmacisti. Aboca produce anche un beneficio per la comunit\u00e0 e l\u2019ambiente, operando in maniera responsabile, sostenibile e trasparente. Un impegno sancito formalmente nello statuto di Societ\u00e0 Benefit e misurato secondo standard internazionali con la certificazione B Corp. L\u2019impegno di Aboca per il bene comune si concretizza anche nell\u2019organizzazione di eventi di divulgazione scientifica e culturale, nelle attivit\u00e0 di Aboca Museum e con le pubblicazioni di Aboca Edizioni.<\/p>\n","protected":false},"excerpt":{"rendered":"<p>Sansepolcro (AR) &#8211; La Fondazione Cer Italia, la Comunit\u00e0 Energetica\u00a0Rinnovabile\u00a0nata a\u00a0Montevarchi\u00a0accoglie l\u2019azienda\u00a0di Sansepolcro specializzata in prodotti\u00a0terapeutici\u00a0naturali e biodegradabili. Aboca parteciper\u00e0 alla Comunit\u00e0 condividendo energia rinnovabile prodotta in uno dei suoi siti. La Presidente della Fondazione e Sindaca di Montevarchi, Silvia Chiassai Martini: \u201cEsempio virtuoso di sinergia che da impulso alla transizione energetica\u201d<\/p>\n","protected":false},"author":1,"featured_media":0,"comment_status":"open","ping_status":"open","sticky":false,"template":"","format":"standard","meta":{"_joinchat":[]},"categories":[1],"tags":[],"_links":{"self":[{"href":"https:\/\/www.radioribelle.it\/index.php\/wp-json\/wp\/v2\/posts\/34248"}],"collection":[{"href":"https:\/\/www.radioribelle.it\/index.php\/wp-json\/wp\/v2\/posts"}],"about":[{"href":"https:\/\/www.radioribelle.it\/index.php\/wp-json\/wp\/v2\/types\/post"}],"author":[{"embeddable":true,"href":"https:\/\/www.radioribelle.it\/index.php\/wp-json\/wp\/v2\/users\/1"}],"replies":[{"embeddable":true,"href":"https:\/\/www.radioribelle.it\/index.php\/wp-json\/wp\/v2\/comments?post=34248"}],"version-history":[{"count":1,"href":"https:\/\/www.radioribelle.it\/index.php\/wp-json\/wp\/v2\/posts\/34248\/revisions"}],"predecessor-version":[{"id":34250,"href":"https:\/\/www.radioribelle.it\/index.php\/wp-json\/wp\/v2\/posts\/34248\/revisions\/34250"}],"wp:attachment":[{"href":"https:\/\/www.radioribelle.it\/index.php\/wp-json\/wp\/v2\/media?parent=34248"}],"wp:term":[{"taxonomy":"category","embeddable":true,"href":"https:\/\/www.radioribelle.it\/index.php\/wp-json\/wp\/v2\/categories?post=34248"},{"taxonomy":"post_tag","embeddable":true,"href":"https:\/\/www.radioribelle.it\/index.php\/wp-json\/wp\/v2\/tags?post=34248"}],"curies":[{"name":"wp","href":"https:\/\/api.w.org\/{rel}","templated":true}]}}