{"id":34645,"date":"2024-12-03T06:43:00","date_gmt":"2024-12-03T05:43:00","guid":{"rendered":"https:\/\/www.radioribelle.it\/?p=34645"},"modified":"2024-11-26T15:23:15","modified_gmt":"2024-11-26T14:23:15","slug":"santa-barbara-patrona-dei-minatori-2","status":"publish","type":"post","link":"https:\/\/www.radioribelle.it\/index.php\/2024\/12\/03\/santa-barbara-patrona-dei-minatori-2\/","title":{"rendered":"Santa Barbara, patrona dei minatori"},"content":{"rendered":"\n<div class=\"wp-block-image\"><figure class=\"aligncenter size-large is-resized\"><img loading=\"lazy\" src=\"https:\/\/www.radioribelle.it\/wp-content\/uploads\/2024\/11\/barbara-1024x498.jpeg\" alt=\"\" class=\"wp-image-34646\" width=\"696\" height=\"338\" srcset=\"https:\/\/www.radioribelle.it\/wp-content\/uploads\/2024\/11\/barbara-1024x498.jpeg 1024w, https:\/\/www.radioribelle.it\/wp-content\/uploads\/2024\/11\/barbara-300x146.jpeg 300w, https:\/\/www.radioribelle.it\/wp-content\/uploads\/2024\/11\/barbara-768x373.jpeg 768w, https:\/\/www.radioribelle.it\/wp-content\/uploads\/2024\/11\/barbara-619x301.jpeg 619w, https:\/\/www.radioribelle.it\/wp-content\/uploads\/2024\/11\/barbara.jpeg 1440w\" sizes=\"(max-width: 696px) 100vw, 696px\" \/><\/figure><\/div>\n\n\n\n<p>Della vita della martire cristiana, torturata con il fuoco e decapitata dal padre il 4 dicembre del 306 a.C. esistono varie versioni. Si racconta che la santa, figlia del potente Dioscoro di Nicomedia, venne rinchiusa dal padre in una torre per preservarla dalle insidie del mondo e dalle brame dei pretendenti. &nbsp;Secondo altre fonti, invece, il padre prese questa decisioneper distoglierla dalla fede cristiana a cui la giovane aveva segretamente aderito e che lui considerava uno strano incantesimo.<\/p>\n\n\n\n<!--more-->\n\n\n\n<p>La tradizione, per\u00f2, concorda sul fatto che Barbara,&nbsp;<em>rinchiusa in questa torre con due finestre,<\/em>&nbsp;chiese aiuto a Dio perch\u00e9 la salvasse: al momento dell\u2019invocazione, con un rumore fragoroso si apr\u00ec un passaggio nella parete di roccia per farla fuggire. Il padre la denunci\u00f2 al governatore Marciano che dopo inutili torture ne dispose l\u2019uccisione: lo stesso Dioscoro decapit\u00f2 la figlia con la sua spada ma, dopo il crudele gesto, un fulmine lo colp\u00ec e lo incener\u00ec all\u2019istante. Santa Barbara \u00e8 la patrona dei minatori. \u00c8 il &#8220;patrono di una buona morte&#8221; tra i 14 aiutanti della Chiesa cattolica. Nella tradizione cristiana Santa Barbara \u00e8 l&#8217;anelito del minatore per la luce. Poich\u00e9 la festa di Santa Barbara \u00e8 celebrata anche da non cattolici, con molta probabilit\u00e0 la sua origine \u00e8 precedente la riforma. Anche nelle aree protestanti, nonostante il rifiuto di adorare i Santi, Santa Barbara ha mantenuto la sua posizione. Il &#8220;giorno di Barbara&#8221; Il giorno di &#8220;Barbara&#8221; \u00e8 il 4 dicembre. L&#8217;usanza del &#8220;ramo di Barbara&#8221; \u00e8 ancora viva in molte famiglie del nostro paese. In questo giorno, si tagliatno i rami di ciliegio e si mettono in un vaso pieno d&#8217;acqua vicino alla luce. Dopo 21 giorni, a Natale, questi fioriscono. Prima che il &#8220;albero di Natale&#8221; fosse conosciuto pi\u00f9 di 100 anni fa nella selva occidentale, i rami di Barbara erano considerati simbolo e ornamento del Natale. Con i loro fiori, essi simboleggiano la luce e ricordano agli uomini che non \u00e8 lontano il sole che a primavera porter\u00e0 nuovi fiori. In quasi tutte le chiese della comunit\u00e0 mineraria, si trovano altari e opere artistiche dedicatie a Barbara. La leggenda cristiana Secondo la leggenda cristiana, Barbara visse alle fine del III secolo d.c. in Nicomedia &#8211; l\u00b4attuale Izmit in Turchia &#8211; ed era la figlia di un ricco mercante pegano die nome Dioscuros. La giovane donna si converti al cristianesimo contro la volont\u00e0 desl padre e fu battezzata. Foremente adirato per l\u00b4adesione e quella odiata religione, nuova per quei tempi, Dioscuros tenne Barbara prigioniera in una torre affinch\u00e8 rinunciasse als cristianesimo, ma n\u00e9 la prigionia, n\u00e9 le punizioni inflitte dal padre la fecero desistere &#8211; al contrariio: rafforzarono la sua fede. Barbara riusc\u00ec a fuggire e si nascose in una roccia che si apr\u00ec al suo passagio e la nascose. Per questo \u00e8 diventata anche la patrone dei minatori. Ma il suo rifugio fu tradito&nbsp;\u2013&nbsp;mosso da profondo odio Dioscuros denunci\u00f2 la figlia al governatore di allora che la condann\u00f2 a morte. Lo stesso padre la decapit\u00f2, ma poi fu mortalmente colpito da un fulmine. Il 4 dicembre \u00e0 antica tradizione tra i minatori festeggiare l\u00b4invulnerabilt\u00e0 e la devozione a Barbara. In questo giorno i minatori commemorano la loro patrona&nbsp; &#8211; Santa Barbara. Cos\u00ec ogni anno il 4 dicembre davanti alla miniera in modo solenne si ringrazia per l\u00b4anno senza incidenti nealla miniera e si chiede di nuovo protezione.<\/p>\n","protected":false},"excerpt":{"rendered":"<p>Della vita della martire cristiana, torturata con il fuoco e decapitata dal padre il 4 dicembre del 306 a.C. esistono varie versioni. Si racconta che la santa, figlia del potente Dioscoro di Nicomedia, venne rinchiusa dal padre in una torre per preservarla dalle insidie del mondo e dalle brame dei pretendenti. &nbsp;Secondo altre fonti, invece, [&hellip;]<\/p>\n","protected":false},"author":1,"featured_media":0,"comment_status":"open","ping_status":"open","sticky":false,"template":"","format":"standard","meta":{"_joinchat":[]},"categories":[1],"tags":[],"_links":{"self":[{"href":"https:\/\/www.radioribelle.it\/index.php\/wp-json\/wp\/v2\/posts\/34645"}],"collection":[{"href":"https:\/\/www.radioribelle.it\/index.php\/wp-json\/wp\/v2\/posts"}],"about":[{"href":"https:\/\/www.radioribelle.it\/index.php\/wp-json\/wp\/v2\/types\/post"}],"author":[{"embeddable":true,"href":"https:\/\/www.radioribelle.it\/index.php\/wp-json\/wp\/v2\/users\/1"}],"replies":[{"embeddable":true,"href":"https:\/\/www.radioribelle.it\/index.php\/wp-json\/wp\/v2\/comments?post=34645"}],"version-history":[{"count":4,"href":"https:\/\/www.radioribelle.it\/index.php\/wp-json\/wp\/v2\/posts\/34645\/revisions"}],"predecessor-version":[{"id":34796,"href":"https:\/\/www.radioribelle.it\/index.php\/wp-json\/wp\/v2\/posts\/34645\/revisions\/34796"}],"wp:attachment":[{"href":"https:\/\/www.radioribelle.it\/index.php\/wp-json\/wp\/v2\/media?parent=34645"}],"wp:term":[{"taxonomy":"category","embeddable":true,"href":"https:\/\/www.radioribelle.it\/index.php\/wp-json\/wp\/v2\/categories?post=34645"},{"taxonomy":"post_tag","embeddable":true,"href":"https:\/\/www.radioribelle.it\/index.php\/wp-json\/wp\/v2\/tags?post=34645"}],"curies":[{"name":"wp","href":"https:\/\/api.w.org\/{rel}","templated":true}]}}