{"id":34854,"date":"2024-12-02T06:35:00","date_gmt":"2024-12-02T05:35:00","guid":{"rendered":"https:\/\/www.radioribelle.it\/?p=34854"},"modified":"2024-11-29T13:28:30","modified_gmt":"2024-11-29T12:28:30","slug":"perche-la-torre-di-pisa-e-inclinata","status":"publish","type":"post","link":"https:\/\/www.radioribelle.it\/index.php\/2024\/12\/02\/perche-la-torre-di-pisa-e-inclinata\/","title":{"rendered":"Perch\u00e9 la Torre di Pisa \u00e8 inclinata?"},"content":{"rendered":"\n<div class=\"wp-block-image\"><figure class=\"alignleft size-full is-resized\"><img loading=\"lazy\" src=\"https:\/\/www.radioribelle.it\/wp-content\/uploads\/2024\/11\/pisa.jpg\" alt=\"\" class=\"wp-image-34855\" width=\"209\" height=\"261\" srcset=\"https:\/\/www.radioribelle.it\/wp-content\/uploads\/2024\/11\/pisa.jpg 512w, https:\/\/www.radioribelle.it\/wp-content\/uploads\/2024\/11\/pisa-240x300.jpg 240w\" sizes=\"(max-width: 209px) 100vw, 209px\" \/><\/figure><\/div>\n\n\n\n<p> La Torre pendente di Pisa, uno dei simboli pi\u00f9 famosi d\u2019Italia, \u00e8 il campanile della cattedrale di Pisa, situato nel celebre Campo dei Miracoli. Ma come mai \u00e8 inclinata? Scopriamolo insieme!  La costruzione inizi\u00f2 nel 1173 su fondamenta profonde solo 3 metri, posate su un terreno instabile di sabbia e limo. <\/p>\n\n\n\n<!--more-->\n\n\n\n<p>Quando la torre raggiunse il terzo piano, gli ingegneri dell\u2019epoca notarono che iniziava a piegarsi. Ecco il problema: stavano costruendo una struttura da 14.500 tonnellate su un terreno troppo morbido! Cosa hanno fatto allora?Gli ingegneri cercarono di compensare l\u2019inclinazione costruendo i piani superiori pi\u00f9 alti sul lato che affondava\u2026 ma il peso aggiuntivo peggior\u00f2 solo la situazione! La costruzione, durata 199 anni, fu interrotta pi\u00f9 volte, dando per\u00f2 al terreno il tempo di compattarsi. Perch\u00e9 non \u00e8 crollata? Il terreno argilloso compattato ha salvato la torre, permettendole di resistere persino a quattro terremoti! Ma nonostante ci\u00f2, nel tempo l\u2019inclinazione continuava ad aumentare. Gli ingegneri moderni calcolarono che la torre avrebbe raggiunto il collasso se l\u2019inclinazione avesse superato i 5,44 gradi. L\u2019intervento moderno Nel 1990, la torre fu chiusa per lavori di stabilizzazione: \u2022 361 fori profondi 40 metri vennero scavati sotto la base e riempiti con 90 tonnellate di cemento  Pali di sostegno vennero installati per ancorare la torre a strati di terreno pi\u00f9 stabili. \u2022 Infine, venne rimossa terra dal lato opposto a quello che affondava, riducendo l\u2019inclinazione ai 4 gradi originali.<img loading=\"lazy\" height=\"16\" width=\"16\" src=\"https:\/\/static.xx.fbcdn.net\/images\/emoji.php\/v9\/ta\/1\/16\/2696.png\" alt=\"\u2696\ufe0f\"> E perch\u00e9 non raddrizzarla? Perch\u00e9 la sua inclinazione \u00e8 ci\u00f2 che la rende unica e famosa! Gli ingegneri hanno stabilito che la torre rester\u00e0 stabile per almeno 300 anni, e cos\u00ec, nel 2001, \u00e8 stata riaperta al pubblico.<\/p>\n","protected":false},"excerpt":{"rendered":"<p>La Torre pendente di Pisa, uno dei simboli pi\u00f9 famosi d\u2019Italia, \u00e8 il campanile della cattedrale di Pisa, situato nel celebre Campo dei Miracoli. Ma come mai \u00e8 inclinata? Scopriamolo insieme! La costruzione inizi\u00f2 nel 1173 su fondamenta profonde solo 3 metri, posate su un terreno instabile di sabbia e limo.<\/p>\n","protected":false},"author":1,"featured_media":0,"comment_status":"open","ping_status":"open","sticky":false,"template":"","format":"standard","meta":{"_joinchat":[]},"categories":[1],"tags":[],"_links":{"self":[{"href":"https:\/\/www.radioribelle.it\/index.php\/wp-json\/wp\/v2\/posts\/34854"}],"collection":[{"href":"https:\/\/www.radioribelle.it\/index.php\/wp-json\/wp\/v2\/posts"}],"about":[{"href":"https:\/\/www.radioribelle.it\/index.php\/wp-json\/wp\/v2\/types\/post"}],"author":[{"embeddable":true,"href":"https:\/\/www.radioribelle.it\/index.php\/wp-json\/wp\/v2\/users\/1"}],"replies":[{"embeddable":true,"href":"https:\/\/www.radioribelle.it\/index.php\/wp-json\/wp\/v2\/comments?post=34854"}],"version-history":[{"count":1,"href":"https:\/\/www.radioribelle.it\/index.php\/wp-json\/wp\/v2\/posts\/34854\/revisions"}],"predecessor-version":[{"id":34856,"href":"https:\/\/www.radioribelle.it\/index.php\/wp-json\/wp\/v2\/posts\/34854\/revisions\/34856"}],"wp:attachment":[{"href":"https:\/\/www.radioribelle.it\/index.php\/wp-json\/wp\/v2\/media?parent=34854"}],"wp:term":[{"taxonomy":"category","embeddable":true,"href":"https:\/\/www.radioribelle.it\/index.php\/wp-json\/wp\/v2\/categories?post=34854"},{"taxonomy":"post_tag","embeddable":true,"href":"https:\/\/www.radioribelle.it\/index.php\/wp-json\/wp\/v2\/tags?post=34854"}],"curies":[{"name":"wp","href":"https:\/\/api.w.org\/{rel}","templated":true}]}}