{"id":34927,"date":"2024-11-29T11:38:34","date_gmt":"2024-11-29T10:38:34","guid":{"rendered":"https:\/\/www.radioribelle.it\/?p=34927"},"modified":"2024-11-29T11:38:35","modified_gmt":"2024-11-29T10:38:35","slug":"marciano-della-chiana-conclusi-i-lavori-di-riqualificazione-di-piazza-fanfulla","status":"publish","type":"post","link":"https:\/\/www.radioribelle.it\/index.php\/2024\/11\/29\/marciano-della-chiana-conclusi-i-lavori-di-riqualificazione-di-piazza-fanfulla\/","title":{"rendered":"Marciano della Chiana: conclusi i lavori di riqualificazione di Piazza Fanfulla"},"content":{"rendered":"\n<div class=\"wp-block-image\"><figure class=\"alignleft size-large is-resized\"><img loading=\"lazy\" src=\"https:\/\/www.radioribelle.it\/wp-content\/uploads\/2024\/11\/Piazza-1024x768.jpg\" alt=\"\" class=\"wp-image-34928\" width=\"331\" height=\"248\" srcset=\"https:\/\/www.radioribelle.it\/wp-content\/uploads\/2024\/11\/Piazza-1024x768.jpg 1024w, https:\/\/www.radioribelle.it\/wp-content\/uploads\/2024\/11\/Piazza-300x225.jpg 300w, https:\/\/www.radioribelle.it\/wp-content\/uploads\/2024\/11\/Piazza-768x576.jpg 768w, https:\/\/www.radioribelle.it\/wp-content\/uploads\/2024\/11\/Piazza-1536x1152.jpg 1536w, https:\/\/www.radioribelle.it\/wp-content\/uploads\/2024\/11\/Piazza-619x464.jpg 619w, https:\/\/www.radioribelle.it\/wp-content\/uploads\/2024\/11\/Piazza.jpg 1600w\" sizes=\"(max-width: 331px) 100vw, 331px\" \/><\/figure><\/div>\n\n\n\n<p><em>Un investimento di 330 mila euro da parte dell\u2019Amministrazione per rendere il borgo pi\u00f9 autentico, sostenibile e a misura di persona.<\/em> Il Comune di Marciano della Chiana comunica il completamento dei lavori di riqualificazione di Piazza Fanfulla, restituendo alla comunit\u00e0 uno spazio completamente rinnovato e pronto a diventare un punto di riferimento per la socialit\u00e0 e la fruizione del centro storico.<\/p>\n\n\n\n<!--more-->\n\n\n\n<p> L\u2019intervento, avviato a marzo 2024 e completato nei tempi previsti, rappresenta un passo significativo nel percorso di valorizzazione e sostenibilit\u00e0 del territorio intrapreso dall\u2019Amministrazione comunale. Il progetto ha interessato il rifacimento del lastricato della piazza e l\u2019introduzione di nuovi arredi urbani, studiati per renderla un luogo accogliente e funzionale per cittadini e visitatori. Inoltre, \u00e8 stata parzialmente rinnovata la facciata del Municipio, impreziosita dall\u2019inserimento di rivestimenti in travertino nella parte bassa. Complessivamente, l\u2019intervento ha comportato un investimento di 330 mila euro. Con il termine dei lavori,\u00a0dal 1\u00b0 dicembre 2024, la Zona a Traffico Limitato (ZTL) del centro storico viene estesa a comprendere tutta l\u2019area all\u2019interno delle mura, compresa Piazza Fanfulla, che diventa uno spazio completamente pedonale. Per i residenti, l\u2019unico cambiamento riguarda l\u2019impossibilit\u00e0 di parcheggiare in piazza, mentre restano invariati i posti auto dedicati all\u2019interno delle mura e le possibilit\u00e0 di sosta temporanea per carico e scarico. La Sindaca\u00a0Maria De Palma\u00a0spiega cos\u00ec il significato di questa scelta:\u00a0<em>\u201cL\u2019ampliamento della ZTL e la riorganizzazione della viabilit\u00e0 sono pensati per restituire al centro storico la sua dimensione pi\u00f9 autentica, liberandolo dalle auto e trasformandolo in uno spazio da vivere. Piazza Fanfulla, ora completamente pedonale, sar\u00e0 un luogo aperto, accogliente e sicuro, dove fermarsi, incontrarsi e riscoprire il fascino del nostro borgo. I residenti continueranno a disporre di soluzioni pratiche per la sosta, ma avranno anche l\u2019opportunit\u00e0 di godere di un centro storico pi\u00f9 vivibile e attrattivo.\u201d<\/em> Questo intervento si inserisce in una visione pi\u00f9 ampia, volta a rendere Marciano della Chiana un esempio di sostenibilit\u00e0 e vivibilit\u00e0. Liberare il centro storico dalle auto non solo migliora la qualit\u00e0 della vita dei residenti, ma valorizza anche il patrimonio culturale e turistico, come la Torre di Marciano e i suggestivi scorci del borgo. <em>\u201cCon questo progetto vogliamo dare nuova vita al centro storico, creando spazi dedicati alle persone, alla socialit\u00e0 e alla cultura. \u00c8 un cambiamento che guarda al futuro, rispettando il nostro passato e preservando la bellezza del nostro territorio,\u201d<\/em>\u00a0conclude la Sindaca\u00a0Maria De Palma. L\u2019Amministrazione invita tutti i cittadini a vivere Piazza Fanfulla come un simbolo di questa trasformazione, pronta a ospitare eventi, incontri e momenti di condivisione per tutta la comunit\u00e0.<\/p>\n","protected":false},"excerpt":{"rendered":"<p>Un investimento di 330 mila euro da parte dell\u2019Amministrazione per rendere il borgo pi\u00f9 autentico, sostenibile e a misura di persona. Il Comune di Marciano della Chiana comunica il completamento dei lavori di riqualificazione di Piazza Fanfulla, restituendo alla comunit\u00e0 uno spazio completamente rinnovato e pronto a diventare un punto di riferimento per la socialit\u00e0 [&hellip;]<\/p>\n","protected":false},"author":1,"featured_media":0,"comment_status":"open","ping_status":"open","sticky":false,"template":"","format":"standard","meta":{"_joinchat":[]},"categories":[1],"tags":[],"_links":{"self":[{"href":"https:\/\/www.radioribelle.it\/index.php\/wp-json\/wp\/v2\/posts\/34927"}],"collection":[{"href":"https:\/\/www.radioribelle.it\/index.php\/wp-json\/wp\/v2\/posts"}],"about":[{"href":"https:\/\/www.radioribelle.it\/index.php\/wp-json\/wp\/v2\/types\/post"}],"author":[{"embeddable":true,"href":"https:\/\/www.radioribelle.it\/index.php\/wp-json\/wp\/v2\/users\/1"}],"replies":[{"embeddable":true,"href":"https:\/\/www.radioribelle.it\/index.php\/wp-json\/wp\/v2\/comments?post=34927"}],"version-history":[{"count":1,"href":"https:\/\/www.radioribelle.it\/index.php\/wp-json\/wp\/v2\/posts\/34927\/revisions"}],"predecessor-version":[{"id":34929,"href":"https:\/\/www.radioribelle.it\/index.php\/wp-json\/wp\/v2\/posts\/34927\/revisions\/34929"}],"wp:attachment":[{"href":"https:\/\/www.radioribelle.it\/index.php\/wp-json\/wp\/v2\/media?parent=34927"}],"wp:term":[{"taxonomy":"category","embeddable":true,"href":"https:\/\/www.radioribelle.it\/index.php\/wp-json\/wp\/v2\/categories?post=34927"},{"taxonomy":"post_tag","embeddable":true,"href":"https:\/\/www.radioribelle.it\/index.php\/wp-json\/wp\/v2\/tags?post=34927"}],"curies":[{"name":"wp","href":"https:\/\/api.w.org\/{rel}","templated":true}]}}