{"id":3526,"date":"2026-08-31T10:33:00","date_gmt":"2026-08-31T08:33:00","guid":{"rendered":"https:\/\/www.radioribelle.it\/?p=3526"},"modified":"2026-08-29T12:28:27","modified_gmt":"2026-08-29T10:28:27","slug":"varenne-al-driver-giampaolo-minnucci-per-ricordare-la-leggenda-del-trotto-mondiale","status":"publish","type":"post","link":"https:\/\/www.radioribelle.it\/index.php\/2026\/08\/31\/varenne-al-driver-giampaolo-minnucci-per-ricordare-la-leggenda-del-trotto-mondiale\/","title":{"rendered":"Varenne al driver Giampaolo Minnucci per ricordare la leggenda del trotto mondiale"},"content":{"rendered":"\n<div class=\"wp-block-image\"><figure class=\"alignright size-full is-resized\"><img loading=\"lazy\" src=\"https:\/\/www.radioribelle.it\/wp-content\/uploads\/2026\/08\/DA2710E0-D8E8-4289-8538-9C72AEAD5B94.jpeg\" alt=\"\" class=\"wp-image-3529\" width=\"348\" height=\"195\" srcset=\"https:\/\/www.radioribelle.it\/wp-content\/uploads\/2026\/08\/DA2710E0-D8E8-4289-8538-9C72AEAD5B94.jpeg 960w, https:\/\/www.radioribelle.it\/wp-content\/uploads\/2026\/08\/DA2710E0-D8E8-4289-8538-9C72AEAD5B94-300x169.jpeg 300w, https:\/\/www.radioribelle.it\/wp-content\/uploads\/2026\/08\/DA2710E0-D8E8-4289-8538-9C72AEAD5B94-768x432.jpeg 768w, https:\/\/www.radioribelle.it\/wp-content\/uploads\/2026\/08\/DA2710E0-D8E8-4289-8538-9C72AEAD5B94-619x348.jpeg 619w\" sizes=\"(max-width: 348px) 100vw, 348px\" \/><\/figure><\/div>\n\n\n\n<p>Citt\u00e0 di Castello  &#8211; Un quadro raffigurante Varenne al driver Giampaolo Minnucci per ricordare la leggenda del trotto mondiale: il tributo commosso e partecipato della Mostra Nazionale del Cavallo di Citt\u00e0 di Castello questa mattina prima del taglio del nastro della 56esima edizione in programma sabato 29 e domenica 30 agosto presso il parco Alexander Langer \u2013 Giampaolo Minnucci: \u201cun quadro che ci consentir\u00e0 di ricordare quella giornata memorabile del 10 settembre 2011 con il \u2018Capitano\u2019. <\/p>\n\n\n\n<!--more-->\n\n\n\n<p>Umbria terra di grandi tradizioni equestri e allevatoriali\u201d. Il saluto del sottosegretario al Masaf Patrizio Giacomo La Pietra: \u201cil ruolo della Mostra Nazionale del Cavallo di Citt\u00e0 di Castello pu\u00f2 e deve essere di primo piano\u201d  &#8211; Un quadro raffigurante Varenne al driver Giampaolo Minnucci per ricordare la leggenda del trotto mondiale scomparso lo scorso 18 Agosto: il tributo commosso e partecipato della Mostra Nazionale del Cavallo di Citt\u00e0 di Castello questa mattina prima del taglio del nastro della 56esima edizione in programma oggi e domani, domenica 30 agosto presso il parco Alexander Langer di Citt\u00e0 di Castello a ridosso delle mura urbiche e del centro storico. Sulle note della colonna sonora di\u00a0 \u201cVarenne\u201d, il celebre brano di Enzo Jannacci, interpretato dal maestro Fabio Battistelli con il suo clarinetto, nel ricordo del \u201cCapitano\u201d, per la memorabile partecipazione nel 2011 alla 45^ edizione della rassegna tifernate con tanto di bagno di folla, il presidente dell\u2019Associazione Mostra Nazionale del Cavallo, Federico Cavargini, affiancato da tutto il consiglio direttivo e dai soci dell\u2019associazione promotrice dell\u2019evento (con i patrocini del Masaf, Regione Umbria e Comune) e dal sindaco di Citt\u00e0 di Castello, Luca Secondi, hanno consegnato al top driver Minnucci un\u2019opera raffigurante \u201cil figlio del vento\u201d, realizzata dal maestro, Stefano Lazzari, titolare della\u00a0 Bottega Tifernate, azienda che ha creato copie d\u2019arte pi\u00f9 importanti della storia per i musei di tutto il mondo. Lazzari, infatti, pu\u00f2, vantare tra i suoi committenti anche gli ultimi papi, da Francesco I a Leone XIV, e ha avuto l\u2019opportunit\u00e0 di omaggiare con una preziosa creazione artistica anche il presidente della Repubblica, Sergio Mattarella. E\u2019 un ritratto di Varenne, 45&#215;60 cm, a fresco su calce con tempere alla caseina, con i simboli e i palazzi di Citt\u00e0 di Castello sullo sfondo, realizzato con la tecnica della pictografia, brevettata da oltre 30 anni dall\u2019azienda tifernate. \u00a0\u201cCon grande piacere \u2013 ha dichiarato Giampaolo Minnucci \u2013 ho trovato il tempo, fra un impegno e l\u2019altro negli ippodromi, per essere presente oggi a Citt\u00e0 di Castello alla Mostra Nazionale del Cavallo, una citt\u00e0 ed una regione, l\u2019Umbria di grandi tradizioni allevatoriali, dove ho diversi amici e persone care, a partire dall\u2019allevatore Sergio Carfagna con cui ho condiviso tante occasioni piacevoli e professionali, sempre all\u2019insegna dello sport, il trotto e l\u2019amore per i cavalli. E\u2019 un onore per me poter assistere al taglio del nastro inaugurale della mostra e ricevere addirittura un\u2019opera artistica che raffigura Varenne: un trofeo unico che senza dubbio mancava nel mio palmares e che ci consentir\u00e0, grazie all\u2019artista che lo ha realizzato, di ricordare quella giornata memorabile del 10 settembre 2011, quando, assieme ad altri dello staff, accompagnai Varenne alla Mostra Nazionale del Cavallo di Citt\u00e0 di Castello. Ricordo ancora &#8211; ha concluso Minnucci &#8211; il bagno di folla e le carezze e sorrisi dei bambini, i prediletti del Capitano\u201d. Il presidente della Mostra Nazionale del Cavallo Federico Cavargini ed il sindaco Luca Secondi, hanno sottolineato la soddisfazione di ospitare proprio in avvio della 56esima edizione della mostra, una leggenda del trotto, un campione, come Giampaolo Minnucci. \u201cSiamo onorati e davvero orgogliosi che abbia accettato il nostro invito e abbia fatto davvero tutto il possibile per essere con noi a rendere omaggio a Varenne. Un tributo doveroso per la nostra manifestazione, che, oltre ad aver avuto il privilegio di accogliere il \u2018Capitano\u2019 nell\u2019edizione del 2011, nella sua storia ha sempre messo in primo piano i cavalli, la loro bellezza e le loro straordinarie qualit\u00e0, ma soprattutto il legame profondo tra uomo e animale di cui Minnucci e Varenne sono stati esempi davvero straordinari\u201d. \u201cSiamo davvero contenti di poter celebrare insieme due autentici miti dell\u2019ippica, riuniti simbolicamente dalla meravigliosa opera d\u2019arte del maestro Stefano Lazzari, e di regalare a Citt\u00e0 di Castello, ai tifernati e al pubblico di appassionati che faranno visita alla mostra, un momento davvero speciale. Un\u2019opportunit\u00e0 \u2013 hanno concluso Cavargini e Secondi &#8211; che dobbiamo a Giorgio Galvani, giornalista e capo Ufficio Stampa del Comune di Citt\u00e0 di Castello, che con passione e affetto \u00e8 sempre vicino alla nostra manifestazione e al quale siamo sinceramente grati\u201d. In segno di gratitudine e in ricordo del passaggio di Varenne a Citt\u00e0 di Castello nel 2011, il presidente dell\u2019Associazione Mostra Nazionale del Cavallo, Federico Cavargini ed il sindaco Luca Secondi hanno consegnato alcuni riconoscimenti anche a Sergio Carfagna, allevatore di Assisi e titolare di scuderia (Iglesias, Irina e Via Lattea, sono alcuni dei suoi campioni del trotto) che ha ricoperto diversi ed importanti incarichi nelle associazioni nazionali di categoria e per anni \u00e8 stato anche nel consiglio direttivo della manifestazione tifernate, e a Rolando Luzi, il manager della scuderia di Varenne: \u201cOggi \u2013 ha detto Luzi &#8211; abbiamo di fronte l\u2019ennesima testimonianza dell\u2019amore e della passione che l\u2019umanit\u00e0 ha per il suo compagno di vita di sempre, il cavallo, e in particolar modo per il nostro Varenne, nostro perch\u00e9, come diceva il suo proprietario Enzo Giordano, \u201cVarenne \u00e8 degli italiani\u201d. Il messaggio che ci ha lasciato Varenne nel corso del tempo \u00e8 quello di trasmettere e raccontare con grande entusiasmo la sua storia, con gli aneddoti di vita e di lavoro sviluppati tramite il cavallo. Noi abbiamo il compito di narrare alle nuove generazioni i vari tatuaggi della memoria che Varenne ci ha lasciato.\u201d Tanta commozione anche nelle parole di Sergio Carfagna che ha ricordato con orgoglio l\u2019amicizia fraterna con Giampaolo Minnucci e suo zio, Umberto Francisci, affermato driver professionista e allevatore: \u201cil 2011 a Citt\u00e0 di Castello sar\u00e0 un frammento scritto nella storia leggendaria di un cavallo che ha vinto tutto quello che c\u2019era da vincere e c\u2019ha fatto sentire sempre pi\u00f9 innamorati di questi straordinari animali e dell\u2019ippica. Di giornate come quella di oggi tutto il nostro settore che coinvolge tante famiglie e d\u00e0 loro lavoro, ne ha bisogno. Grazie Capitano, grazie Giampaolo\u201d. La cerimonia inaugurale della 56esima edizione, coordinata dal direttore della mostra Nico Belloni, si \u00e8 svolta alla presenza del sindaco Luca Secondi, del presidente del consiglio comunale, Luciano Bacchetta, di assessori, consiglieri comunali, di rappresentanti istituzionali, nazionali, regionali e locali, il sottosegretario al ministero dell\u2019interno, Emanuele Prisco, gli onorevoli Emma Pavanelli, Catia Polidori, i consiglieri regionali, Letizia Michelini e Cristian Betti, il consigliere provinciale, Gianluca Moscioni, di associazioni di categoria e del comparto allevatoriale, insieme ai protagonisti dell\u2019evento. Presente anche il presidente di Leonardo Spa, Francesco Macr\u00ec. Prima del taglio del nastro e successiva visita agli stand della mostra, il direttore della mostra, Nico Belloni ha letto il messaggio di saluto che \u00e8 stato inviato dal sottosegretario al Masaf (Ministero dell\u2019Agricoltura della Sovranit\u00e0 Alimentare e delle Foreste) Patrizio Giacomo La Pietra impossibilitato ad intervenire per improrogabili impegni istituzionali. \u201cA tutti voi mi accomuna, insieme al ministro Lollorbrigida, la passione per i cavalli, che come ministero stiamo concretizzando in un impegno giornaliero finalizzato a valorizzare il connubio unico che c\u2019\u00e8 tra uomo e cavallo. Abbiamo recentemente perduto il migliore esponente di questi magnifici animali, il leggendario Varenne e a tal riguardo voglio esprimervi la mia pi\u00f9 sentita gratitudine per aver voluto commemorare il Capitano come merita. Varenne, dopo anni e anni di successi e imprese sportive ci ha lasciato con un ultimo grande regalo. Ha riacceso i riflettori sul mondo dell\u2019ippica e ha fatto riscoprire, o meglio ricordare, la grande passione per questo sport non solo agli addetti ai lavori, agli appassionati, ma anche nel sentore popolare di tanti italiani. Questo ci fa ben sperare anche per recuperare la presenza di pubblico negli ippodromi, che gi\u00e0 ora nelle grandi occasioni non manca mai. Dobbiamo anche essere consapevoli che i tempi sono cambiati, le abitudini, le tecnologie e quindi in qualche modo dobbiamo adattarci ad un nuovo corso, che ricordo non \u00e8 solo un fenomeno italiano. In questa ottica di sviluppo e di crescita nell\u2019attenzione verso tutte le diverse espressioni del binomio uomo cavallo, il ruolo della Mostra Nazionale del Cavallo di Citt\u00e0 di Castello pu\u00f2 e deve essere di primo piano. Grazie a manifestazioni come questa la passione per l\u2019ippica e l\u2019amore in generale per i cavalli sono certo che potr\u00e0 attrarre nuovi appassionati e consolidare il rapporto senza eguali al mondo che esiste e sempre esister\u00e0 tra uomo e cavallo. Grazie a tutti e auguro a tutti voi di godervi al meglio questa 56^ edizione e queste magnifiche giornate a Citt\u00e0 di Castello\u201d, ha concluso La Pietra nel messaggio.<br>In segno di gratitudine e in ricordo del passaggio di Varenne a Citt\u00e0 di Castello nel 2011, il presidente dell\u2019Associazione Mostra Nazionale del Cavallo, Cavargini ed il sindaco Secondi hanno consegnato riconoscimenti ufficiali anche a Sergio Carfagna, allevatore e a Rolando Luzi, il manager della scuderia di Varenne. Giampaolo Minnucci, da anni figura ai primi posti delle classifiche nazionali del trotto ed anche in ambito internazionale, in particolare in Francia, si distingue per professionalit\u00e0 e tecnica sopraffina alle \u201credini lunghe\u201d. Ha vinto tre volte il derby italiano di trotto, nel 1998 con Varenne, poi nel 2014 con Sugar Rey e nel 2018 con Zlatan.\u00a0 Alla guida di Varenne (Waikiki Beach &#8211; Ialmaz), considerato il pi\u00f9 forte cavallo trottatore della storia dell\u2019ippica, ha vinto pi\u00f9 volte tutte le pi\u00f9 importanti corse di trotto del mondo fra cui il Prix d&#8217;Am\u00e9rique di Parigi, la Breeders Crown(categoria Open Trot) l\u2019Elitloppet di Stoccolma e il Gran Premio Lotteria di Agnano. Nato nel 1995, Varenne \u00e8 considerato da tutti il pi\u00f9 grande trottatore di sempre. La sua straordinaria carriera agonistica vanta 62 vittorie su 73 corse disputate. \u00a0Dopo aver lasciato le piste, ha vissuto una seconda lunghissima vita come stallone, diventando padre di oltre duemila figli che continuano a lasciare un segno importante nella storia del trotto. Alle redini di Varenne Minnucci ha conseguito successi come il St. Michel Ajo, in Finlandia o il Gran Premio delle Nazioni di Milano battendo Moni Maker. Minnucci, inoltre, ha vinto tre volte il Campionato italiano dei guidatori di trotto. In carriera Minnucci ha vinto 3 Derby e 5400 corse in totale. Il programma di domenica 30 agosto.Nell\u2019anfiteatro del parco Langer la giornata conclusiva della 56^ Mostra Nazionale del Cavallo offrir\u00e0 un programma completo, con la possibilit\u00e0 di seguire tutti i principali eventi dell\u2019edizione, a partire dalla Giostra all\u2019Anello fino al Gala equestre \u201cArmonia\u201d. L\u2019anfiteatro accoglier\u00e0 i visitatori di tutte le et\u00e0 con la vetrina degli esemplari dell\u2019Associazione Allevatori Cavallo del Catria (10.00-10.30); l\u2019esibizione del giovane campione di dressage Nicol\u00f2 Da Col per la WEI (10.30-11.00); le dimostrazioni degli allievi di Caldese Horse Academy e Centro Ippico Freedom di Citt\u00e0 di Castello (11.00-11.30); un\u2019esibizione di monta etologica del Team Parelli(11.30-12.30). Nel tondino dell\u2019Associazione Allevatori Umbria e Marche (AAUM) sfileranno i migliori esemplari delle razze autoctone (10.13.00 e 14.00-19.30). Il Campo Rinascimentale aprir\u00e0 i battenti alle ore 8.30 per una lezione di Yoga di Florinda Pedone e Stefania Piccini. A seguire si terranno le dimostrazioni di tiro con la balestra della Compagnia dei Balestrieri di Citt\u00e0 di Castello (10.00-11.30); la presentazione del libro di Antonella Gali\u00e8 intitolato \u201cDalle Marche al Meadowlands\u201d (11.30-12.30); l\u2019incontro con l\u2019illustratrice eugubina Laura Di Paoli per \u201cDipingi il tuo cavallo\u201d (12.30-13.00). Il Campo della Giostra all\u2019Anello ospiter\u00e0 giochi rinascimentali e prove libere della sfida a cavallo in programma nel pomeriggio (10.30-12.30). Il battesimo della sella della Caldese Horse Academy, le attivit\u00e0 con i cavalli e i giochi con i pony del Centro Ippico Freedom saranno a disposizione per tutta la mattina dei bambini con i genitori (10.00-13.00). Nel pomeriggio, l\u2019anfiteatro del parco Langer far\u00e0 da cornice alla gimkana con i pony e alla gimkana con gli attacchi del Club Ippico San Donato di Arezzo (14.30-15.30); alle dimostrazioni di monta da lavoro WEI con gli azzurri della nazionale italiana che disputeranno il Campionato del mondo a Jerez de la Frontera (15.30-16.30); agli Interventi Assistiti con gli Animali (IAA), grazie all\u2019associazione Qua lo Zoccolo di Perugia (ore 16.30-17.30); alle dimostrazioni di doma vaquera WEI (17.30-19.00). Nel Campo Giostra andr\u00e0 in scena la sfida della Giostra all\u2019anello con i cavalieri che duelleranno per la vittoria del Palio in rappresentanza delle quattro porte storiche di Citt\u00e0 di Castello (17.00-19.00). La rievocazione sar\u00e0 preceduta dal corteo storico della Compagnia dei Balestrieri di Citt\u00e0 di Castello, che partir\u00e0 dal centro storico e raggiunger\u00e0 il parco Langer (16.00-17.00). Nel Campo Rinascimentale saranno di scena le attivit\u00e0 e i giochi della Fattoria didattica Mielisa (15.00-19.00), ma i bambini potranno divertirsi anche con la gimkana e il battesimo della sella dell\u2019Horse Academy Caldese (14.00-19.30), le attivit\u00e0 con i cavalli e i pony del Centro Ippico Freedom(15.00-20-00). A coronare la giornata sar\u00e0 l\u2019appuntamento con il Gala equestre \u201cArmonia\u201dnell\u2019anfiteatro del parco Langer (21.00).<br>\u00a0<\/p>\n","protected":false},"excerpt":{"rendered":"<p>Citt\u00e0 di Castello &#8211; Un quadro raffigurante Varenne al driver Giampaolo Minnucci per ricordare la leggenda del trotto mondiale: il tributo commosso e partecipato della Mostra Nazionale del Cavallo di Citt\u00e0 di Castello questa mattina prima del taglio del nastro della 56esima edizione in programma sabato 29 e domenica 30 agosto presso il parco Alexander [&hellip;]<\/p>\n","protected":false},"author":1,"featured_media":0,"comment_status":"closed","ping_status":"closed","sticky":false,"template":"","format":"standard","meta":[],"categories":[1],"tags":[],"_links":{"self":[{"href":"https:\/\/www.radioribelle.it\/index.php\/wp-json\/wp\/v2\/posts\/3526"}],"collection":[{"href":"https:\/\/www.radioribelle.it\/index.php\/wp-json\/wp\/v2\/posts"}],"about":[{"href":"https:\/\/www.radioribelle.it\/index.php\/wp-json\/wp\/v2\/types\/post"}],"author":[{"embeddable":true,"href":"https:\/\/www.radioribelle.it\/index.php\/wp-json\/wp\/v2\/users\/1"}],"replies":[{"embeddable":true,"href":"https:\/\/www.radioribelle.it\/index.php\/wp-json\/wp\/v2\/comments?post=3526"}],"version-history":[{"count":2,"href":"https:\/\/www.radioribelle.it\/index.php\/wp-json\/wp\/v2\/posts\/3526\/revisions"}],"predecessor-version":[{"id":3530,"href":"https:\/\/www.radioribelle.it\/index.php\/wp-json\/wp\/v2\/posts\/3526\/revisions\/3530"}],"wp:attachment":[{"href":"https:\/\/www.radioribelle.it\/index.php\/wp-json\/wp\/v2\/media?parent=3526"}],"wp:term":[{"taxonomy":"category","embeddable":true,"href":"https:\/\/www.radioribelle.it\/index.php\/wp-json\/wp\/v2\/categories?post=3526"},{"taxonomy":"post_tag","embeddable":true,"href":"https:\/\/www.radioribelle.it\/index.php\/wp-json\/wp\/v2\/tags?post=3526"}],"curies":[{"name":"wp","href":"https:\/\/api.w.org\/{rel}","templated":true}]}}