{"id":35652,"date":"2024-12-21T12:09:00","date_gmt":"2024-12-21T11:09:00","guid":{"rendered":"https:\/\/www.radioribelle.it\/?p=35652"},"modified":"2024-12-20T11:44:44","modified_gmt":"2024-12-20T10:44:44","slug":"la-pista-polivalente-di-santandrea-a-pigli","status":"publish","type":"post","link":"https:\/\/www.radioribelle.it\/index.php\/2024\/12\/21\/la-pista-polivalente-di-santandrea-a-pigli\/","title":{"rendered":"La pista polivalente di Sant\u2019Andrea a Pigli"},"content":{"rendered":"\n<div class=\"wp-block-image\"><figure class=\"alignright size-full is-resized\"><img loading=\"lazy\" src=\"https:\/\/www.radioribelle.it\/wp-content\/uploads\/2024\/12\/Pista-polivalente.jpg\" alt=\"\" class=\"wp-image-35653\" width=\"332\" height=\"210\" srcset=\"https:\/\/www.radioribelle.it\/wp-content\/uploads\/2024\/12\/Pista-polivalente.jpg 827w, https:\/\/www.radioribelle.it\/wp-content\/uploads\/2024\/12\/Pista-polivalente-300x190.jpg 300w, https:\/\/www.radioribelle.it\/wp-content\/uploads\/2024\/12\/Pista-polivalente-768x487.jpg 768w, https:\/\/www.radioribelle.it\/wp-content\/uploads\/2024\/12\/Pista-polivalente-619x392.jpg 619w\" sizes=\"(max-width: 332px) 100vw, 332px\" \/><\/figure><\/div>\n\n\n\n<p>Prorogata la gestione a favore dell\u2019a.s.d. L\u2019Indiano Approvata dalla giunta su proposta dell\u2019assessore Federico Scapecchi la proroga della concessione dell\u2019impianto sportivo di Sant\u2019Andrea a Pigli.<\/p>\n\n\n\n<!--more-->\n\n\n\n<p>\u201cLa pista polivalente \u2013 sottolinea Scapecchi \u2013 resta dunque in gestione dell\u2019associazione sportiva dilettantistica L\u2019Indiano, che&nbsp;ha&nbsp;chiesto di vedere prorogata la convenzione in essere in virt\u00f9 di alcuni interventi utili a migliorare la fruibilit\u00e0 e la funzionalit\u00e0 dell\u2019impianto e a promuoverne un uso sociale anche per persone con disabilit\u00e0.&nbsp;Si tratta della prima volta che la fattispecie della proroga trova applicazione ma siamo molto soddisfatti perch\u00e9 \u00e8 l\u2019ennesimo investimento che un\u2019associazione sportiva del territorio programma a favore di un impianto pubblico e della collettivit\u00e0. Desidero ringraziare il soggetto in questione e il suo presidente, Alessandro Beatrice, che in questi anni \u00e8 stato capace di creare un ambiente sano, inclusivo, ludico e formativo. Sono certo che con questi nuovi investimenti la pista polivalente, divenuta la casa dei mezzi a due e quattro ruote, bici, moto e go-kart, consolider\u00e0 e rafforzer\u00e0 la propria vocazione. Con questa operazione, il cui valore d\u2019investimento sfiora i 40.000 euro, tocchiamo i 3 milioni e 700mila euro di risorse ricavate grazie allo strumento della gestione in concessione\u201d.<\/p>\n","protected":false},"excerpt":{"rendered":"<p>Prorogata la gestione a favore dell\u2019a.s.d. L\u2019Indiano Approvata dalla giunta su proposta dell\u2019assessore Federico Scapecchi la proroga della concessione dell\u2019impianto sportivo di Sant\u2019Andrea a Pigli.<\/p>\n","protected":false},"author":1,"featured_media":0,"comment_status":"open","ping_status":"open","sticky":false,"template":"","format":"standard","meta":{"_joinchat":[]},"categories":[1],"tags":[],"_links":{"self":[{"href":"https:\/\/www.radioribelle.it\/index.php\/wp-json\/wp\/v2\/posts\/35652"}],"collection":[{"href":"https:\/\/www.radioribelle.it\/index.php\/wp-json\/wp\/v2\/posts"}],"about":[{"href":"https:\/\/www.radioribelle.it\/index.php\/wp-json\/wp\/v2\/types\/post"}],"author":[{"embeddable":true,"href":"https:\/\/www.radioribelle.it\/index.php\/wp-json\/wp\/v2\/users\/1"}],"replies":[{"embeddable":true,"href":"https:\/\/www.radioribelle.it\/index.php\/wp-json\/wp\/v2\/comments?post=35652"}],"version-history":[{"count":1,"href":"https:\/\/www.radioribelle.it\/index.php\/wp-json\/wp\/v2\/posts\/35652\/revisions"}],"predecessor-version":[{"id":35654,"href":"https:\/\/www.radioribelle.it\/index.php\/wp-json\/wp\/v2\/posts\/35652\/revisions\/35654"}],"wp:attachment":[{"href":"https:\/\/www.radioribelle.it\/index.php\/wp-json\/wp\/v2\/media?parent=35652"}],"wp:term":[{"taxonomy":"category","embeddable":true,"href":"https:\/\/www.radioribelle.it\/index.php\/wp-json\/wp\/v2\/categories?post=35652"},{"taxonomy":"post_tag","embeddable":true,"href":"https:\/\/www.radioribelle.it\/index.php\/wp-json\/wp\/v2\/tags?post=35652"}],"curies":[{"name":"wp","href":"https:\/\/api.w.org\/{rel}","templated":true}]}}