{"id":3568,"date":"2026-08-31T15:12:00","date_gmt":"2026-08-31T13:12:00","guid":{"rendered":"https:\/\/www.radioribelle.it\/?p=3568"},"modified":"2026-08-31T14:13:38","modified_gmt":"2026-08-31T12:13:38","slug":"feste-del-palio-2026-settembre-riporta-sansepolcro-nel-cuore-della-sua-storia","status":"publish","type":"post","link":"https:\/\/www.radioribelle.it\/index.php\/2026\/08\/31\/feste-del-palio-2026-settembre-riporta-sansepolcro-nel-cuore-della-sua-storia\/","title":{"rendered":"Feste del Palio 2026: settembre riporta Sansepolcro nel cuore della sua storia"},"content":{"rendered":"\n<div class=\"wp-block-image\"><figure class=\"alignleft size-full is-resized\"><img loading=\"lazy\" src=\"https:\/\/www.radioribelle.it\/wp-content\/uploads\/2026\/08\/1-feste-del-palio-della-balestra_san-sepolcro.jpg\" alt=\"\" class=\"wp-image-3569\" width=\"270\" height=\"167\" srcset=\"https:\/\/www.radioribelle.it\/wp-content\/uploads\/2026\/08\/1-feste-del-palio-della-balestra_san-sepolcro.jpg 750w, https:\/\/www.radioribelle.it\/wp-content\/uploads\/2026\/08\/1-feste-del-palio-della-balestra_san-sepolcro-300x186.jpg 300w, https:\/\/www.radioribelle.it\/wp-content\/uploads\/2026\/08\/1-feste-del-palio-della-balestra_san-sepolcro-619x383.jpg 619w\" sizes=\"(max-width: 270px) 100vw, 270px\" \/><\/figure><\/div>\n\n\n\n<p>A Sansepolcro settembre non \u00e8 un mese come gli altri. \u00c8 il tempo in cui la citt\u00e0 riscopre i propri simboli, le proprie tradizioni e quel patrimonio di storia e partecipazione che trova nelle Feste del Palio la sua espressione pi\u00f9 autentica.<\/p>\n\n\n\n<!--more-->\n\n\n\n<p>Per giorni il centro storico sar\u00e0 il naturale scenario di iniziative, rievocazioni, spettacoli e appuntamenti culturali che vedranno protagoniste le tante realt\u00e0 cittadine impegnate nella valorizzazione e nella trasmissione di questo importante patrimonio. Non una semplice successione di eventi, dunque, ma un racconto corale che coinvolge l\u2019intera comunit\u00e0 e che ogni anno riesce ad avvicinare alla storia di Sansepolcro anche visitatori e nuove generazioni. \u00abLe Feste del Palio hanno una caratteristica che le rende davvero speciali: appartengono alla citt\u00e0 e alle persone che le vivono\u00bb, sottolinea il Sindaco Fabrizio Innocenti. \u00abDietro queste giornate c\u2019\u00e8 il lavoro di tante associazioni, volontari e cittadini che custodiscono tradizioni antiche e continuano a renderle vive. \u00c8 questa partecipazione a fare delle Feste un momento unico per Sansepolcro e un\u2019importante occasione per far conoscere la nostra citt\u00e0 e la sua storia.\u00bb<\/p>\n\n\n\n<p>Un patrimonio che continua a rinnovarsi senza perdere il legame con le proprie radici. \u00abOgni settembre Sansepolcro racconta s\u00e9 stessa attraverso le Feste del Palio\u00bb, aggiunge l\u2019Assessore alla Cultura Francesca Mercati. \u00abLo fa attraverso la balestra, i costumi, la musica, l\u2019arte e soprattutto attraverso le persone che dedicano tempo e passione alla loro realizzazione. Il valore pi\u00f9 grande \u00e8 proprio questa capacit\u00e0 di tramandare una tradizione antica facendola vivere nel presente, coinvolgendo la comunit\u00e0 e aprendola a chi arriva nella nostra citt\u00e0 per conoscerla.\u00bb L\u2019Amministrazione comunale rivolge quindi un ringraziamento a tutte le associazioni, i gruppi, i volontari e le realt\u00e0 coinvolte nella costruzione del programma 2026, frutto ancora una volta di un importante lavoro condiviso.<\/p>\n\n\n\n<p>Di seguito il calendario completo delle Feste del Palio 2026: Feste del Palio 2026 \u2013 Calendario degli appuntamenti<\/p>\n\n\n\n<p>Marted\u00ec 1 settembre Ore 18:00 Sala del Consiglio di Palazzo delle laudi Presentazione del Drappo del Palio Estrazione dei banchi di tiro Ore 21:00 Campo di tiro Luigi Batti Palio di Sant\u2019Egidio<\/p>\n\n\n\n<p>Venerd\u00ec 4 settembre Ore 12.00 e 18:00 \u2013 Sfilata della Fanfara di Neuburg an der Donau per le strade della citt\u00e0 Ore 17.00 \u2013 Logge comunali, apertura del Mercato di Sant\u2019Egidio e della \u201cMostra Mercato\u201d a cura dell\u2019associazione Rinascimento nel Borgo. Dalle ore 17.00 alle 23.00 \u2013 Spettacoli itineranti del Gruppo Sbandieratori di Sansepolcro in Via Matteotti e Via XX Settembre<\/p>\n\n\n\n<p>Ore 21.00 \/ 21:50 \/ 23:00 \u2013 Chiostro del Comune, spettacolo del Teatro Popolare di Sansepolcro \u201cMadonna Lisabetta g\u2019hermita dai briganti\u201d Ore 21.15 \u2013 Inizio del Grande Corteo del Gruppo Sbandieratori per Via XX Settembre e arrivo in Via Matteotti per gli spettacoli di strada<\/p>\n\n\n\n<p>Sabato 5 settembre Ore 12.00 \u2013 Sfilata della Fanfara di Neuburg an der Donau per le strade della citt\u00e0 Ore 17.00 \u2013 Logge comunali, apertura del Mercato di Sant\u2019Egidio e della \u201cMostra Mercato\u201d a cura dell\u2019associazione Il Rinascimento nel Borgo Dalle ore 17.00 alle 23.00 \u2013 Spettacoli itineranti in Via Matteotti e Via XX Settembre a cura del Gruppo Sbandieratori di Sansepolcro Ore 21.00 \u2013 Piazza Torre di Berta, Giochi di Bandiera Ore 21.30 \/ 22:30 \u2013 Chiostro del Comune, spettacolo del Teatro Popolare di Sansepolcro \u201cMadonna Lisabetta g\u2019hermita dai briganti\u201d<\/p>\n\n\n\n<p>Domenica 6 settembre Dalle ore 10.00 alle 19.00 \u2013 Apertura del Mercato di Sant\u2019Egidio e della \u201cMostra Mercato\u201d a cura dell\u2019associazione Il Rinascimento nel Borgo Dalle ore 11.15 \u2013 Piazza Torre di Berta, apertura dei giochi per bambine e bambini, ragazze e ragazzi Dalle ore 16.00 alle 19.00 \u2013 Piazza Torre di Berta, \u201cGiochi Antichi\u201d Ore 18.00 \u2013 Piazza Torre di Berta, inizio della Bigoncia per giovanissimi e giovani, con premi<\/p>\n\n\n\n<p>Mercoled\u00ec 9 settembre Ore 21.00 \u2013 Piazza Torre di Berta Palio dei Rioni \u2013 Porta Fiorentina \/ Porta Romana a cura della Societ\u00e0 Balestrieri di Sansepolcro<\/p>\n\n\n\n<p>Gioved\u00ec 10 settembre Ore 21.00 \u2013 Cattedrale di Sansepolcro Concerto Propiziatorio a cura della Societ\u00e0 Balestrieri Sansepolcro<\/p>\n\n\n\n<p>Venerd\u00ec 11 settembre Ore 21.00 \u2013 Duomo di Sansepolcro \u201cNote dalla Cattedrale\u201d &#8211; Concerto di musica rinascimentale<\/p>\n\n\n\n<p>Sabato 12 settembre Ore 21.00 \u2013 Cattedrale di Sansepolcro \u201cChe si doni un cero foliato e li altri disadorni\u201d &#8211; Secolare Cerimonia dell\u2019Offerta della Cera a cura della Societ\u00e0 Balestrieri Sansepolcro<\/p>\n\n\n\n<p>Domenica 13 settembre h11.30 Palazzo delle Laudi Uscita dell&#8217;Araldo e sfilata per le vie del Centro Storico h12.15 Scalinata del Museo Civico Investitura del Maestro di Campo Ore 16.00 \u2013 Piazza Torre di Berta Secolare Palio della Balestra fra le citt\u00e0 di Sansepolcro e Gubbio h19 centro storico Sfilata del Corteo Storico in onore del vincitore del Palio Durante le serate di festa, spettacoli danzanti a cura della compagnia Il Lauro Danze<\/p>\n\n\n\n<p>Dal 4 al 13 settembre \u201cMercato in Mostra\u201d &#8211; Logge del Duomo a cura dell\u2019associazione Rinascimento nel borgo. Sansepolcro \u00e8 pronta a vivere le sue Feste: giorni nei quali storia, cultura e comunit\u00e0 tornano a incontrarsi nel cuore del Borgo, fino all\u2019appuntamento con il Palio della Balestra.<\/p>\n","protected":false},"excerpt":{"rendered":"<p>A Sansepolcro settembre non \u00e8 un mese come gli altri. \u00c8 il tempo in cui la citt\u00e0 riscopre i propri simboli, le proprie tradizioni e quel patrimonio di storia e partecipazione che trova nelle Feste del Palio la sua espressione pi\u00f9 autentica.<\/p>\n","protected":false},"author":1,"featured_media":0,"comment_status":"closed","ping_status":"closed","sticky":false,"template":"","format":"standard","meta":[],"categories":[1],"tags":[],"_links":{"self":[{"href":"https:\/\/www.radioribelle.it\/index.php\/wp-json\/wp\/v2\/posts\/3568"}],"collection":[{"href":"https:\/\/www.radioribelle.it\/index.php\/wp-json\/wp\/v2\/posts"}],"about":[{"href":"https:\/\/www.radioribelle.it\/index.php\/wp-json\/wp\/v2\/types\/post"}],"author":[{"embeddable":true,"href":"https:\/\/www.radioribelle.it\/index.php\/wp-json\/wp\/v2\/users\/1"}],"replies":[{"embeddable":true,"href":"https:\/\/www.radioribelle.it\/index.php\/wp-json\/wp\/v2\/comments?post=3568"}],"version-history":[{"count":2,"href":"https:\/\/www.radioribelle.it\/index.php\/wp-json\/wp\/v2\/posts\/3568\/revisions"}],"predecessor-version":[{"id":3571,"href":"https:\/\/www.radioribelle.it\/index.php\/wp-json\/wp\/v2\/posts\/3568\/revisions\/3571"}],"wp:attachment":[{"href":"https:\/\/www.radioribelle.it\/index.php\/wp-json\/wp\/v2\/media?parent=3568"}],"wp:term":[{"taxonomy":"category","embeddable":true,"href":"https:\/\/www.radioribelle.it\/index.php\/wp-json\/wp\/v2\/categories?post=3568"},{"taxonomy":"post_tag","embeddable":true,"href":"https:\/\/www.radioribelle.it\/index.php\/wp-json\/wp\/v2\/tags?post=3568"}],"curies":[{"name":"wp","href":"https:\/\/api.w.org\/{rel}","templated":true}]}}