{"id":3592,"date":"2026-09-01T10:31:00","date_gmt":"2026-09-01T08:31:00","guid":{"rendered":"https:\/\/www.radioribelle.it\/?p=3592"},"modified":"2026-08-31T18:02:49","modified_gmt":"2026-08-31T16:02:49","slug":"prefiltraggio-allo-stadio-inaccettabili-le-difficolta-per-le-persone-con-problemi-di-deambulazione","status":"publish","type":"post","link":"https:\/\/www.radioribelle.it\/index.php\/2026\/09\/01\/prefiltraggio-allo-stadio-inaccettabili-le-difficolta-per-le-persone-con-problemi-di-deambulazione\/","title":{"rendered":"Prefiltraggio allo stadio: inaccettabili le difficolt\u00e0 per le persone con problemi di deambulazione"},"content":{"rendered":"\n<div class=\"wp-block-image\"><figure class=\"alignleft size-large is-resized\"><img loading=\"lazy\" src=\"https:\/\/www.radioribelle.it\/wp-content\/uploads\/2026\/08\/Tavernelli_arezzo-palermo-819x1024.jpg\" alt=\"\" class=\"wp-image-3593\" width=\"163\" height=\"204\" srcset=\"https:\/\/www.radioribelle.it\/wp-content\/uploads\/2026\/08\/Tavernelli_arezzo-palermo-819x1024.jpg 819w, https:\/\/www.radioribelle.it\/wp-content\/uploads\/2026\/08\/Tavernelli_arezzo-palermo-240x300.jpg 240w, https:\/\/www.radioribelle.it\/wp-content\/uploads\/2026\/08\/Tavernelli_arezzo-palermo-768x960.jpg 768w, https:\/\/www.radioribelle.it\/wp-content\/uploads\/2026\/08\/Tavernelli_arezzo-palermo-619x774.jpg 619w, https:\/\/www.radioribelle.it\/wp-content\/uploads\/2026\/08\/Tavernelli_arezzo-palermo.jpg 1120w\" sizes=\"(max-width: 163px) 100vw, 163px\" \/><\/figure><\/div>\n\n\n\n<p>L\u2019Assessorato alle Politiche Sociali del Comune di Arezzo esprime profondo rammarico per quanto accaduto ieri in occasione della partita Arezzo-Palermo, in relazione all\u2019inesistenza, in fase di prefiltraggio e di primo controllo dei titoli di accesso all&#8217;evento sportivo, di alcun percorso pedonale dedicato a persone con difficolt\u00e0 di deambulazione.<\/p>\n\n\n\n<!--more-->\n\n\n\n<p>Per effetto di ci\u00f2, solo ad alcune di esse, intercettate grazie alla sensibilit\u00e0 della Polizia Locale presente e al successivo tempestivo intervento della Polizia di Stato anch\u2019essa presente, \u00e8 stato possibile assicurare un passaggio privo di ostacoli e immune da disagi.<br>L\u2019Assessorato ricorda come l\u2019accessibilit\u00e0 e l\u2019attenzione verso le disabilit\u00e0 non siano un optional, ma un dovere di civilt\u00e0 che riguarda l\u2019intera comunit\u00e0 e invita il soggetto gestore del punto di accesso ad attivarsi affinch\u00e9, gi\u00e0 a partire dalla prossima partita, il problema possa essere superato. \u00a0 \u00a0<br>Nell\u2019occasione l\u2019Assessorato conferma altres\u00ec la propria disponibilit\u00e0 a confrontarsi e collaborare per favorire soluzioni idonee a riservare, nel parcheggio antistante lo stadio, un maggior numero di posti per le autovetture adibite al trasporto di persone con difficolt\u00e0 motorie, oltre che a definire un percorso agevolato che colleghi all\u2019ingresso dell\u2019impianto sportivo il parcheggio esterno dedicato.<\/p>\n","protected":false},"excerpt":{"rendered":"<p>L\u2019Assessorato alle Politiche Sociali del Comune di Arezzo esprime profondo rammarico per quanto accaduto ieri in occasione della partita Arezzo-Palermo, in relazione all\u2019inesistenza, in fase di prefiltraggio e di primo controllo dei titoli di accesso all&#8217;evento sportivo, di alcun percorso pedonale dedicato a persone con difficolt\u00e0 di deambulazione.<\/p>\n","protected":false},"author":1,"featured_media":0,"comment_status":"closed","ping_status":"closed","sticky":false,"template":"","format":"standard","meta":[],"categories":[1],"tags":[],"_links":{"self":[{"href":"https:\/\/www.radioribelle.it\/index.php\/wp-json\/wp\/v2\/posts\/3592"}],"collection":[{"href":"https:\/\/www.radioribelle.it\/index.php\/wp-json\/wp\/v2\/posts"}],"about":[{"href":"https:\/\/www.radioribelle.it\/index.php\/wp-json\/wp\/v2\/types\/post"}],"author":[{"embeddable":true,"href":"https:\/\/www.radioribelle.it\/index.php\/wp-json\/wp\/v2\/users\/1"}],"replies":[{"embeddable":true,"href":"https:\/\/www.radioribelle.it\/index.php\/wp-json\/wp\/v2\/comments?post=3592"}],"version-history":[{"count":1,"href":"https:\/\/www.radioribelle.it\/index.php\/wp-json\/wp\/v2\/posts\/3592\/revisions"}],"predecessor-version":[{"id":3594,"href":"https:\/\/www.radioribelle.it\/index.php\/wp-json\/wp\/v2\/posts\/3592\/revisions\/3594"}],"wp:attachment":[{"href":"https:\/\/www.radioribelle.it\/index.php\/wp-json\/wp\/v2\/media?parent=3592"}],"wp:term":[{"taxonomy":"category","embeddable":true,"href":"https:\/\/www.radioribelle.it\/index.php\/wp-json\/wp\/v2\/categories?post=3592"},{"taxonomy":"post_tag","embeddable":true,"href":"https:\/\/www.radioribelle.it\/index.php\/wp-json\/wp\/v2\/tags?post=3592"}],"curies":[{"name":"wp","href":"https:\/\/api.w.org\/{rel}","templated":true}]}}