{"id":36016,"date":"2025-01-02T06:42:00","date_gmt":"2025-01-02T05:42:00","guid":{"rendered":"https:\/\/www.radioribelle.it\/?p=36016"},"modified":"2024-12-29T16:44:18","modified_gmt":"2024-12-29T15:44:18","slug":"i-venti-in-italia","status":"publish","type":"post","link":"https:\/\/www.radioribelle.it\/index.php\/2025\/01\/02\/i-venti-in-italia\/","title":{"rendered":"I Venti in Italia"},"content":{"rendered":"\n<div class=\"wp-block-image\"><figure class=\"alignleft size-full is-resized\"><img loading=\"lazy\" src=\"https:\/\/www.radioribelle.it\/wp-content\/uploads\/2024\/12\/venti.jpg\" alt=\"\" class=\"wp-image-36017\" width=\"233\" height=\"281\" srcset=\"https:\/\/www.radioribelle.it\/wp-content\/uploads\/2024\/12\/venti.jpg 526w, https:\/\/www.radioribelle.it\/wp-content\/uploads\/2024\/12\/venti-249x300.jpg 249w\" sizes=\"(max-width: 233px) 100vw, 233px\" \/><\/figure><\/div>\n\n\n\n<p>Tramontana &#8211; \u00e8 il nome usato in vari Paesi europei per indicare un vento freddo proveniente da nord, e talvolta per indicare il punto cardinale di provenienza. Il grecale o greco \u00e8 un vento mediterraneo che soffia da nord-est. Tale direzione \u00e8 indicata simbolicamente nella cosiddetta rosa dei venti. Soffia con particolare frequenza soprattutto sulle regioni del Mediterraneo centrale e su quelle adriatiche.<\/p>\n\n\n\n<!--more-->\n\n\n\n<p> Il vento \u00e8 cos\u00ec denominato perch\u00e9 dall&#8217;isola di Zante, punto di riferimento della rosa dei venti, soffia da nord-est in corrispondenza, appunto, della Grecia. Per Dante il grecale era il vento schiavo, cos\u00ec come per i veneziani che al di l\u00e0 dal mare avevano la Schiavonia o Slavonia, regione geografica e storica della Croazia orientale. F\u00f6hn, in \u00e8 un vento caldo e secco che pu\u00f2 presentarsi, in differenti configurazioni bariche, su entrambi i versanti delle Alpi, degli Appennini e dei Pirenei.La bora &#8211; \u00e8 un vento catabatico di provenienza Nord-Est\/Est-Nord-Est, che soffia con particolare intensit\u00e0 specialmente verso l&#8217;Alto e Medio Adriatico e verso alcuni settori dell&#8217;Egeo in presenza di forti gradienti barici tra continente e mare.Il termine deriva da Borea, personificazione del vento del nord nella mitologia greca. La bora conosciuta in Italia \u00e8 quella di Trieste. In Croazia \u00e8 celebre quella di Segna e Fiume e in Slovenia quella di Aidussina.Lo scirocco \u00e8 un vento caldo proveniente da sud-est. Tale direzione \u00e8 indicata simbolicamente nella cosiddetta rosa dei venti. Pi\u00f9 esattamente &#8216;scirocco&#8217; deriva dalla parola araba sharqiyya (\u0634\u0631\u0642\u064a\u0629) che vuol dire &#8216;orientale&#8217;, giacch\u00e9 questo vento spira dalla Siria, prendendo come punto di riferimento l&#8217;Isola di Zante nel Mar Ionio. Lo stesso vento assume il nome di jugo in Croazia e ghibli in Libia. Un vento umido associabile allo scirocco, che spira prevalentemente nel golfo del Leone, sulle coste mediterranee della Francia, \u00e8 il marin.Il libeccio \u00e8 un vento che spira da Sud-ovest, anche detto garbino sul litorale delle regioni italiane di Veneto (Garbin), Emilia Romagna (Garb\u00e9n o Garb\u00e9in), Marche, Abruzzo, Molise e Puglia, o africo in ambito letterario, tanti sono i termini che vengono dati al vento che nella sua lunga corsa interessa tutto il bacino centro-occidentale del Mar Mediterraneo.Il ponente, detto anche zefiro o espero , \u00e8 un vento del Mar Mediterraneo che spira da ovest verso est. La denominazione \u00e8 conferita dal punto cardinale dal quale soffia. Tale direzione \u00e8 indicata simbolicamente nella cosiddetta rosa dei venti.Il maestrale \u00e8 il vento che spira da nord-ovest. Tale direzione \u00e8 indicata simbolicamente nella cosiddetta rosa dei venti. Vi sono due possibili etimologie di questo nome, a seconda che consideri la prassi romana di collocare la rosa dei venti al centro del Mediterraneo, o invece quella medievale che la posiziona sull&#8217;isola di Zante, in Grecia. In entrambi i casi la direzione nord-occidentale punta alla citt\u00e0 pi\u00f9 importante per chi ha dato il nome al vento: nel primo caso Roma, Magistra Mundi, oppure Venezia, la via maestra dal porto di origine. Pi\u00f9 semplicemente esiste la possibilit\u00e0 che il vento sia cos\u00ec detto perch\u00e9 \u00e8 &#8220;il principale di tutti i venti&#8221;, &#8220;il maestro della navigazione di questo mare Mediterraneo&#8221;.<\/p>\n","protected":false},"excerpt":{"rendered":"<p>Tramontana &#8211; \u00e8 il nome usato in vari Paesi europei per indicare un vento freddo proveniente da nord, e talvolta per indicare il punto cardinale di provenienza. Il grecale o greco \u00e8 un vento mediterraneo che soffia da nord-est. Tale direzione \u00e8 indicata simbolicamente nella cosiddetta rosa dei venti. Soffia con particolare frequenza soprattutto sulle [&hellip;]<\/p>\n","protected":false},"author":1,"featured_media":0,"comment_status":"open","ping_status":"open","sticky":false,"template":"","format":"standard","meta":{"_joinchat":[]},"categories":[1],"tags":[],"_links":{"self":[{"href":"https:\/\/www.radioribelle.it\/index.php\/wp-json\/wp\/v2\/posts\/36016"}],"collection":[{"href":"https:\/\/www.radioribelle.it\/index.php\/wp-json\/wp\/v2\/posts"}],"about":[{"href":"https:\/\/www.radioribelle.it\/index.php\/wp-json\/wp\/v2\/types\/post"}],"author":[{"embeddable":true,"href":"https:\/\/www.radioribelle.it\/index.php\/wp-json\/wp\/v2\/users\/1"}],"replies":[{"embeddable":true,"href":"https:\/\/www.radioribelle.it\/index.php\/wp-json\/wp\/v2\/comments?post=36016"}],"version-history":[{"count":1,"href":"https:\/\/www.radioribelle.it\/index.php\/wp-json\/wp\/v2\/posts\/36016\/revisions"}],"predecessor-version":[{"id":36018,"href":"https:\/\/www.radioribelle.it\/index.php\/wp-json\/wp\/v2\/posts\/36016\/revisions\/36018"}],"wp:attachment":[{"href":"https:\/\/www.radioribelle.it\/index.php\/wp-json\/wp\/v2\/media?parent=36016"}],"wp:term":[{"taxonomy":"category","embeddable":true,"href":"https:\/\/www.radioribelle.it\/index.php\/wp-json\/wp\/v2\/categories?post=36016"},{"taxonomy":"post_tag","embeddable":true,"href":"https:\/\/www.radioribelle.it\/index.php\/wp-json\/wp\/v2\/tags?post=36016"}],"curies":[{"name":"wp","href":"https:\/\/api.w.org\/{rel}","templated":true}]}}