{"id":3602,"date":"2026-09-02T18:04:00","date_gmt":"2026-09-02T16:04:00","guid":{"rendered":"https:\/\/www.radioribelle.it\/?p=3602"},"modified":"2026-09-01T13:47:24","modified_gmt":"2026-09-01T11:47:24","slug":"terre-in-festival-2026-2","status":"publish","type":"post","link":"https:\/\/www.radioribelle.it\/index.php\/2026\/09\/02\/terre-in-festival-2026-2\/","title":{"rendered":"TERRE IN FESTIVAL 2026"},"content":{"rendered":"\n<div class=\"wp-block-image\"><figure class=\"alignright size-large is-resized\"><img loading=\"lazy\" src=\"https:\/\/www.radioribelle.it\/wp-content\/uploads\/2026\/09\/Duermete-mi-alma-Caterina-Pontrandolfo-Foto-Enza-Doria-5-1024x683.jpg\" alt=\"\" class=\"wp-image-3603\" width=\"273\" height=\"182\" srcset=\"https:\/\/www.radioribelle.it\/wp-content\/uploads\/2026\/09\/Duermete-mi-alma-Caterina-Pontrandolfo-Foto-Enza-Doria-5-1024x683.jpg 1024w, https:\/\/www.radioribelle.it\/wp-content\/uploads\/2026\/09\/Duermete-mi-alma-Caterina-Pontrandolfo-Foto-Enza-Doria-5-300x200.jpg 300w, https:\/\/www.radioribelle.it\/wp-content\/uploads\/2026\/09\/Duermete-mi-alma-Caterina-Pontrandolfo-Foto-Enza-Doria-5-768x512.jpg 768w, https:\/\/www.radioribelle.it\/wp-content\/uploads\/2026\/09\/Duermete-mi-alma-Caterina-Pontrandolfo-Foto-Enza-Doria-5-1536x1024.jpg 1536w, https:\/\/www.radioribelle.it\/wp-content\/uploads\/2026\/09\/Duermete-mi-alma-Caterina-Pontrandolfo-Foto-Enza-Doria-5-619x413.jpg 619w, https:\/\/www.radioribelle.it\/wp-content\/uploads\/2026\/09\/Duermete-mi-alma-Caterina-Pontrandolfo-Foto-Enza-Doria-5.jpg 2048w\" sizes=\"(max-width: 273px) 100vw, 273px\" \/><\/figure><\/div>\n\n\n\n<p>Si avvia alla conclusione un\u2019edizione nel segno della partecipazione. Gli ultimi appuntamenti a Pieve Santo Stefano e Caprese Michelangelo chiudono\u00a0TERRE IN FESTIVAL 2026. Un\u2019edizione che ha registrato un incremento di pubblico e un crescente coinvolgimento delle comunit\u00e0 della Valtiberina.<\/p>\n\n\n\n<!--more-->\n\n\n\n<p>Si avvia alla conclusione\u00a0TERRE IN FESTIVAL 2026, il progetto di teatro diffuso promosso da\u00a0Laboratori Permanenti\u00a0che dal 1\u00b0 agosto ha attraversato la Valtiberina Toscana, portando spettacoli, laboratori e occasioni di incontro nei Comuni di\u00a0Sansepolcro, Monterchi, Pieve Santo Stefano, Caprese Michelangelo, Sestino, Badia Tedalda e Anghiari. Un\u2019edizione che si chiude con un\u00a0bilancio particolarmente positivo, caratterizzato da un incremento del pubblico e da una\u00a0partecipazione sempre pi\u00f9 attiva delle comunit\u00e0 locali. Un risultato che conferma la vocazione di TERRE IN FESTIVAL: costruire, attraverso il teatro e le arti performative, una geografia culturale capace di mettere in relazione luoghi, persone e territori e di far vivere la Valtiberina come un unico grande spazio di cultura. \u00ab<em>Il dato che pi\u00f9 ci interessa \u2013 sottolinea la direttrice artistica Caterina Casini \u2013 \u00e8 la crescita del coinvolgimento del territorio. TERRE IN FESTIVAL non vuole soltanto portare spettacoli nei diversi Comuni della vallata, ma creare occasioni di partecipazione e relazione, facendo delle comunit\u00e0 parte integrante del progetto. L\u2019aumento del pubblico e la risposta alle attivit\u00e0 proposte ci confermano che questa direzione \u00e8 quella giusta e ci spinge a continuare a lavorare per una cultura sempre pi\u00f9 accessibile e condivisa<\/em>\u00bb.<\/p>\n\n\n\n<p>Gli ultimi appuntamenti<\/p>\n\n\n\n<p>A\u00a0Pieve Santo Stefano\u00a0\u00e8 in corso l\u2019appuntamento con la formazione.\u00a0Dal 31 agosto al 2 settembre, dalle ore 18 alle 22, al Teatro G. Papini si sta svolgendo il\u00a0Laboratorio di Ninne Nanne, a cura di\u00a0Caterina Pontrandolfo. Il laboratorio confluisce nello spettacolo\u00a0\u201cDuermete, mi alma \u2013 Canti delle madri, nenie di culla, melodie di pace\u201d, in programma\u00a0mercoled\u00ec 2 settembre alle ore 21.15, sempre al Teatro G. Papini. Una produzione Nuova Atlantide Teatro e Galleria Toledo di Napoli, di e con Caterina Pontrandolfo, presentata in collaborazione con Associazione Illumina. Lo spettacolo nasce dalla ricerca sul canto femminile di tradizione orale e dalla ninna nanna come forma di relazione, memoria e cura. A\u00a0Caprese Michelangelo\u00a0torna invece il consueto appuntamento che Laboratori Permanenti dedica ogni anno alla comunit\u00e0.\u00a0Dal 1\u00b0 al 5 settembre, dalle ore 15.30 alle 18, presso la Sala Polivalente, si svolge\u00a0\u201cGiochiamo al teatro\u201d, laboratorio gratuito rivolto ai bambini dai 6 anni in poi, condotto da\u00a0Caterina Casini\u00a0e\u00a0Sadra Ghahari. Un percorso che accompagna i partecipanti nella creazione di uno spettacolo, dalla scrittura del copione alla realizzazione di maschere e scenografie con materiali di riciclo. Il festival si concluder\u00e0\u00a0domenica 6 settembre alle ore 11.30, presso il\u00a0Giardino Casa Museo Michelangelo, con la restituzione al pubblico del lavoro realizzato dai bambini durante il laboratorio.<br>Invio in allegato comunicato stampa e immaginiResto a disposizione per ulteriori informazioni e richieste<br>Grazie per la preziosa collaborzioneun caro saluto<br>Tiziana Cusm\u00e0<strong>Comunicazione Laboratori Permanenti<\/strong><\/p>\n","protected":false},"excerpt":{"rendered":"<p>Si avvia alla conclusione un\u2019edizione nel segno della partecipazione. Gli ultimi appuntamenti a Pieve Santo Stefano e Caprese Michelangelo chiudono\u00a0TERRE IN FESTIVAL 2026. Un\u2019edizione che ha registrato un incremento di pubblico e un crescente coinvolgimento delle comunit\u00e0 della Valtiberina.<\/p>\n","protected":false},"author":1,"featured_media":0,"comment_status":"closed","ping_status":"closed","sticky":false,"template":"","format":"standard","meta":[],"categories":[1],"tags":[],"_links":{"self":[{"href":"https:\/\/www.radioribelle.it\/index.php\/wp-json\/wp\/v2\/posts\/3602"}],"collection":[{"href":"https:\/\/www.radioribelle.it\/index.php\/wp-json\/wp\/v2\/posts"}],"about":[{"href":"https:\/\/www.radioribelle.it\/index.php\/wp-json\/wp\/v2\/types\/post"}],"author":[{"embeddable":true,"href":"https:\/\/www.radioribelle.it\/index.php\/wp-json\/wp\/v2\/users\/1"}],"replies":[{"embeddable":true,"href":"https:\/\/www.radioribelle.it\/index.php\/wp-json\/wp\/v2\/comments?post=3602"}],"version-history":[{"count":1,"href":"https:\/\/www.radioribelle.it\/index.php\/wp-json\/wp\/v2\/posts\/3602\/revisions"}],"predecessor-version":[{"id":3604,"href":"https:\/\/www.radioribelle.it\/index.php\/wp-json\/wp\/v2\/posts\/3602\/revisions\/3604"}],"wp:attachment":[{"href":"https:\/\/www.radioribelle.it\/index.php\/wp-json\/wp\/v2\/media?parent=3602"}],"wp:term":[{"taxonomy":"category","embeddable":true,"href":"https:\/\/www.radioribelle.it\/index.php\/wp-json\/wp\/v2\/categories?post=3602"},{"taxonomy":"post_tag","embeddable":true,"href":"https:\/\/www.radioribelle.it\/index.php\/wp-json\/wp\/v2\/tags?post=3602"}],"curies":[{"name":"wp","href":"https:\/\/api.w.org\/{rel}","templated":true}]}}