{"id":3604,"date":"2022-07-20T15:29:00","date_gmt":"2022-07-20T13:29:00","guid":{"rendered":"https:\/\/www.radioribelle.it\/?p=3604"},"modified":"2022-07-20T13:01:04","modified_gmt":"2022-07-20T11:01:04","slug":"strisce-blu-gratuite-per-le-auto-elettriche","status":"publish","type":"post","link":"https:\/\/www.radioribelle.it\/index.php\/2022\/07\/20\/strisce-blu-gratuite-per-le-auto-elettriche\/","title":{"rendered":"Strisce blu gratuite per le auto elettriche"},"content":{"rendered":"\n<div class=\"wp-block-image\"><figure class=\"alignright size-full is-resized\"><img loading=\"lazy\" src=\"https:\/\/www.radioribelle.it\/wp-content\/uploads\/2022\/07\/parcheggi-strisce-blu-2.jpg\" alt=\"\" class=\"wp-image-3605\" width=\"282\" height=\"159\" srcset=\"https:\/\/www.radioribelle.it\/wp-content\/uploads\/2022\/07\/parcheggi-strisce-blu-2.jpg 600w, https:\/\/www.radioribelle.it\/wp-content\/uploads\/2022\/07\/parcheggi-strisce-blu-2-300x169.jpg 300w\" sizes=\"(max-width: 282px) 100vw, 282px\" \/><\/figure><\/div>\n\n\n\n<p>Citt\u00e0 di Castello &#8211;  interrogazione dei consiglieri comunali, Monia Paradisi e Massimo Minciotti (Pd)Strisce blu gratuite per le auto elettriche: interrogazione dei consiglieri comunali,\u00a0Monia Paradisi\u00a0e\u00a0Massimo Minciotti (Pd)<\/p>\n\n\n\n<!--more-->\n\n\n\n<p> \u201cPremesso che questa amministrazione in risposta ad una nostra recente, interrogazione sulla creazione di nuovi stalli per bici, si \u00e8 dichiarata disponibile a sviluppare un progetto sia nelle scuole che nelle zone del centro storico, al fine di promuovere una mobilit\u00e0 alternativa ed ambientalmente compatibile; considerato che a Citt\u00e0 di Castello, a differenza di altri comuni non \u00e8 prevista un&#8217;agevolazione per auto elettriche o ibride per il parcheggio nelle strisce blu o accesso regolamentato in zone ZTL; verificato che gi\u00e0 in altre citt\u00e0 d&#8217;Italia viene concessa la possibilit\u00e0 di parcheggiare gratuitamente nelle strisce blu;\u00a0 appurato che uno dei punti programmatici di questa amministrazione \u00e8 la salute e la qualit\u00e0 di vita della cittadinanza, la salvaguardia dell\u2019ambiente quale bene di tutti, la riduzione dello spreco di risorse naturali e il diritto ad una mobilit\u00e0 sostenibile ed efficiente attraverso il PUMS; preso atto che secondo un rapporto di E&amp;S Energy and Strategy Group del Politecnico di Milano si stima che in Italia entro il 2030 si passer\u00e0 a circa 7 milioni di autoveicoli elettrici in circolazione\u201d. Per queste motivazioni i consiglieri Paradisi e Minciotti interrogano sindaco e giunta: per prevedere nel Comune di Citt\u00e0 di Castello la sosta gratuita alle auto elettriche nella zona strisce blu a pagamento; per verificare la possibilit\u00e0 della sosta gratuita anche negli spazi del centro storico, riservati ai residenti (Zona A, B,C. ecc.);\u00a0Per predisporre apposita autorizzazione per accesso in zona ZTL con sosta regolamentata (max 2 ore ?), attraverso la programmazione dei nuovi varchi predisposti in ingresso al Centro Storico.<\/p>\n","protected":false},"excerpt":{"rendered":"<p>Citt\u00e0 di Castello &#8211; interrogazione dei consiglieri comunali, Monia Paradisi e Massimo Minciotti (Pd)Strisce blu gratuite per le auto elettriche: interrogazione dei consiglieri comunali,\u00a0Monia Paradisi\u00a0e\u00a0Massimo Minciotti (Pd)<\/p>\n","protected":false},"author":1,"featured_media":0,"comment_status":"open","ping_status":"open","sticky":false,"template":"","format":"standard","meta":{"_joinchat":[]},"categories":[1],"tags":[],"_links":{"self":[{"href":"https:\/\/www.radioribelle.it\/index.php\/wp-json\/wp\/v2\/posts\/3604"}],"collection":[{"href":"https:\/\/www.radioribelle.it\/index.php\/wp-json\/wp\/v2\/posts"}],"about":[{"href":"https:\/\/www.radioribelle.it\/index.php\/wp-json\/wp\/v2\/types\/post"}],"author":[{"embeddable":true,"href":"https:\/\/www.radioribelle.it\/index.php\/wp-json\/wp\/v2\/users\/1"}],"replies":[{"embeddable":true,"href":"https:\/\/www.radioribelle.it\/index.php\/wp-json\/wp\/v2\/comments?post=3604"}],"version-history":[{"count":1,"href":"https:\/\/www.radioribelle.it\/index.php\/wp-json\/wp\/v2\/posts\/3604\/revisions"}],"predecessor-version":[{"id":3606,"href":"https:\/\/www.radioribelle.it\/index.php\/wp-json\/wp\/v2\/posts\/3604\/revisions\/3606"}],"wp:attachment":[{"href":"https:\/\/www.radioribelle.it\/index.php\/wp-json\/wp\/v2\/media?parent=3604"}],"wp:term":[{"taxonomy":"category","embeddable":true,"href":"https:\/\/www.radioribelle.it\/index.php\/wp-json\/wp\/v2\/categories?post=3604"},{"taxonomy":"post_tag","embeddable":true,"href":"https:\/\/www.radioribelle.it\/index.php\/wp-json\/wp\/v2\/tags?post=3604"}],"curies":[{"name":"wp","href":"https:\/\/api.w.org\/{rel}","templated":true}]}}