{"id":3608,"date":"2026-09-01T17:02:00","date_gmt":"2026-09-01T15:02:00","guid":{"rendered":"https:\/\/www.radioribelle.it\/?p=3608"},"modified":"2026-09-01T14:05:05","modified_gmt":"2026-09-01T12:05:05","slug":"elio-a-sansepolcro-con-la-rivalutazione-della-tristezza","status":"publish","type":"post","link":"https:\/\/www.radioribelle.it\/index.php\/2026\/09\/01\/elio-a-sansepolcro-con-la-rivalutazione-della-tristezza\/","title":{"rendered":"Elio a Sansepolcro con \u201cLa rivalutazione della tristezza"},"content":{"rendered":"\n<div class=\"wp-block-image\"><figure class=\"alignright size-large is-resized\"><img loading=\"lazy\" src=\"https:\/\/www.radioribelle.it\/wp-content\/uploads\/2026\/09\/Elio\u00a9Laila-Pozzo-1200x800-1-1024x683.jpg\" alt=\"\" class=\"wp-image-3609\" width=\"332\" height=\"221\" srcset=\"https:\/\/www.radioribelle.it\/wp-content\/uploads\/2026\/09\/Elio\u00a9Laila-Pozzo-1200x800-1-1024x683.jpg 1024w, https:\/\/www.radioribelle.it\/wp-content\/uploads\/2026\/09\/Elio\u00a9Laila-Pozzo-1200x800-1-300x200.jpg 300w, https:\/\/www.radioribelle.it\/wp-content\/uploads\/2026\/09\/Elio\u00a9Laila-Pozzo-1200x800-1-768x512.jpg 768w, https:\/\/www.radioribelle.it\/wp-content\/uploads\/2026\/09\/Elio\u00a9Laila-Pozzo-1200x800-1-619x413.jpg 619w, https:\/\/www.radioribelle.it\/wp-content\/uploads\/2026\/09\/Elio\u00a9Laila-Pozzo-1200x800-1.jpg 1200w\" sizes=\"(max-width: 332px) 100vw, 332px\" \/><\/figure><\/div>\n\n\n\n<p>\u201d\u00a0Domani, mercoled\u00ec 2 settembre alle ore 21.00, Piazza Torre di Berta ospiter\u00e0 Elio con lo spettacolo \u201cLa rivalutazione della tristezza\u201d, appuntamento organizzato nell\u2019ambito del prestigioso Festival delle Nazioni, in collaborazione con il Comune di Sansepolcro. Uno spettacolo teatrale e musicale che affronta con intelligenza, ironia e leggerezza un sentimento universale come la tristezza, raccontandolo attraverso parole, musica e riferimenti che attraversano epoche e linguaggi diversi.<\/p>\n\n\n\n<!--more-->\n\n\n\n<p>Protagonista della serata sar\u00e0 Elio (storico frontman di Elio e le Storie Tese), accompagnato da Alberto Tafuri al pianoforte e alla direzione musicale, Sophia Tomelleri al sax tenore e flauto, Giulio Molteni al basso e Martino Malacrida alla batteria.\u00a0&#8220;Siamo particolarmente felici di ospitare a Sansepolcro un artista come Elio e di rinnovare la collaborazione con il Festival delle Nazioni, una realt\u00e0 culturale di grande prestigio. \u201cLa rivalutazione della tristezza\u201d porta in Piazza Torre di Berta una proposta originale, capace di unire musica, teatro, ironia e riflessione. \u00c8 proprio questa variet\u00e0 di linguaggi e di proposte che vogliamo continuare a offrire alla citt\u00e0, creando occasioni culturali di qualit\u00e0 e rendendo i nostri luoghi pi\u00f9 belli protagonisti di eventi di rilievo.&#8221; Queste le dichiarazioni di Francesca Mercati, Assessore alla Cultura del Comune di Sansepolcro che prosegue ricordando che &#8220;Sansepolcro \u00e8 socio fondatore del Festival delle Nazioni, quindi siamo particolarmente onorati di offrire alla nostra cittadinanza uno spettacolo di questo livello di avere un ruolo fondativo cos\u00ec importante in una delle realt\u00e0 culturali pi\u00f9 importanti del territorio che ha una rilevanza internazionale.&#8221;\u00a0Un nuovo appuntamento di grande qualit\u00e0 arricchisce cos\u00ec il calendario culturale di Sansepolcro,<\/p>\n","protected":false},"excerpt":{"rendered":"<p>\u201d\u00a0Domani, mercoled\u00ec 2 settembre alle ore 21.00, Piazza Torre di Berta ospiter\u00e0 Elio con lo spettacolo \u201cLa rivalutazione della tristezza\u201d, appuntamento organizzato nell\u2019ambito del prestigioso Festival delle Nazioni, in collaborazione con il Comune di Sansepolcro. Uno spettacolo teatrale e musicale che affronta con intelligenza, ironia e leggerezza un sentimento universale come la tristezza, raccontandolo attraverso [&hellip;]<\/p>\n","protected":false},"author":1,"featured_media":0,"comment_status":"closed","ping_status":"closed","sticky":false,"template":"","format":"standard","meta":[],"categories":[1],"tags":[],"_links":{"self":[{"href":"https:\/\/www.radioribelle.it\/index.php\/wp-json\/wp\/v2\/posts\/3608"}],"collection":[{"href":"https:\/\/www.radioribelle.it\/index.php\/wp-json\/wp\/v2\/posts"}],"about":[{"href":"https:\/\/www.radioribelle.it\/index.php\/wp-json\/wp\/v2\/types\/post"}],"author":[{"embeddable":true,"href":"https:\/\/www.radioribelle.it\/index.php\/wp-json\/wp\/v2\/users\/1"}],"replies":[{"embeddable":true,"href":"https:\/\/www.radioribelle.it\/index.php\/wp-json\/wp\/v2\/comments?post=3608"}],"version-history":[{"count":1,"href":"https:\/\/www.radioribelle.it\/index.php\/wp-json\/wp\/v2\/posts\/3608\/revisions"}],"predecessor-version":[{"id":3610,"href":"https:\/\/www.radioribelle.it\/index.php\/wp-json\/wp\/v2\/posts\/3608\/revisions\/3610"}],"wp:attachment":[{"href":"https:\/\/www.radioribelle.it\/index.php\/wp-json\/wp\/v2\/media?parent=3608"}],"wp:term":[{"taxonomy":"category","embeddable":true,"href":"https:\/\/www.radioribelle.it\/index.php\/wp-json\/wp\/v2\/categories?post=3608"},{"taxonomy":"post_tag","embeddable":true,"href":"https:\/\/www.radioribelle.it\/index.php\/wp-json\/wp\/v2\/tags?post=3608"}],"curies":[{"name":"wp","href":"https:\/\/api.w.org\/{rel}","templated":true}]}}