{"id":3611,"date":"2026-09-04T10:06:00","date_gmt":"2026-09-04T08:06:00","guid":{"rendered":"https:\/\/www.radioribelle.it\/?p=3611"},"modified":"2026-09-05T14:34:44","modified_gmt":"2026-09-05T12:34:44","slug":"iscrizioni-per-i-corsi-di-nuoto-autunnali-e-invernali-delle-piscine-comunali-di-citta-di-castello","status":"publish","type":"post","link":"https:\/\/www.radioribelle.it\/index.php\/2026\/09\/04\/iscrizioni-per-i-corsi-di-nuoto-autunnali-e-invernali-delle-piscine-comunali-di-citta-di-castello\/","title":{"rendered":"Iscrizioni per i corsi di nuoto autunnali e invernali delle piscine comunali di Citt\u00e0 di Castello"},"content":{"rendered":"\n<div class=\"wp-block-image\"><figure class=\"alignleft size-large is-resized\"><img loading=\"lazy\" src=\"https:\/\/www.radioribelle.it\/wp-content\/uploads\/2026\/09\/Riapertura-piscine-comunali-3-1024x768.jpg\" alt=\"\" class=\"wp-image-3612\" width=\"280\" height=\"210\" srcset=\"https:\/\/www.radioribelle.it\/wp-content\/uploads\/2026\/09\/Riapertura-piscine-comunali-3-1024x768.jpg 1024w, https:\/\/www.radioribelle.it\/wp-content\/uploads\/2026\/09\/Riapertura-piscine-comunali-3-300x225.jpg 300w, https:\/\/www.radioribelle.it\/wp-content\/uploads\/2026\/09\/Riapertura-piscine-comunali-3-768x576.jpg 768w, https:\/\/www.radioribelle.it\/wp-content\/uploads\/2026\/09\/Riapertura-piscine-comunali-3-1536x1152.jpg 1536w, https:\/\/www.radioribelle.it\/wp-content\/uploads\/2026\/09\/Riapertura-piscine-comunali-3-2048x1536.jpg 2048w, https:\/\/www.radioribelle.it\/wp-content\/uploads\/2026\/09\/Riapertura-piscine-comunali-3-619x464.jpg 619w\" sizes=\"(max-width: 280px) 100vw, 280px\" \/><\/figure><\/div>\n\n\n\n<p> Saranno avviate il prossimo ottobre ed entro lo stesso mese partiranno le attivit\u00e0 per i bambini e gli adulti: Polisport traccia la roadmap per la riapertura dell\u2019impianto al coperto. Grande soddisfazione per i numeri della stagione estiva<\/p>\n\n\n\n<!--more-->\n\n\n\n<p>Le iscrizioni per i corsi di nuoto autunnali e invernali delle piscine comunali di Citt\u00e0 di Castello saranno aperte il prossimo ottobre ed entro lo stesso mese partiranno le attivit\u00e0 per i bambini e gli adulti: le lezioni della scuola federale di nuoto, le attivit\u00e0 agonistiche, master e dei sub, i progetti scolastici, il nuoto per la terza et\u00e0, l\u2019acquafitness, il nuoto baby e tutte le attivit\u00e0 acquatiche che Polisport ha sviluppato in questi anni. E\u2019 la roadmap che traccia Polisport, anticipando che le date ufficiali di apertura delle iscrizioni e di inizio dei corsi saranno rese note quanto prima attraverso i canali social, gli organi di informazione e i manifesti pubblicitari. La ripresa dell\u2019attivit\u00e0 nelle vasche al coperto dell\u2019impianto avverr\u00e0 non appena saranno stati ultimati i lavori di ristrutturazione del complesso e saranno state completate le operazioni di collaudo dei nuovi filtri per l\u2019acqua. Dopo la chiusura delle piscine esterne domenica 30 agosto \u00e8, dunque, gi\u00e0 tempo di voltare pagina e guardare alla definitiva riapertura del complesso natatorio. La stagione estiva archiviata da pochi giorni si \u00e8 conclusa con un bilancio decisamente positivo per Polisport. Dopo lo stop dello scorso anno dovuto ai lavori di riqualificazione dell\u2019impianto, i tifernati, e non solo, hanno riscoperto il piacere di trascorrere il tempo libero nelle amate piscine di via Engels e hanno risposto come sempre alla grande, facendo registrare fin dalla riapertura di giugno numeri importanti. Le presenze si sono mantenute alte per tutto il periodo estivo, con centinaia di persone che hanno scelto l\u2019impianto ogni giorno, mostrando di apprezzare la qualit\u00e0 dell\u2019acqua garantita dal nuovo impianto di filtrazione, il piacere di nuotare, rilassarsi, ma anche divertirsi, nel parco attrezzato con giochi e campi sportivi. Il \u201cmare dei tifernati\u201d \u00e8 tornato, insomma, di nuovo pieno e vitale come un tempo per quasi tutta la durata dei mesi caldi. Complici la riapertura di gran parte delle aziende e la fine del periodo di ferie per molti utenti abituali, le presenze quotidiane hanno iniziato fisiologicamente a diminuire, come sempre, da Ferragosto, nonostante le alte temperature. Nel quadro della buona stagione estiva vissuta nell\u2019impianto, Polisport segnala con soddisfazione il grande successo del progetto dei Centri Sportivi Estivi con il marchio di qualit\u00e0 Educamp del CONI: sono state, infatti, oltre 1.000 le iscrizioni di bambini e ragazzi registrate dal 15 giugno al 7 agosto. Da evidenziare, infine, come le lezioni di scuola nuoto individuali \u201cone to one\u201d, che sono riprese in estate con gli storici istruttori di Polisport, siano state letteralmente prese d\u2019assalto dalle famiglie per far riprendere confidenza col nuoto ai propri figli in vista del ritorno dei corsi autunnali e invernali nelle piscine al coperto.<\/p>\n","protected":false},"excerpt":{"rendered":"<p>Saranno avviate il prossimo ottobre ed entro lo stesso mese partiranno le attivit\u00e0 per i bambini e gli adulti: Polisport traccia la roadmap per la riapertura dell\u2019impianto al coperto. Grande soddisfazione per i numeri della stagione estiva<\/p>\n","protected":false},"author":1,"featured_media":0,"comment_status":"closed","ping_status":"closed","sticky":false,"template":"","format":"standard","meta":[],"categories":[1],"tags":[],"_links":{"self":[{"href":"https:\/\/www.radioribelle.it\/index.php\/wp-json\/wp\/v2\/posts\/3611"}],"collection":[{"href":"https:\/\/www.radioribelle.it\/index.php\/wp-json\/wp\/v2\/posts"}],"about":[{"href":"https:\/\/www.radioribelle.it\/index.php\/wp-json\/wp\/v2\/types\/post"}],"author":[{"embeddable":true,"href":"https:\/\/www.radioribelle.it\/index.php\/wp-json\/wp\/v2\/users\/1"}],"replies":[{"embeddable":true,"href":"https:\/\/www.radioribelle.it\/index.php\/wp-json\/wp\/v2\/comments?post=3611"}],"version-history":[{"count":1,"href":"https:\/\/www.radioribelle.it\/index.php\/wp-json\/wp\/v2\/posts\/3611\/revisions"}],"predecessor-version":[{"id":3613,"href":"https:\/\/www.radioribelle.it\/index.php\/wp-json\/wp\/v2\/posts\/3611\/revisions\/3613"}],"wp:attachment":[{"href":"https:\/\/www.radioribelle.it\/index.php\/wp-json\/wp\/v2\/media?parent=3611"}],"wp:term":[{"taxonomy":"category","embeddable":true,"href":"https:\/\/www.radioribelle.it\/index.php\/wp-json\/wp\/v2\/categories?post=3611"},{"taxonomy":"post_tag","embeddable":true,"href":"https:\/\/www.radioribelle.it\/index.php\/wp-json\/wp\/v2\/tags?post=3611"}],"curies":[{"name":"wp","href":"https:\/\/api.w.org\/{rel}","templated":true}]}}