{"id":3614,"date":"2026-09-01T19:07:22","date_gmt":"2026-09-01T17:07:22","guid":{"rendered":"https:\/\/www.radioribelle.it\/?p=3614"},"modified":"2026-09-01T19:07:24","modified_gmt":"2026-09-01T17:07:24","slug":"prospettica-la-casermarcheologica-di-sansepolcro-accoglie-settanta-allievi","status":"publish","type":"post","link":"https:\/\/www.radioribelle.it\/index.php\/2026\/09\/01\/prospettica-la-casermarcheologica-di-sansepolcro-accoglie-settanta-allievi\/","title":{"rendered":"\u00a0Prospettica, la CasermArcheologica di Sansepolcro accoglie settanta allievi"},"content":{"rendered":"\n<div class=\"wp-block-image\"><figure class=\"alignleft size-large is-resized\"><img loading=\"lazy\" src=\"https:\/\/www.radioribelle.it\/wp-content\/uploads\/2026\/09\/foto_1_-_Prospettica-1024x618.jpg\" alt=\"\" class=\"wp-image-3615\" width=\"232\" height=\"139\" srcset=\"https:\/\/www.radioribelle.it\/wp-content\/uploads\/2026\/09\/foto_1_-_Prospettica-1024x618.jpg 1024w, https:\/\/www.radioribelle.it\/wp-content\/uploads\/2026\/09\/foto_1_-_Prospettica-300x181.jpg 300w, https:\/\/www.radioribelle.it\/wp-content\/uploads\/2026\/09\/foto_1_-_Prospettica-768x464.jpg 768w, https:\/\/www.radioribelle.it\/wp-content\/uploads\/2026\/09\/foto_1_-_Prospettica-619x374.jpg 619w, https:\/\/www.radioribelle.it\/wp-content\/uploads\/2026\/09\/foto_1_-_Prospettica.jpg 1500w\" sizes=\"(max-width: 232px) 100vw, 232px\" \/><\/figure><\/div>\n\n\n\n<p>SANSEPOLCRO &#8211;   Dal 5 al 20 settembre la CasermArcheologica di Sansepolcro accoglie settanta allievi dello Studio d\u2019arte Antonelli. Sabato 5 settembre, alle ore 17, il vernissage della mostra collettiva di pittura<\/p>\n\n\n\n<!--more-->\n\n\n\n<p>Dal\u00a05 al 20 settembre 2026\u00a0la\u00a0CasermArcheologica\u00a0di via Niccol\u00f2 Aggiunti 55, a Sansepolcro (AR), ospita\u00a0<em>\u201cProspettica\u201d<\/em>, collettiva di settanta creativi riuniti attorno allo\u00a0Studio d\u2019arte Antonelli. L&#8217;inaugurazione ufficiale si terr\u00e0\u00a0sabato 5 settembre alle ore 17, con la presentazione di\u00a0Marco Botti. L\u2019evento rientra nella programmazione di CasermArcheologica sostenuta da\u00a0Comune di Sansepolcro\u00a0e\u00a0Fondazione CR Firenze. L\u2019iniziativa \u00e8 visitabile, a ingresso gratuito, da luned\u00ec a venerd\u00ec con orario 10-18, sabato e domenica con orario 15-19.\u00a0<\/p>\n\n\n\n<p>LA MOSTRA L\u2019Alta Valle del Tevere \u00e8 da sempre un crocevia fondamentale tra Toscana e Umbria, capace di intrecciare legami culturali, artistici ed economici assimilando il meglio da entrambe le regioni. Questo territorio ha dato natali o ispirato grandi maestri del rinascimento come Piero della Francesca, Michelangelo Buonarroti, Raffaello Sanzio e Leonardo da Vinci. Il loro genio ha influenzato in passato e continua a ispirare la creativit\u00e0 di chi vive e opera in Valtiberina.<\/p>\n\n\n\n<p>Ancora oggi questa terra si conferma un terreno fertile per le arti. La mostra\u00a0<em>\u201cProspettica\u201d<\/em>\u00a0testimonia la vivacit\u00e0 del panorama contemporaneo mettendo in dialogo\u00a070 autori\u00a0tra gli 8 e gli 84 anni. Un mosaico di sguardi personali nato dalla guida del maestro Riccardo Antonelli, che attraverso l\u2019esposizione traccia un compendio dell&#8217;attivit\u00e0 didattica svolta nella sua scuola di pittura di Sansepolcro, a undici anni dall\u2019apertura. <em>\u201cArriviamo a questa mostra alla fine di un anno produttivo e intenso<\/em>\u00a0\u2013 dichiara\u00a0Riccardo Antonelli. \u2013\u00a0<em>\u00c8 un orgoglio vedere una restituzione del percorso svolto sul piano didattico, tecnico e soprattutto umano. Condividere i miei spazi con gli allievi \u00e8 fonte di ispirazione reciproca. Accompagnarli nella crescita e nella quotidianit\u00e0 \u00e8 un privilegio, in un momento storico che ha sempre pi\u00f9 bisogno di bellezza e condivisione\u201d.<\/em> Allestito all&#8217;interno di CasermArcheologica \u2013 uno dei luoghi di rigenerazione urbana a base culturale pi\u00f9 innovativi d&#8217;Italia e sede privilegiata per le arti contemporanee e la cittadinanza attiva \u2013 l&#8217;itinerario si sviluppa attraverso tre aree tematiche:\u00a0ritratto, natura morta e paesaggio.\u00a0<em>\u201cProspettica\u201d<\/em>\u00a0\u00e8 un\u2019esposizione intergenerazionale e senza barriere anagrafiche: adulti che riscoprono una vocazione sopita e approfondiscono la pittura ad acrilico, vengono affiancati da bambini talentuosi, pronti a confrontarsi con il mondo dell&#8217;arte con risultati gi\u00e0 sorprendenti. Nelle stesse pareti espongono creativi provenienti dai territori toscani e umbri della Valtiberina, in un dialogo costruttivo continuo, pronto a sorprendere.<\/p>\n\n\n\n<p>Di seguito l\u2019elenco completo dei partecipanti:<\/p>\n\n\n\n<p>Caterina Amantini, Matilde Amantini, Linda Antonelli, Silvia Baracchi, Valentina Barcacci, Tea Del Barna, Gianmarco Barna, Franco Barni, Arianna Bartolini, Margherita Beduini, Gregorio Belloni, Kristina Bimbi, Marco Bogliari, Chanel Burattini, Livia Cacchionni, Chiara Cameli, Filippo Caneschi, Paola Carletti, Maria Chiara Cardelli, Aurora Casi, Chiara Casi, Matteo Casi, Gabriel Cesile, Martino Cheli, Natascia Crispoltoni, Daniel Deda, Azzurra Dell\u2019Omarino, Maria Chiara Donnini, Gaia Fabbri, Paola Farinelli, Francesca Verdini, Viola Gagnoli Roberti, Raffaella Gennaioli, Manuel Ghignoni, Manuela Grazi, Ludovico Guerrini, Gabriele Innocenti, Francesco Lauciello, Caterina Leonardi, Augusto Manfroni, Viola Manfroni, Lorenzo Martinelli, Giorgia Mattei, Davide Maurizi, Adelfa Mazzoli, Raffaella Menci, Lisa Milanini, Giacomo Mirabucci, Lucrezia Mutti, Giada Oddone, Aurora Pasquetti, Tiziana Piccini, Diego Pieracci, Irene Pittaccio, Alida Polchi, Simona Possenti, Olga Potishuk, Giuliano Pozzesi, Paola Procelli, Cesare Proietti, Francesca Ricci, Mya Rosati, Luna Rossi, Giulia Rumori, Aurora Sabbiotti, Luca Sereni, Leonardo Tagliaferri, Francesco Tarazona, Vittoria Toscana e Anna Vladaj.<\/p>\n","protected":false},"excerpt":{"rendered":"<p>SANSEPOLCRO &#8211; Dal 5 al 20 settembre la CasermArcheologica di Sansepolcro accoglie settanta allievi dello Studio d\u2019arte Antonelli. Sabato 5 settembre, alle ore 17, il vernissage della mostra collettiva di pittura<\/p>\n","protected":false},"author":1,"featured_media":0,"comment_status":"closed","ping_status":"closed","sticky":false,"template":"","format":"standard","meta":[],"categories":[1],"tags":[],"_links":{"self":[{"href":"https:\/\/www.radioribelle.it\/index.php\/wp-json\/wp\/v2\/posts\/3614"}],"collection":[{"href":"https:\/\/www.radioribelle.it\/index.php\/wp-json\/wp\/v2\/posts"}],"about":[{"href":"https:\/\/www.radioribelle.it\/index.php\/wp-json\/wp\/v2\/types\/post"}],"author":[{"embeddable":true,"href":"https:\/\/www.radioribelle.it\/index.php\/wp-json\/wp\/v2\/users\/1"}],"replies":[{"embeddable":true,"href":"https:\/\/www.radioribelle.it\/index.php\/wp-json\/wp\/v2\/comments?post=3614"}],"version-history":[{"count":1,"href":"https:\/\/www.radioribelle.it\/index.php\/wp-json\/wp\/v2\/posts\/3614\/revisions"}],"predecessor-version":[{"id":3616,"href":"https:\/\/www.radioribelle.it\/index.php\/wp-json\/wp\/v2\/posts\/3614\/revisions\/3616"}],"wp:attachment":[{"href":"https:\/\/www.radioribelle.it\/index.php\/wp-json\/wp\/v2\/media?parent=3614"}],"wp:term":[{"taxonomy":"category","embeddable":true,"href":"https:\/\/www.radioribelle.it\/index.php\/wp-json\/wp\/v2\/categories?post=3614"},{"taxonomy":"post_tag","embeddable":true,"href":"https:\/\/www.radioribelle.it\/index.php\/wp-json\/wp\/v2\/tags?post=3614"}],"curies":[{"name":"wp","href":"https:\/\/api.w.org\/{rel}","templated":true}]}}