{"id":3620,"date":"2026-09-02T09:48:00","date_gmt":"2026-09-02T07:48:00","guid":{"rendered":"https:\/\/www.radioribelle.it\/?p=3620"},"modified":"2026-09-01T21:49:36","modified_gmt":"2026-09-01T19:49:36","slug":"la-marzocchina-torna-sulle-strade-del-valdarno-al-via-la-14a-edizione","status":"publish","type":"post","link":"https:\/\/www.radioribelle.it\/index.php\/2026\/09\/02\/la-marzocchina-torna-sulle-strade-del-valdarno-al-via-la-14a-edizione\/","title":{"rendered":"LA MARZOCCHINA TORNA SULLE STRADE DEL VALDARNO: AL VIA LA 14\u00aa EDIZIONE"},"content":{"rendered":"\n<div class=\"wp-block-image\"><figure class=\"alignleft size-large is-resized\"><img loading=\"lazy\" src=\"https:\/\/www.radioribelle.it\/wp-content\/uploads\/2026\/09\/2-1024x768.jpg\" alt=\"\" class=\"wp-image-3621\" width=\"347\" height=\"260\" srcset=\"https:\/\/www.radioribelle.it\/wp-content\/uploads\/2026\/09\/2-1024x768.jpg 1024w, https:\/\/www.radioribelle.it\/wp-content\/uploads\/2026\/09\/2-300x225.jpg 300w, https:\/\/www.radioribelle.it\/wp-content\/uploads\/2026\/09\/2-768x576.jpg 768w, https:\/\/www.radioribelle.it\/wp-content\/uploads\/2026\/09\/2-1536x1152.jpg 1536w, https:\/\/www.radioribelle.it\/wp-content\/uploads\/2026\/09\/2-619x464.jpg 619w, https:\/\/www.radioribelle.it\/wp-content\/uploads\/2026\/09\/2.jpg 1600w\" sizes=\"(max-width: 347px) 100vw, 347px\" \/><\/figure><\/div>\n\n\n\n<p>Domenica 6 settembre partenza da piazza Cavour a San Giovanni Valdarno. Tre percorsi da 27, 43 e 78 chilometri tra borghi, strade bianche e paesaggi del Valdarno. Tra le novit\u00e0 l\u2019arrivo finale da Cecchini Valdarno. Presentato oggi (marted\u00ec 1\u00b0 settembre) il programma completo dell\u2019iniziativa alla Palagina.<br>Biciclette d\u2019epoca, strade bianche, borghi storici e sapori della tradizione toscana.<\/p>\n\n\n\n<!--more-->\n\n\n\n<p>\u00a0Domenica 6 settembre 2026\u00a0torna\u00a0\u201cLa Marzocchina\u201d, la ciclostorica del Valdarno che raggiunge quest\u2019anno la sua\u00a0quattordicesima edizione, confermandosi un appuntamento capace di unire la passione per le due ruote alla scoperta del territorio. Una vera festa dedicata allo sport e alla convivialit\u00e0, organizzata da Pro Loco San Giovanni Valdarno, Valdarno Bike Road ETS e Confcommercio Firenze-Arezzo con il patrocinio della Regione Toscana e dei Comuni di San Giovanni Valdarno, Cavriglia, Figline e Incisa Valdarno, Castelfranco Piandisc\u00f2, Terranuova Bracciolini, Loro Ciuffenna e Reggello.I dettagli della manifestazione sono stati presentati oggi (marted\u00ec 1\u00b0 settembre 2026) durante la conferenza stampa di presentazione che si \u00e8 svolta alla\u00a0Palagina\u00a0di Figline Incisa Valdarno, alla presenza dei\u00a0Sindaci dei Comuni del Valdarno\u00a0coinvolti nell\u2019iniziativa, del direttore generale di Confcommercio Firenze-Arezzo\u00a0Franco Marinoni, delpresidente della delegazione Confcommercio Valdarno Nord\u00a0Paolo Mantovani,\u00a0\u00a0del presidente Valdarno Bike Road ETS\u00a0Francesco Fabbrini\u00a0edegli\u00a0sponsor\u00a0che sostengono l\u2019evento.La Marzocchina, come da tradizione, partir\u00e0 alle ore 8.30 da\u00a0San Giovanni Valdarno in piazza Cavour, dove i partecipanti si metteranno in sella per affrontare uno dei tre percorsi da\u00a0ventisette, quarantatr\u00e9 e settantotto chilometri, studiati per differenti livelli di preparazione e disegnati tra alcuni dei luoghi pi\u00f9 suggestivi della vallata. Tra i passaggi pi\u00f9 caratteristici torna quello all\u2019interno dell\u2019area mineraria Enel di Santa Barbara, tra Cavriglia e Figline e Incisa Valdarno: grazie alla confermata partnership con Enel, i partecipanti dei percorsi medio e lungo potranno attraversare tratti sterrati normalmente chiusi al traffico all\u2019interno di un\u2019area di oltre 1.600 ettari, oggi interessata da un progetto di riqualificazione legato alla sostenibilit\u00e0 ambientale, all\u2019economia circolare e anche alle opportunit\u00e0 offerte dal cicloturismo.La pedalata condurr\u00e0 poi alla scoperta delle\u00a0colline del Chianti\u00a0e dei vigneti che accompagnano le strade di Figline Valdarno, passando per Gaville e Ponte agli Stolli. Tra le tappe previste anche il ristoro alla\u00a0Palagina, fattoria e dimora di Human Company, e il suggestivo passaggio lungo le strade bianche della\u00a0Tenuta Il Palagio, dimora di Sting e della moglie Trudie. Altro scenario protagonista sar\u00e0 la\u00a0Setteponti, una delle strade pi\u00f9 amate dai ciclisti e uno degli itinerari panoramici pi\u00f9 affascinanti della Toscana. Da Reggello il percorso toccher\u00e0 Pian di Sc\u00f2, Castelfranco di Sopra, Terranuova Bracciolini e Loro Ciuffenna, dove sar\u00e0 allestito un ristoro. Una strada che \u00e8 da sempre terreno ideale per tutti i ciclisti del territorio e campo di allenamento di tantissimi campioni del passato e dei nostri giorni, che permetter\u00e0 di vedere borghi e chiese medievali, un paesaggio collinare stupendo e costeggiare le caratteristiche Balze del Valdarno.Tutti gli itinerari avranno come punto conclusivo\u00a0Cecchini Valdarno a San Giovanni Valdarno, con il ristoro finale e una festa tra cibo e musica. I partecipanti dei percorsi corto e medio raggiungeranno San Giovanni Valdarno attraverso la\u00a0Ciclovia dell\u2019Arno, mentre il percorso lungo arriver\u00e0 dalla Penna, nel territorio di Terranuova Bracciolini. La Marzocchina sar\u00e0 inoltre un\u2019occasione per scoprire il patrimonio artistico e culturale del territorio anche per familiari e accompagnatori. Saranno organizzati tour guidati ai musei cittadini e ai principali tesori di San Giovanni Valdarno, a partire dall\u2019Annunciazione del Beato Angelico\u00a0conservata nel Museo della Basilica di Santa Maria delle Grazie.<em>\u00abLa Marzocchina si conferma, anno dopo anno, uno degli appuntamenti pi\u00f9 attesi del calendario cittadino e una manifestazione capace di crescere costantemente, richiamando a San Giovanni Valdarno un numero sempre maggiore di appassionati provenienti da tutta Italia e anche dall&#8217;estero \u2013\u00a0<\/em>afferma il\u00a0sindaco di San Giovanni ValdarnoValentina Vadi<em>\u00a0\u2013. Per la nostra citt\u00e0 \u00e8 motivo di grande orgoglio ospitare una ciclostorica nata proprio a San Giovanni Valdarno e che, anche quest&#8217;anno, avr\u00e0 nel nostro centro storico il suo cuore pulsante con la partenza dai piedi di Palazzo d\u2019Arnolfo e il suggestivo arrivo lungo l&#8217;Arno, da Cecchini Valdarno. La Marzocchina \u00e8 molto pi\u00f9 di una manifestazione sportiva: rappresenta un&#8217;importante occasione per valorizzare il territorio del Valdarno, le sue bellezze paesaggistiche, storiche e culturali, promuovendo al tempo stesso uno stile di vita sano, un turismo lento e sostenibile e la riscoperta delle nostre eccellenze. Desidero rivolgere un sincero ringraziamento agli organizzatori, Valdarno Bike Road ETS, Pro Loco di San Giovanni Valdarno e Confcommercio Firenze-Arezzo, agli sponsor, ai Comuni coinvolti e a tutti i volontari che, con il loro prezioso impegno, contribuiscono ogni anno alla riuscita di questa splendida manifestazione<\/em>\u00bb<em>.<\/em><\/p>\n\n\n\n<p>L\u2019edizione 2026 porter\u00e0 con s\u00e9 alcune novit\u00e0 che interesseranno i percorsi, i punti di ristoro e soprattutto il finale della manifestazione. \u00ab<em>Abbiamo lavorato con grande attenzione per offrire ai partecipanti un\u2019esperienza ancora pi\u00f9 ricca e suggestiva, valorizzando il territorio e le sue eccellenze \u2013\u00a0<\/em>spiega\u00a0Francesco Fabbrini, presidente Valdarno Bike Road ETS<em>\u00a0\u2013. I tracciati permetteranno di scoprire angoli inediti del Valdarno, tra borghi storici, paesaggi collinari e strade bianche che richiamano la vera tradizione del ciclismo d\u2019epoca. Anche i ristori saranno vere tappe di gusto e convivialit\u00e0. La grande novit\u00e0 di quest\u2019anno sar\u00e0 il nuovo arrivo direttamente da Cecchini Valdarno, dove i partecipanti troveranno una vera festa con cibo e musica<\/em>\u00bb.\u00ab<em>Il cicloturismo \u00e8 oggi un segmento in costante crescita, capace di coniugare sport, benessere e sostenibilit\u00e0 ambientale con lo sviluppo dell&#8217;economia del territorio, dalla ricettivit\u00e0 al commercio fino all&#8217;enogastronomia<\/em>\u00bb, sottolinea\u00a0il direttore generale di Confcommercio Firenze-Arezzo, Franco Marinoni. \u00ab<em>Allo stesso tempo, offre ai partecipanti un modo lento e autentico per scoprire il Valdarno Superiore<\/em>\u00bb.\u00ab<em>La Marzocchina \u00e8 ormai molto pi\u00f9 di una manifestazione ciclistica: \u00e8 un&#8217;occasione per raccontare il Valdarno attraverso i suoi borghi, il paesaggio e le sue eccellenze, trasformando una giornata di sport in un&#8217;esperienza di scoperta del territorio<\/em>\u00bb, aggiunge\u00a0Paolo Mantovani, presidente della delegazione Confcommercio Valdarno Nord.In occasione della Marzocchina, inoltre, domenica 6 settembre dalle ore 9:00 alle 12:00 Enel organizza un\u2019apertura straordinaria al pubblico della Centrale di Santa Barbara.\u00a0 L\u2019iniziativa rientra nelle attivit\u00e0 di valorizzazione del territorio promosse nell\u2019ambito dell\u2019importante sostegno dato alla ciclostorica e offrir\u00e0 ai cittadini l\u2019opportunit\u00e0 di conoscere da vicino uno dei pi\u00f9 iconici impianti che contribuiscono alla produzione di energia per il territorio. I visitatori potranno partecipare a tour guidati all\u2019interno della centrale, accompagnati dal personale tecnico di Enel, per scoprire il funzionamento dell\u2019impianto termoelettrico, il ruolo delle fonti energetiche nel percorso di transizione ecologica e il forte legame tra la produzione di energia e lo sviluppo delle comunit\u00e0 locali.Le visite, della durata di un\u2019ora ciascuna per due gruppi di 60 persone. La partecipazione \u00e8 gratuita ma soggetta a\u00a0prenotazione obbligatoria: per accedere all\u2019impianto, infatti, sar\u00e0 necessario registrarsi attraverso il link dedicato\u00a0<a rel=\"noreferrer noopener\" href=\"https:\/\/www.eneleventi.it\/registrazione?lang=IT\" target=\"_blank\"><u>https:\/\/www.eneleventi.it\/registrazione?lang=IT<\/u><\/a>. Per motivi organizzativi e di sicurezza, l\u2019accesso sar\u00e0 consentito esclusivamente ai visitatori accreditati.Il sito Enel di Santa Barbara costituisce un contesto pi\u00f9 unico che raro, dal punto di vista storico e paesaggistico: l\u2019area mineraria, che ospita anche i percorsi della Marzocchina, \u00e8 al centro di\u00a0uno dei pi\u00f9 importanti progetti di riqualificazione a livello nazionale, in chiave di sostenibilit\u00e0 ambientale ed economia circolare, che si declina in numerose opportunit\u00e0 in termini naturalistici, di cicloturismo e ricerca innovativa. Essa sorge a fianco dell\u2019omonima centrale a ciclo combinato, che ha una\u00a0potenza installata di 392 MW\u00a0e costituisce un moderno impianto di produzione elettrica, dotato dei migliori standard tecnico ambientali. L\u2019apertura straordinaria della centrale si inserisce nel programma della\u00a0Marzocchina 2026\u00a0e delle sue numerose iniziative collaterali.Enel, che sar\u00e0\u00a0presente anche con uno stand di Enel Energia\u00a0in piazza a San Giovanni Valdarno per la partenza e l\u2019arrivo della ciclostorica, in collaborazione con le Istituzioni e con il tessuto associativo dei territori, dedica un\u2019attenzione particolare alla\u00a0sostenibilit\u00e0, al turismo e alle iniziative di valorizzazione\u00a0delle zone in cui gli impianti sono inseriti.Per informazioni, percorsi e modalit\u00e0 di partecipazione \u00e8 possibile consultare il sito ufficiale\u00a0<a rel=\"noreferrer noopener\" href=\"http:\/\/www.lamarzocchina.it\/\" target=\"_blank\"><u>www.lamarzocchina.it<\/u><\/a>.<\/p>\n","protected":false},"excerpt":{"rendered":"<p>Domenica 6 settembre partenza da piazza Cavour a San Giovanni Valdarno. Tre percorsi da 27, 43 e 78 chilometri tra borghi, strade bianche e paesaggi del Valdarno. Tra le novit\u00e0 l\u2019arrivo finale da Cecchini Valdarno. Presentato oggi (marted\u00ec 1\u00b0 settembre) il programma completo dell\u2019iniziativa alla Palagina.Biciclette d\u2019epoca, strade bianche, borghi storici e sapori della tradizione [&hellip;]<\/p>\n","protected":false},"author":1,"featured_media":0,"comment_status":"closed","ping_status":"closed","sticky":false,"template":"","format":"standard","meta":[],"categories":[1],"tags":[],"_links":{"self":[{"href":"https:\/\/www.radioribelle.it\/index.php\/wp-json\/wp\/v2\/posts\/3620"}],"collection":[{"href":"https:\/\/www.radioribelle.it\/index.php\/wp-json\/wp\/v2\/posts"}],"about":[{"href":"https:\/\/www.radioribelle.it\/index.php\/wp-json\/wp\/v2\/types\/post"}],"author":[{"embeddable":true,"href":"https:\/\/www.radioribelle.it\/index.php\/wp-json\/wp\/v2\/users\/1"}],"replies":[{"embeddable":true,"href":"https:\/\/www.radioribelle.it\/index.php\/wp-json\/wp\/v2\/comments?post=3620"}],"version-history":[{"count":1,"href":"https:\/\/www.radioribelle.it\/index.php\/wp-json\/wp\/v2\/posts\/3620\/revisions"}],"predecessor-version":[{"id":3622,"href":"https:\/\/www.radioribelle.it\/index.php\/wp-json\/wp\/v2\/posts\/3620\/revisions\/3622"}],"wp:attachment":[{"href":"https:\/\/www.radioribelle.it\/index.php\/wp-json\/wp\/v2\/media?parent=3620"}],"wp:term":[{"taxonomy":"category","embeddable":true,"href":"https:\/\/www.radioribelle.it\/index.php\/wp-json\/wp\/v2\/categories?post=3620"},{"taxonomy":"post_tag","embeddable":true,"href":"https:\/\/www.radioribelle.it\/index.php\/wp-json\/wp\/v2\/tags?post=3620"}],"curies":[{"name":"wp","href":"https:\/\/api.w.org\/{rel}","templated":true}]}}