{"id":36238,"date":"2025-01-07T13:33:00","date_gmt":"2025-01-07T12:33:00","guid":{"rendered":"https:\/\/www.radioribelle.it\/?p=36238"},"modified":"2025-01-09T08:11:37","modified_gmt":"2025-01-09T07:11:37","slug":"opera-seme","status":"publish","type":"post","link":"https:\/\/www.radioribelle.it\/index.php\/2025\/01\/07\/opera-seme\/","title":{"rendered":"Ben venga il piano antibuche da un milione di euro, ma serve molto di pi\u00f9"},"content":{"rendered":"\n<div class=\"wp-block-image\"><figure class=\"alignright size-full is-resized\"><img loading=\"lazy\" src=\"https:\/\/www.radioribelle.it\/wp-content\/uploads\/2023\/03\/fratelli-d-italia-fdi-bandiera-e1662557745668.jpg\" alt=\"\" class=\"wp-image-12566\" width=\"243\" height=\"132\" srcset=\"https:\/\/www.radioribelle.it\/wp-content\/uploads\/2023\/03\/fratelli-d-italia-fdi-bandiera-e1662557745668.jpg 796w, https:\/\/www.radioribelle.it\/wp-content\/uploads\/2023\/03\/fratelli-d-italia-fdi-bandiera-e1662557745668-300x163.jpg 300w, https:\/\/www.radioribelle.it\/wp-content\/uploads\/2023\/03\/fratelli-d-italia-fdi-bandiera-e1662557745668-768x417.jpg 768w, https:\/\/www.radioribelle.it\/wp-content\/uploads\/2023\/03\/fratelli-d-italia-fdi-bandiera-e1662557745668-619x336.jpg 619w\" sizes=\"(max-width: 243px) 100vw, 243px\" \/><\/figure><\/div>\n\n\n\n<p>Fratelli d&#8217;Italia Arezzo gruppo consiliare: ben venga il piano antibuche da un milione di euro, ma serve molto di pi\u00f9.\u00a0 Fratelli d&#8217;Italia Arezzo accoglie con favore il piano antibuche dell&#8217;assessore Casi da un milione di euro ma, negli incontri tra giunta e gruppi consiliari,<\/p>\n\n\n\n<!--more-->\n\n\n\n<p> Fdi chiede da che l&#8217;attenzione della giunta vada spostata, a questo punto della legislatura, quasi esclusivamente sulla manutenzione della citt\u00e0 nella sua interezza. Tante opere pubbliche sono state fatte ed alcune sono in corso di realizzazione, di cui un paio presentano delle criticit\u00e0 da risolvere al pi\u00f9 presto; ma a questo punto della legislatura \u00e8 necessario non porre mano a nuove opere ma completare quelle avviate e soprattutto dare la maggior parte dell&#8217;attenzione e focalizzare l&#8217;attivit\u00e0 della macchina comunale sulla manutenzione. Chiunque parli con la gente percepisce la soddisfazione per le opere in corso in citt\u00e0, ma chiede ancor pi\u00f9 manutenzione rispetto a quella fatta fino ad oggi.\u00a0In tutto ci\u00f2, Fratelli d&#8217;Italia non pu\u00f2 che esprimere il proprio gradimento per una citt\u00e0 che con una profonda opera di manutenzione possa mostrare il meglio di s\u00e9 a cittadini e turisti.<br>Fratelli d&#8217;Italia &#8211; gruppo consiliare di Arezzo<\/p>\n","protected":false},"excerpt":{"rendered":"<p>Fratelli d&#8217;Italia Arezzo gruppo consiliare: ben venga il piano antibuche da un milione di euro, ma serve molto di pi\u00f9.\u00a0 Fratelli d&#8217;Italia Arezzo accoglie con favore il piano antibuche dell&#8217;assessore Casi da un milione di euro ma, negli incontri tra giunta e gruppi consiliari,<\/p>\n","protected":false},"author":1,"featured_media":0,"comment_status":"open","ping_status":"open","sticky":false,"template":"","format":"standard","meta":{"_joinchat":[]},"categories":[1],"tags":[],"_links":{"self":[{"href":"https:\/\/www.radioribelle.it\/index.php\/wp-json\/wp\/v2\/posts\/36238"}],"collection":[{"href":"https:\/\/www.radioribelle.it\/index.php\/wp-json\/wp\/v2\/posts"}],"about":[{"href":"https:\/\/www.radioribelle.it\/index.php\/wp-json\/wp\/v2\/types\/post"}],"author":[{"embeddable":true,"href":"https:\/\/www.radioribelle.it\/index.php\/wp-json\/wp\/v2\/users\/1"}],"replies":[{"embeddable":true,"href":"https:\/\/www.radioribelle.it\/index.php\/wp-json\/wp\/v2\/comments?post=36238"}],"version-history":[{"count":2,"href":"https:\/\/www.radioribelle.it\/index.php\/wp-json\/wp\/v2\/posts\/36238\/revisions"}],"predecessor-version":[{"id":36279,"href":"https:\/\/www.radioribelle.it\/index.php\/wp-json\/wp\/v2\/posts\/36238\/revisions\/36279"}],"wp:attachment":[{"href":"https:\/\/www.radioribelle.it\/index.php\/wp-json\/wp\/v2\/media?parent=36238"}],"wp:term":[{"taxonomy":"category","embeddable":true,"href":"https:\/\/www.radioribelle.it\/index.php\/wp-json\/wp\/v2\/categories?post=36238"},{"taxonomy":"post_tag","embeddable":true,"href":"https:\/\/www.radioribelle.it\/index.php\/wp-json\/wp\/v2\/tags?post=36238"}],"curies":[{"name":"wp","href":"https:\/\/api.w.org\/{rel}","templated":true}]}}