{"id":3624,"date":"2026-09-02T17:23:00","date_gmt":"2026-09-02T15:23:00","guid":{"rendered":"https:\/\/www.radioribelle.it\/?p=3624"},"modified":"2026-09-02T13:24:05","modified_gmt":"2026-09-02T11:24:05","slug":"casentino-la-dottoressa-marzia-sandroni-riconfermata-alla-guida-della-zona-distretto","status":"publish","type":"post","link":"https:\/\/www.radioribelle.it\/index.php\/2026\/09\/02\/casentino-la-dottoressa-marzia-sandroni-riconfermata-alla-guida-della-zona-distretto\/","title":{"rendered":"Casentino, la dottoressa Marzia Sandroni riconfermata alla guida della Zona Distretto"},"content":{"rendered":"\n<div class=\"wp-block-image\"><figure class=\"alignright size-large is-resized\"><img loading=\"lazy\" src=\"https:\/\/www.radioribelle.it\/wp-content\/uploads\/2026\/09\/SandroniMarzia_DirettriceZonaDistrettoValdarno-1024x683.jpeg\" alt=\"\" class=\"wp-image-3625\" width=\"167\" height=\"111\" srcset=\"https:\/\/www.radioribelle.it\/wp-content\/uploads\/2026\/09\/SandroniMarzia_DirettriceZonaDistrettoValdarno-1024x683.jpeg 1024w, https:\/\/www.radioribelle.it\/wp-content\/uploads\/2026\/09\/SandroniMarzia_DirettriceZonaDistrettoValdarno-300x200.jpeg 300w, https:\/\/www.radioribelle.it\/wp-content\/uploads\/2026\/09\/SandroniMarzia_DirettriceZonaDistrettoValdarno-768x512.jpeg 768w, https:\/\/www.radioribelle.it\/wp-content\/uploads\/2026\/09\/SandroniMarzia_DirettriceZonaDistrettoValdarno-619x413.jpeg 619w, https:\/\/www.radioribelle.it\/wp-content\/uploads\/2026\/09\/SandroniMarzia_DirettriceZonaDistrettoValdarno.jpeg 1440w\" sizes=\"(max-width: 167px) 100vw, 167px\" \/><\/figure><\/div>\n\n\n\n<p><em>La nomina, decisa dal Dg Torre d\u2019intesa con i Sindaci, \u00e8 stata formalizzata con la delibera del 31 agosto<\/em><\/p>\n\n\n\n<p>Sar\u00e0 la dottoressa Marzia Sandroni a guidare per altri tre anni la Zona Distretto Casentino. La decisione \u00e8 stata formalizzata il 31 agosto con la delibera n\u00b0935 firmata dal direttore generale Marco Torre.<\/p>\n\n\n\n<!--more-->\n\n\n\n<p><br>La nomina \u00e8 stata assunta d\u2019intesa con i Sindaci della Zona Distretto Casentino che hanno espresso il proprio assenso alla conferma della dottoressa Sandroni, alla guida del Distretto dal 16 settembre 2023. \u00abAccolgo questa riconferma con soddisfazione e con un forte senso di responsabilit\u00e0 \u2013 dichiara la dottoressa Marzia Sandroni -. Ringrazio il direttore generale Marco Torre e la Conferenza zonale dei Sindaci per la fiducia che mi hanno rinnovato, una fiducia che considero anche il risultato del rapporto costruito in questi tre anni attraverso il confronto, l\u2019ascolto e il lavoro condiviso. In Casentino abbiamo cercato di coniugare innovazione e concretezza, sperimentando nuove risposte ma soprattutto trasformandole in servizi e opportunit\u00e0 reali per i cittadini. \u00c8 su questa strada che intendo proseguire e migliorare: innovare partendo dai bisogni, rafforzare la prossimit\u00e0 e rendere sempre pi\u00f9 concreta e accessibile la risposta del sistema sanitario e sociosanitario. So di poter contare \u2013 conclude Sandroni &#8211; su professionisti competenti e appassionati, su amministratori attenti e su una comunit\u00e0 attiva e coesa. Fiducia, ascolto, prossimit\u00e0 e capacit\u00e0 di dare risposte concrete saranno le direttrici del lavoro del prossimo triennio\u00bb.<\/p>\n","protected":false},"excerpt":{"rendered":"<p>La nomina, decisa dal Dg Torre d\u2019intesa con i Sindaci, \u00e8 stata formalizzata con la delibera del 31 agosto Sar\u00e0 la dottoressa Marzia Sandroni a guidare per altri tre anni la Zona Distretto Casentino. La decisione \u00e8 stata formalizzata il 31 agosto con la delibera n\u00b0935 firmata dal direttore generale Marco Torre.<\/p>\n","protected":false},"author":1,"featured_media":0,"comment_status":"closed","ping_status":"closed","sticky":false,"template":"","format":"standard","meta":[],"categories":[1],"tags":[],"_links":{"self":[{"href":"https:\/\/www.radioribelle.it\/index.php\/wp-json\/wp\/v2\/posts\/3624"}],"collection":[{"href":"https:\/\/www.radioribelle.it\/index.php\/wp-json\/wp\/v2\/posts"}],"about":[{"href":"https:\/\/www.radioribelle.it\/index.php\/wp-json\/wp\/v2\/types\/post"}],"author":[{"embeddable":true,"href":"https:\/\/www.radioribelle.it\/index.php\/wp-json\/wp\/v2\/users\/1"}],"replies":[{"embeddable":true,"href":"https:\/\/www.radioribelle.it\/index.php\/wp-json\/wp\/v2\/comments?post=3624"}],"version-history":[{"count":1,"href":"https:\/\/www.radioribelle.it\/index.php\/wp-json\/wp\/v2\/posts\/3624\/revisions"}],"predecessor-version":[{"id":3626,"href":"https:\/\/www.radioribelle.it\/index.php\/wp-json\/wp\/v2\/posts\/3624\/revisions\/3626"}],"wp:attachment":[{"href":"https:\/\/www.radioribelle.it\/index.php\/wp-json\/wp\/v2\/media?parent=3624"}],"wp:term":[{"taxonomy":"category","embeddable":true,"href":"https:\/\/www.radioribelle.it\/index.php\/wp-json\/wp\/v2\/categories?post=3624"},{"taxonomy":"post_tag","embeddable":true,"href":"https:\/\/www.radioribelle.it\/index.php\/wp-json\/wp\/v2\/tags?post=3624"}],"curies":[{"name":"wp","href":"https:\/\/api.w.org\/{rel}","templated":true}]}}