{"id":3631,"date":"2026-09-02T16:05:00","date_gmt":"2026-09-02T14:05:00","guid":{"rendered":"https:\/\/www.radioribelle.it\/?p=3631"},"modified":"2026-09-02T14:00:13","modified_gmt":"2026-09-02T12:00:13","slug":"palazzo-vitelli-a-santegidio-la-xxvi-edizione-della-mostra-mercato-nazionale-del-libro-antico-e-della-stampa","status":"publish","type":"post","link":"https:\/\/www.radioribelle.it\/index.php\/2026\/09\/02\/palazzo-vitelli-a-santegidio-la-xxvi-edizione-della-mostra-mercato-nazionale-del-libro-antico-e-della-stampa\/","title":{"rendered":"Palazzo Vitelli a Sant\u2019Egidio, la\u00a0XXVI edizione della Mostra mercato nazionale del libro antico e della stampa"},"content":{"rendered":"\n<div class=\"wp-block-image\"><figure class=\"alignleft size-large is-resized\"><img loading=\"lazy\" src=\"https:\/\/www.radioribelle.it\/wp-content\/uploads\/2026\/09\/Mostra-del-Libro-1024x683.jpg\" alt=\"\" class=\"wp-image-3632\" width=\"281\" height=\"187\" srcset=\"https:\/\/www.radioribelle.it\/wp-content\/uploads\/2026\/09\/Mostra-del-Libro-1024x683.jpg 1024w, https:\/\/www.radioribelle.it\/wp-content\/uploads\/2026\/09\/Mostra-del-Libro-300x200.jpg 300w, https:\/\/www.radioribelle.it\/wp-content\/uploads\/2026\/09\/Mostra-del-Libro-768x512.jpg 768w, https:\/\/www.radioribelle.it\/wp-content\/uploads\/2026\/09\/Mostra-del-Libro-1536x1024.jpg 1536w, https:\/\/www.radioribelle.it\/wp-content\/uploads\/2026\/09\/Mostra-del-Libro-2048x1365.jpg 2048w, https:\/\/www.radioribelle.it\/wp-content\/uploads\/2026\/09\/Mostra-del-Libro-619x413.jpg 619w\" sizes=\"(max-width: 281px) 100vw, 281px\" \/><\/figure><\/div>\n\n\n\n<p><em>Da venerd\u00ec 4 a domenica 6 settembre, a Citt\u00e0 di Castello, nella splendida cornice rinascimentale di Palazzo Vitelli a Sant\u2019Egidio, la\u00a0<\/em>XXVI edizione della Mostra mercato nazionale del libro antico e della stampa antica\u00a0<em>sar\u00e0 il punto di riferimento della bibliofilia nazionale e internazionale, con 40 espositori distribuiti il 30 stand, tra i pi\u00f9 qualificati del panorama nazionale.<\/em><\/p>\n\n\n\n<!--more-->\n\n\n\n<p>\u00a0Apre il ciclo delle grandi rassegne dedicate al libro e alla stampa antica e ne anticipa per certi aspetti alcune peculiarit\u00e0 e tendenze di un settore in continua crescita Pagine da sfogliare e ammirare. Chi \u00e8 appassionato e cultore di libri di grandi autori che hanno fatto la storia dell\u2019editoria in edizioni rarissime e cercate in tutto il mondo, chi apprezza l\u2019emozione di tenere in mano e sfogliare pagine che hanno segnato di inchiostro i secoli, sa cosa significa toccare con mano le pubblicazioni a stampa e lo straordinario fascino delle miniature come hanno fatto papi e sovrani di un tempo e desidera anche acquistare i pezzi introvabili che mancano alla propria collezione dopo ricerche senza sosta, ha un\u2019unica tappa in Italia in questo fine settimana.\u00a0<em>Da venerd\u00ec 4 a domenica 6 settembre, a Citt\u00e0 di Castello, nella splendida cornice rinascimentale di Palazzo Vitelli a Sant\u2019Egidio, la\u00a0<\/em>XXVI edizione della Mostra mercato nazionale del libro antico e della stampa antica\u00a0(promossa dall\u2019Associazione Palazzo Vitelli a Sant\u2019Egidio, con i patrocini di comune, regione, fondazione cassa di risparmio di citt\u00e0 di castello)\u00a0<em>sar\u00e0 il punto di riferimento della bibliofilia nazionale e internazionale, con 40 espositori distribuiti il 30 stand, tra i pi\u00f9 qualificati del panorama nazionale.<\/em>\u00a0Gli appassionati potranno vedere dal vivo volumi d\u2019epoca, opere originali di alto livello e garantite, cartografiche e vedutistica di pregio, codici manoscritti e miniati, incunaboli, testi scientifici, rare prime edizioni letterarie, incisioni di antichi maestri, grafica moderna di artisti di livello internazionale. L\u2019esposizione, che pu\u00f2 essere visitata a ingresso libero, si aprir\u00e0\u00a0venerdi 4 settembre\u00a0dalle ore 13.00 alle ore 19.30, mentre\u00a0sabato 5 settembre\u00a0e\u00a0domenica 6 settembre\u00a0sar\u00e0 a disposizione del pubblico dalle ore 9.30 alle ore 19.30.\u00a0<em>A far sognare i bibliofili che sono attesi da tutta Italia e anche dall\u2019estero ci saranno pezzi in vetrina di rarissimi e di grande valore\u00a0<\/em>selezionati dal coordinatore scientifico<em>\u00a0<\/em>e curatore della mostra\u00a0<em>Giancarlo Mezzetti<\/em>\u00a0con il presidente dell\u2019associazione Palazzo Vitelli a Sant\u2019Egidio\u00a0<em>Fabio Nisi.<\/em><br>Accanto al meglio della produzione libraria, autentiche rarit\u00e0 dell\u2019incisione e della cartografia provenienti da tutto il mondo anche una inedita sezione, la prima in Italia di questo genere dedicata alle Sante e Beate Francescane presso il Monastero di clausura di Santa Veronica Giuliani. La manifestazione, fra le prime del settore a livello nazionale, punta a conservare la memoria e di valorizzare il pregio delle opere dell&#8217;ingegno e dell&#8217;arte lasciate nella storia da importanti autori letterari, maestri incisori e cartografi. Fra le rarit\u00e0 delle opere in vetrina, \u201cGrafica multipli\u201d: Alberto Burri, due cretti neri e il grande nero, Picasso, due grafiche, Miro\u2019, una litho, Albrecht Durer tre xilografie. E poi una sezione riservata ad opere scientifiche con Newton, Ren\u00e8 Descartes, Robert Boyle, Cristoforo Clavio, Euclide, Biringuccio.\u00a0\u00a0Ed ancora un Libro d\u2019Ore (Giuseppe Solmi studio bibliografico, nella foto), autentica perla della storia, stampato da Antoine Verrard a Parigi nel 1510 e poi miniato: un ibrido tra manoscritto e stampa. Contiene 18 immagini miniate grandi e 29 pi\u00f9 piccole, quotato oltre 20mila euro. E poi tre rarissime edizioni su rame dei primi sec. XVI (Muro di Tessa \u2013 Milano), Durante Castore (Gualdo Tadino, 1529 \u2013 Viterbo 1590), Herbario novo di Castore Durante, medico, Chartolarivs Perugia, insieme di opere scientifiche rare. Clavio, Biringuccio, Joannes de Sacrobosco. Con la sua mostra Citt\u00e0 di Castello apre di fatto, dopo la pausa estiva, il ciclo delle grandi rassegne dedicate al libro e alla stampa antica e ne anticipa per certi aspetti alcune peculiarit\u00e0 e tendenze di un settore in continua crescita come conferma\u00a0Gabriele Maspero, presidente,\u00a0A.L.A.I.\u00a0(\u00a0Associazione Librai Antiquari d&#8217;Italia),\u00a0fondata nel 1947, che raggruppa attualmente 101 librerie sparse su tutto il territorio nazionale.\u00a0\u00a0\u00a0\u201cLa Mostra del Libro Antico di Citt\u00e0 di Castello, svolgendosi a fine estate, apre la nuova stagione dell\u2019antiquariato librario e ne segnala le tendenze: molti operatori ne osservano affluenza e riscontri per pronosticare l&#8217;andamento dell&#8217;autunno.<br>Da anni \u2013 precisa Maspero &#8211; \u00e8 punto di riferimento nell&#8217;Italia centrale, una manifestazione sempre squisitamente allestita da un&#8217;amministrazione comunale attenta e professionale e figure chiave come Giancarlo Mezzetti, anima dell&#8217;evento con la sua esperienza e dedizione.<br>Il weekend \u00e8 fondamentale per mantenere una relazione diretta tra librai e collezionisti. La passione per il libro antico va oltre la semplice compravendita e non si esaurisce nel commercio elettronico: richiede presenza, contatto e scambio personale. E oggi questo evento \u00e8 anche un\u2019interessante risposta locale alle notizie sovranazionali dei libri al macero per l&#8217;addestramento delle intelligenze artificiali. La tutela del libro raro non dipende solo dalle leggi, in Italia gi\u00e0 rigidissime, ma soprattutto dalla vivacit\u00e0 della comunit\u00e0 dei bibliofili: un legame con l&#8217;oggetto fisico che continua a preservarlo dal rischio di distruzione o svalutazione\u201d, ha concluso\u00a0<strong>\u00a0Maspero.\u00a0<\/strong>Come \u00e8 ormai tradizione la rassegna ad ogni edizione intende ricordare un personaggio che appartiene alla storia della citt\u00e0. E\u2019 la volta di Veronica Giuliani, badessa del monastero delle clarisse cappuccine di citt\u00e0 di castello (appartenente al secondo ordine francescano) proclamata santa da Papa Gregorio XVI nel 1839, della quale peraltro l\u2019anno prossimo si celebrer\u00e0 il terzo centenario della morte. Sabato 5 settembre alle ore 17:30 verr\u00e0 inaugurata la mostra all\u2019interno del chiostro del Monastero Santa Veronica Giuliani. Proprio per la presenza di una comunit\u00e0 di Sorelle Cappuccine, \u00e8 sembrato opportuno agli organizzatori della Mostra del Libro antico che l\u2019esposizione di questi testi avvenisse all\u2019interno del Monastero: i libri antichi che verranno esposti, non raccontano soltanto un glorioso passato, ma sono testimoni di un passaggio di consegne che \u00e8 arrivato fino a noi oggi attraverso la presenza viva e vitale di donne che hanno scelto di abbracciare il Vangelo come fecero Francesco e Chiara 800 anni fa. I testi che provengono dall\u2019archivio del Monastero Santa Veronica Giuliani, dall\u2019Archivio diocesano e dalla collezione privata dell\u2019Avvocato Paolo Tiezzi. Il titolo che \u00e8 stato dato all\u2019evento \u00e8 \u201cDonne di Dio tra silenzio e parola\u201d. Interverr\u00e0 Alessandra Bartolomei Romagnoli, docente di Storia della vita religiosa e Letteratura agiografica e mistica nella Pontificia Universit\u00e0 Gregoriana. La professoressa offrir\u00e0 un contributo di alto livello sul tema: Mistiche francescane, tra Medioevo ed Et\u00e0 moderna. A completare questo viaggio all\u2019interno dell\u2019universo femminile francescano, ci sar\u00e0 l\u2019esposizione di preziose incisioni antiche insieme ad alcuni acquerelli dei luoghi francescani presenti nell\u2019Alta Valle del Tevere. \u201cCon l&#8217;occasione dell&#8217;omaggio a Santa Veronica Giuliani l&#8217;Associazione Palazzo Vitelli a Sant&#8217;Egidio \u2013 ha dichiarato il presidente, Fabio Nisi, &#8211; intende anche sottolineare che le sante francescane furono capaci di crearsi spazi di autonomia spirituale e intellettuale all&#8217;interno di una chiesa fortemente gerarchica. D&#8217;altra parte i Gender Studios, a proposito delle sante francescane, richiamano la rottura degli schemi di genere e ridiscutono la classica visione della subordinazione della donna all&#8217;uomo nell&#8217;ordine francescano, considerando piuttosto &#8220;collaborazioni spirituali paritarie&#8221; relazioni come ad esempio quella fra San Francesco e Santa Chiara.\u201d Nell\u2019ambito dei festeggiamenti del centenario della libreria editrice Paci La Tifernate sar\u00e0 presente un \u201cassaggio\u201d della mostra 100 anni di storia di libri belli, gi\u00e0 allestita a giugno presso la biblioteca \u201cCarducci\u201d con alcuni volumi pubblicati nel corso di un secolo di storia. Inoltre sabato 5 settembre alle ore 21 in Piazza Matteotti davanti alle vetrine della libreria sar\u00e0 presentata la conferenza spettacolo, Storie di libri, le avventure di pinocchio e i promessi sposi della libreria paci la tifernate, vicende, vite, passioni e saperi attorno alla ristampa di due grandi classici di e con Enrico Paci e le musiche originali di Tarek Komin. La mostra mercato nazionale del libro antico e della stampa antica, prender\u00e0 il via venerdi 4 settembre con apertura stand dalle ore 13 alle ore 19,30 e sar\u00e0 inaugurata ufficialmente sabato 5 settembre alle ore 9,30 alla presenza del presidente dell\u2019Associazione Palazzo Vitelli a Sant&#8217;Egidio, Fabio Nisi, del sindaco, Luca Secondi, dell\u2019assessore al turismo e commercio, Letizia Guerri e di rappresentanti istituzionali regionali e nazionali.<\/p>\n\n\n\n<p>Apertura Venerdi 4 settembre. Sabato 5 settembre dalle ore 9,30 alle ore 19,30 e domenica 6 settembre dalle ore 9,30 alle ore 19,30. <\/p>\n","protected":false},"excerpt":{"rendered":"<p>Da venerd\u00ec 4 a domenica 6 settembre, a Citt\u00e0 di Castello, nella splendida cornice rinascimentale di Palazzo Vitelli a Sant\u2019Egidio, la\u00a0XXVI edizione della Mostra mercato nazionale del libro antico e della stampa antica\u00a0sar\u00e0 il punto di riferimento della bibliofilia nazionale e internazionale, con 40 espositori distribuiti il 30 stand, tra i pi\u00f9 qualificati del panorama [&hellip;]<\/p>\n","protected":false},"author":1,"featured_media":0,"comment_status":"closed","ping_status":"closed","sticky":false,"template":"","format":"standard","meta":[],"categories":[1],"tags":[],"_links":{"self":[{"href":"https:\/\/www.radioribelle.it\/index.php\/wp-json\/wp\/v2\/posts\/3631"}],"collection":[{"href":"https:\/\/www.radioribelle.it\/index.php\/wp-json\/wp\/v2\/posts"}],"about":[{"href":"https:\/\/www.radioribelle.it\/index.php\/wp-json\/wp\/v2\/types\/post"}],"author":[{"embeddable":true,"href":"https:\/\/www.radioribelle.it\/index.php\/wp-json\/wp\/v2\/users\/1"}],"replies":[{"embeddable":true,"href":"https:\/\/www.radioribelle.it\/index.php\/wp-json\/wp\/v2\/comments?post=3631"}],"version-history":[{"count":1,"href":"https:\/\/www.radioribelle.it\/index.php\/wp-json\/wp\/v2\/posts\/3631\/revisions"}],"predecessor-version":[{"id":3633,"href":"https:\/\/www.radioribelle.it\/index.php\/wp-json\/wp\/v2\/posts\/3631\/revisions\/3633"}],"wp:attachment":[{"href":"https:\/\/www.radioribelle.it\/index.php\/wp-json\/wp\/v2\/media?parent=3631"}],"wp:term":[{"taxonomy":"category","embeddable":true,"href":"https:\/\/www.radioribelle.it\/index.php\/wp-json\/wp\/v2\/categories?post=3631"},{"taxonomy":"post_tag","embeddable":true,"href":"https:\/\/www.radioribelle.it\/index.php\/wp-json\/wp\/v2\/tags?post=3631"}],"curies":[{"name":"wp","href":"https:\/\/api.w.org\/{rel}","templated":true}]}}